{"id":12098,"date":"2022-10-31T12:21:30","date_gmt":"2022-10-31T11:21:30","guid":{"rendered":"http:\/\/lapidarium.fundacja-hereditas.pl\/?p=12098"},"modified":"2023-01-24T15:44:08","modified_gmt":"2023-01-24T14:44:08","slug":"kamienica-ul-mokotowska-50-warszawa","status":"publish","type":"post","link":"http:\/\/lapidarium.fundacja-hereditas.pl\/index.php\/2022\/10\/31\/kamienica-ul-mokotowska-50-warszawa\/","title":{"rendered":"Kamienica ul. Mokotowska 50, Warszawa"},"content":{"rendered":"\n<p>Kamienica wzniesiona kr\u00f3tko po 1897 r. dla Edmunda i W\u0142adys\u0142awa Dietz\u00f3w. Obiekt stanowi doskona\u0142y przyk\u0142ad eklektyzmu &#8211; elementy dekoracyjne zaczerpni\u0119to z r\u00f3\u017cnych epok. Dom zaprojektowany solidnie, jednak jeszcze w epoce drewnianych strop\u00f3w, na co warto zwr\u00f3ci\u0107 uwag\u0119, jako \u017ce zachowa\u0142 si\u0119 on do naszych czas\u00f3w w dobrym stanie technicznym. Przejazd bramny zdobiony fryzem z dekoracyjnymi gipsowymi <em>panneaux<\/em> z motywami prac i zabaw dzieci. Na g\u0142\u00f3wnej klatce schodowej przetrwa\u0142y ok\u0142adziny stopni schod\u00f3w i podest\u00f3w pi\u0119ter oraz p\u00f3\u0142pi\u0119ter (marmur Carrara bianco ordinario, na spocznikach miejscami silnie sp\u0119kany), kuta balustrada z drewnianym pochwytem, stolarka drzwiowa, gipsowe supraporty. Kuchenna klatka schodowa drewniana. Obiekt wpisany do rejestru zabytk\u00f3w (1460-A, 1990-03-23).<\/p>\n\n\n\n<figure class=\"wp-block-gallery has-nested-images columns-default is-cropped wp-block-gallery-1 is-layout-flex wp-block-gallery-is-layout-flex\">\n<figure class=\"wp-block-image size-large\"><a href=\"http:\/\/lapidarium.fundacja-hereditas.pl\/wp-content\/uploads\/2022\/10\/Wojciech_Kmiec_Mokotowska_50_elewacja_frontowa.jpg\"><img loading=\"lazy\" decoding=\"async\" width=\"2265\" height=\"1964\" data-id=\"11084\" src=\"http:\/\/lapidarium.fundacja-hereditas.pl\/wp-content\/uploads\/2022\/10\/Wojciech_Kmiec_Mokotowska_50_elewacja_frontowa.jpg\" alt=\"Fasada - widok og\u00f3lny od strony ulicy. Fot. Wojciech Kmie\u0107 2022 r., \u017ar\u00f3d\u0142o: AOD III.\" class=\"wp-image-11084\" srcset=\"http:\/\/lapidarium.fundacja-hereditas.pl\/wp-content\/uploads\/2022\/10\/Wojciech_Kmiec_Mokotowska_50_elewacja_frontowa.jpg 2265w, http:\/\/lapidarium.fundacja-hereditas.pl\/wp-content\/uploads\/2022\/10\/Wojciech_Kmiec_Mokotowska_50_elewacja_frontowa-300x260.jpg 300w, http:\/\/lapidarium.fundacja-hereditas.pl\/wp-content\/uploads\/2022\/10\/Wojciech_Kmiec_Mokotowska_50_elewacja_frontowa-1024x888.jpg 1024w, http:\/\/lapidarium.fundacja-hereditas.pl\/wp-content\/uploads\/2022\/10\/Wojciech_Kmiec_Mokotowska_50_elewacja_frontowa-768x666.jpg 768w, http:\/\/lapidarium.fundacja-hereditas.pl\/wp-content\/uploads\/2022\/10\/Wojciech_Kmiec_Mokotowska_50_elewacja_frontowa-1536x1332.jpg 1536w, http:\/\/lapidarium.fundacja-hereditas.pl\/wp-content\/uploads\/2022\/10\/Wojciech_Kmiec_Mokotowska_50_elewacja_frontowa-2048x1776.jpg 2048w, http:\/\/lapidarium.fundacja-hereditas.pl\/wp-content\/uploads\/2022\/10\/Wojciech_Kmiec_Mokotowska_50_elewacja_frontowa-150x130.jpg 150w, http:\/\/lapidarium.fundacja-hereditas.pl\/wp-content\/uploads\/2022\/10\/Wojciech_Kmiec_Mokotowska_50_elewacja_frontowa-696x604.jpg 696w, http:\/\/lapidarium.fundacja-hereditas.pl\/wp-content\/uploads\/2022\/10\/Wojciech_Kmiec_Mokotowska_50_elewacja_frontowa-1068x926.jpg 1068w, http:\/\/lapidarium.fundacja-hereditas.pl\/wp-content\/uploads\/2022\/10\/Wojciech_Kmiec_Mokotowska_50_elewacja_frontowa-1920x1665.jpg 1920w\" sizes=\"auto, (max-width: 2265px) 100vw, 2265px\" \/><\/a><figcaption class=\"wp-element-caption\">Fasada &#8211; widok og\u00f3lny od strony ulicy. Fot. Wojciech Kmie\u0107 2022 r., \u017ar\u00f3d\u0142o: AOD III.<\/figcaption><\/figure>\n\n\n\n<figure class=\"wp-block-image size-large\"><a href=\"http:\/\/lapidarium.fundacja-hereditas.pl\/wp-content\/uploads\/2022\/10\/MM_Warszawa_Mokotowska50_03_elewacjafrontowa-scaled.jpg\"><img loading=\"lazy\" decoding=\"async\" width=\"1954\" height=\"2560\" data-id=\"11054\" src=\"http:\/\/lapidarium.fundacja-hereditas.pl\/wp-content\/uploads\/2022\/10\/MM_Warszawa_Mokotowska50_03_elewacjafrontowa-scaled.jpg\" alt=\"Elewacja frontowa. \u015arodkowa cz\u0119\u015b\u0107 fasady. Fot. Mariusz Majewski 2022 r., \u017ar\u00f3d\u0142o: AOD III.\" class=\"wp-image-11054\" srcset=\"http:\/\/lapidarium.fundacja-hereditas.pl\/wp-content\/uploads\/2022\/10\/MM_Warszawa_Mokotowska50_03_elewacjafrontowa-scaled.jpg 1954w, http:\/\/lapidarium.fundacja-hereditas.pl\/wp-content\/uploads\/2022\/10\/MM_Warszawa_Mokotowska50_03_elewacjafrontowa-229x300.jpg 229w, http:\/\/lapidarium.fundacja-hereditas.pl\/wp-content\/uploads\/2022\/10\/MM_Warszawa_Mokotowska50_03_elewacjafrontowa-781x1024.jpg 781w, http:\/\/lapidarium.fundacja-hereditas.pl\/wp-content\/uploads\/2022\/10\/MM_Warszawa_Mokotowska50_03_elewacjafrontowa-768x1006.jpg 768w, http:\/\/lapidarium.fundacja-hereditas.pl\/wp-content\/uploads\/2022\/10\/MM_Warszawa_Mokotowska50_03_elewacjafrontowa-1172x1536.jpg 1172w, http:\/\/lapidarium.fundacja-hereditas.pl\/wp-content\/uploads\/2022\/10\/MM_Warszawa_Mokotowska50_03_elewacjafrontowa-1563x2048.jpg 1563w, http:\/\/lapidarium.fundacja-hereditas.pl\/wp-content\/uploads\/2022\/10\/MM_Warszawa_Mokotowska50_03_elewacjafrontowa-150x197.jpg 150w, http:\/\/lapidarium.fundacja-hereditas.pl\/wp-content\/uploads\/2022\/10\/MM_Warszawa_Mokotowska50_03_elewacjafrontowa-300x393.jpg 300w, http:\/\/lapidarium.fundacja-hereditas.pl\/wp-content\/uploads\/2022\/10\/MM_Warszawa_Mokotowska50_03_elewacjafrontowa-696x912.jpg 696w, http:\/\/lapidarium.fundacja-hereditas.pl\/wp-content\/uploads\/2022\/10\/MM_Warszawa_Mokotowska50_03_elewacjafrontowa-1068x1400.jpg 1068w, http:\/\/lapidarium.fundacja-hereditas.pl\/wp-content\/uploads\/2022\/10\/MM_Warszawa_Mokotowska50_03_elewacjafrontowa-1920x2516.jpg 1920w\" sizes=\"auto, (max-width: 1954px) 100vw, 1954px\" \/><\/a><figcaption class=\"wp-element-caption\">Elewacja frontowa. \u015arodkowa cz\u0119\u015b\u0107 fasady. Fot. Mariusz Majewski 2022 r., \u017ar\u00f3d\u0142o: AOD III.<\/figcaption><\/figure>\n\n\n\n<figure class=\"wp-block-image size-large\"><a href=\"http:\/\/lapidarium.fundacja-hereditas.pl\/wp-content\/uploads\/2022\/10\/MM_Warszawa_Mokotowska50_04_elewacjafrontowa_wejscie-scaled.jpg\"><img loading=\"lazy\" decoding=\"async\" width=\"1957\" height=\"2560\" data-id=\"11055\" src=\"http:\/\/lapidarium.fundacja-hereditas.pl\/wp-content\/uploads\/2022\/10\/MM_Warszawa_Mokotowska50_04_elewacjafrontowa_wejscie-scaled.jpg\" alt=\"Elewacja frontowa. Ozdobny, reprezentacyjny balkon I-go pi\u0119tra. Fot. Mariusz Majewski 2022 r., \u017ar\u00f3d\u0142o: AOD III.\" class=\"wp-image-11055\" srcset=\"http:\/\/lapidarium.fundacja-hereditas.pl\/wp-content\/uploads\/2022\/10\/MM_Warszawa_Mokotowska50_04_elewacjafrontowa_wejscie-scaled.jpg 1957w, http:\/\/lapidarium.fundacja-hereditas.pl\/wp-content\/uploads\/2022\/10\/MM_Warszawa_Mokotowska50_04_elewacjafrontowa_wejscie-229x300.jpg 229w, http:\/\/lapidarium.fundacja-hereditas.pl\/wp-content\/uploads\/2022\/10\/MM_Warszawa_Mokotowska50_04_elewacjafrontowa_wejscie-783x1024.jpg 783w, http:\/\/lapidarium.fundacja-hereditas.pl\/wp-content\/uploads\/2022\/10\/MM_Warszawa_Mokotowska50_04_elewacjafrontowa_wejscie-768x1004.jpg 768w, http:\/\/lapidarium.fundacja-hereditas.pl\/wp-content\/uploads\/2022\/10\/MM_Warszawa_Mokotowska50_04_elewacjafrontowa_wejscie-1174x1536.jpg 1174w, http:\/\/lapidarium.fundacja-hereditas.pl\/wp-content\/uploads\/2022\/10\/MM_Warszawa_Mokotowska50_04_elewacjafrontowa_wejscie-1566x2048.jpg 1566w, http:\/\/lapidarium.fundacja-hereditas.pl\/wp-content\/uploads\/2022\/10\/MM_Warszawa_Mokotowska50_04_elewacjafrontowa_wejscie-150x196.jpg 150w, http:\/\/lapidarium.fundacja-hereditas.pl\/wp-content\/uploads\/2022\/10\/MM_Warszawa_Mokotowska50_04_elewacjafrontowa_wejscie-300x392.jpg 300w, http:\/\/lapidarium.fundacja-hereditas.pl\/wp-content\/uploads\/2022\/10\/MM_Warszawa_Mokotowska50_04_elewacjafrontowa_wejscie-696x910.jpg 696w, http:\/\/lapidarium.fundacja-hereditas.pl\/wp-content\/uploads\/2022\/10\/MM_Warszawa_Mokotowska50_04_elewacjafrontowa_wejscie-1068x1397.jpg 1068w, http:\/\/lapidarium.fundacja-hereditas.pl\/wp-content\/uploads\/2022\/10\/MM_Warszawa_Mokotowska50_04_elewacjafrontowa_wejscie-1920x2511.jpg 1920w\" sizes=\"auto, (max-width: 1957px) 100vw, 1957px\" \/><\/a><figcaption class=\"wp-element-caption\">Elewacja frontowa. Ozdobny, reprezentacyjny balkon I-go pi\u0119tra. Fot. Mariusz Majewski 2022 r., \u017ar\u00f3d\u0142o: AOD III.<\/figcaption><\/figure>\n\n\n\n<figure class=\"wp-block-image size-large\"><a href=\"http:\/\/lapidarium.fundacja-hereditas.pl\/wp-content\/uploads\/2022\/10\/Wojciech_Kmiec_Mokotowska_50_balkon_nad_brama_2-scaled.jpg\"><img loading=\"lazy\" decoding=\"async\" width=\"2558\" height=\"2560\" data-id=\"11082\" src=\"http:\/\/lapidarium.fundacja-hereditas.pl\/wp-content\/uploads\/2022\/10\/Wojciech_Kmiec_Mokotowska_50_balkon_nad_brama_2-scaled.jpg\" alt=\"Balkon i-go pi\u0119tra. Tralkowa balustrada i masywne kroksztyny Fot. Wojciech Kmie\u0107 2022 r., \u017ar\u00f3d\u0142o: AOD III.\" class=\"wp-image-11082\" srcset=\"http:\/\/lapidarium.fundacja-hereditas.pl\/wp-content\/uploads\/2022\/10\/Wojciech_Kmiec_Mokotowska_50_balkon_nad_brama_2-scaled.jpg 2558w, http:\/\/lapidarium.fundacja-hereditas.pl\/wp-content\/uploads\/2022\/10\/Wojciech_Kmiec_Mokotowska_50_balkon_nad_brama_2-300x300.jpg 300w, http:\/\/lapidarium.fundacja-hereditas.pl\/wp-content\/uploads\/2022\/10\/Wojciech_Kmiec_Mokotowska_50_balkon_nad_brama_2-1024x1024.jpg 1024w, http:\/\/lapidarium.fundacja-hereditas.pl\/wp-content\/uploads\/2022\/10\/Wojciech_Kmiec_Mokotowska_50_balkon_nad_brama_2-150x150.jpg 150w, http:\/\/lapidarium.fundacja-hereditas.pl\/wp-content\/uploads\/2022\/10\/Wojciech_Kmiec_Mokotowska_50_balkon_nad_brama_2-768x768.jpg 768w, http:\/\/lapidarium.fundacja-hereditas.pl\/wp-content\/uploads\/2022\/10\/Wojciech_Kmiec_Mokotowska_50_balkon_nad_brama_2-1536x1536.jpg 1536w, http:\/\/lapidarium.fundacja-hereditas.pl\/wp-content\/uploads\/2022\/10\/Wojciech_Kmiec_Mokotowska_50_balkon_nad_brama_2-696x696.jpg 696w, http:\/\/lapidarium.fundacja-hereditas.pl\/wp-content\/uploads\/2022\/10\/Wojciech_Kmiec_Mokotowska_50_balkon_nad_brama_2-1068x1069.jpg 1068w, http:\/\/lapidarium.fundacja-hereditas.pl\/wp-content\/uploads\/2022\/10\/Wojciech_Kmiec_Mokotowska_50_balkon_nad_brama_2-1920x1921.jpg 1920w\" sizes=\"auto, (max-width: 2558px) 100vw, 2558px\" \/><\/a><figcaption class=\"wp-element-caption\">Balkon i-go pi\u0119tra. Tralkowa balustrada i masywne kroksztyny Fot. Wojciech Kmie\u0107 2022 r., \u017ar\u00f3d\u0142o: AOD III.<\/figcaption><\/figure>\n\n\n\n<figure class=\"wp-block-image size-large\"><a href=\"http:\/\/lapidarium.fundacja-hereditas.pl\/wp-content\/uploads\/2022\/10\/Mokotowska_50_Warszawa_budynek_frontowy_fasada_podniebienie_balkonu_Maksymiuk_Malgorzata-scaled.jpg\"><img loading=\"lazy\" decoding=\"async\" width=\"1717\" height=\"2560\" data-id=\"11078\" src=\"http:\/\/lapidarium.fundacja-hereditas.pl\/wp-content\/uploads\/2022\/10\/Mokotowska_50_Warszawa_budynek_frontowy_fasada_podniebienie_balkonu_Maksymiuk_Malgorzata-scaled.jpg\" alt=\"Elewacja frontowa. Kroksztyny pod balkonem I-go pi\u0119tra. Fot. Ma\u0142gorzata Maksymiuk 2022 r., \u017ar\u00f3d\u0142o: AOD III.\" class=\"wp-image-11078\" srcset=\"http:\/\/lapidarium.fundacja-hereditas.pl\/wp-content\/uploads\/2022\/10\/Mokotowska_50_Warszawa_budynek_frontowy_fasada_podniebienie_balkonu_Maksymiuk_Malgorzata-scaled.jpg 1717w, http:\/\/lapidarium.fundacja-hereditas.pl\/wp-content\/uploads\/2022\/10\/Mokotowska_50_Warszawa_budynek_frontowy_fasada_podniebienie_balkonu_Maksymiuk_Malgorzata-201x300.jpg 201w, http:\/\/lapidarium.fundacja-hereditas.pl\/wp-content\/uploads\/2022\/10\/Mokotowska_50_Warszawa_budynek_frontowy_fasada_podniebienie_balkonu_Maksymiuk_Malgorzata-687x1024.jpg 687w, http:\/\/lapidarium.fundacja-hereditas.pl\/wp-content\/uploads\/2022\/10\/Mokotowska_50_Warszawa_budynek_frontowy_fasada_podniebienie_balkonu_Maksymiuk_Malgorzata-768x1145.jpg 768w, http:\/\/lapidarium.fundacja-hereditas.pl\/wp-content\/uploads\/2022\/10\/Mokotowska_50_Warszawa_budynek_frontowy_fasada_podniebienie_balkonu_Maksymiuk_Malgorzata-1030x1536.jpg 1030w, http:\/\/lapidarium.fundacja-hereditas.pl\/wp-content\/uploads\/2022\/10\/Mokotowska_50_Warszawa_budynek_frontowy_fasada_podniebienie_balkonu_Maksymiuk_Malgorzata-1374x2048.jpg 1374w, http:\/\/lapidarium.fundacja-hereditas.pl\/wp-content\/uploads\/2022\/10\/Mokotowska_50_Warszawa_budynek_frontowy_fasada_podniebienie_balkonu_Maksymiuk_Malgorzata-150x224.jpg 150w, http:\/\/lapidarium.fundacja-hereditas.pl\/wp-content\/uploads\/2022\/10\/Mokotowska_50_Warszawa_budynek_frontowy_fasada_podniebienie_balkonu_Maksymiuk_Malgorzata-300x447.jpg 300w, http:\/\/lapidarium.fundacja-hereditas.pl\/wp-content\/uploads\/2022\/10\/Mokotowska_50_Warszawa_budynek_frontowy_fasada_podniebienie_balkonu_Maksymiuk_Malgorzata-696x1038.jpg 696w, http:\/\/lapidarium.fundacja-hereditas.pl\/wp-content\/uploads\/2022\/10\/Mokotowska_50_Warszawa_budynek_frontowy_fasada_podniebienie_balkonu_Maksymiuk_Malgorzata-1068x1592.jpg 1068w, http:\/\/lapidarium.fundacja-hereditas.pl\/wp-content\/uploads\/2022\/10\/Mokotowska_50_Warszawa_budynek_frontowy_fasada_podniebienie_balkonu_Maksymiuk_Malgorzata-1920x2863.jpg 1920w\" sizes=\"auto, (max-width: 1717px) 100vw, 1717px\" \/><\/a><figcaption class=\"wp-element-caption\">Elewacja frontowa. Kroksztyny pod balkonem I-go pi\u0119tra. Fot. Ma\u0142gorzata Maksymiuk 2022 r., \u017ar\u00f3d\u0142o: AOD III.<\/figcaption><\/figure>\n\n\n\n<figure class=\"wp-block-image size-large\"><a href=\"http:\/\/lapidarium.fundacja-hereditas.pl\/wp-content\/uploads\/2022\/10\/Mokotowska_50_Warszawa_budynek_frontowy_fasada_konsola_wspierajaca_balkon3_Maksymiuk_Malgorzata-scaled.jpg\"><img loading=\"lazy\" decoding=\"async\" width=\"2560\" height=\"2159\" data-id=\"11077\" src=\"http:\/\/lapidarium.fundacja-hereditas.pl\/wp-content\/uploads\/2022\/10\/Mokotowska_50_Warszawa_budynek_frontowy_fasada_konsola_wspierajaca_balkon3_Maksymiuk_Malgorzata-scaled.jpg\" alt=\"Elewacja frontowa. Kroksztyny pod balkonem I-go pi\u0119tra. Bogato zdobiony. Fot. Ma\u0142gorzata Maksymiuk 2022 r., \u017ar\u00f3d\u0142o: AOD III.\" class=\"wp-image-11077\" srcset=\"http:\/\/lapidarium.fundacja-hereditas.pl\/wp-content\/uploads\/2022\/10\/Mokotowska_50_Warszawa_budynek_frontowy_fasada_konsola_wspierajaca_balkon3_Maksymiuk_Malgorzata-scaled.jpg 2560w, http:\/\/lapidarium.fundacja-hereditas.pl\/wp-content\/uploads\/2022\/10\/Mokotowska_50_Warszawa_budynek_frontowy_fasada_konsola_wspierajaca_balkon3_Maksymiuk_Malgorzata-300x253.jpg 300w, http:\/\/lapidarium.fundacja-hereditas.pl\/wp-content\/uploads\/2022\/10\/Mokotowska_50_Warszawa_budynek_frontowy_fasada_konsola_wspierajaca_balkon3_Maksymiuk_Malgorzata-1024x864.jpg 1024w, http:\/\/lapidarium.fundacja-hereditas.pl\/wp-content\/uploads\/2022\/10\/Mokotowska_50_Warszawa_budynek_frontowy_fasada_konsola_wspierajaca_balkon3_Maksymiuk_Malgorzata-768x648.jpg 768w, http:\/\/lapidarium.fundacja-hereditas.pl\/wp-content\/uploads\/2022\/10\/Mokotowska_50_Warszawa_budynek_frontowy_fasada_konsola_wspierajaca_balkon3_Maksymiuk_Malgorzata-1536x1296.jpg 1536w, http:\/\/lapidarium.fundacja-hereditas.pl\/wp-content\/uploads\/2022\/10\/Mokotowska_50_Warszawa_budynek_frontowy_fasada_konsola_wspierajaca_balkon3_Maksymiuk_Malgorzata-2048x1727.jpg 2048w, http:\/\/lapidarium.fundacja-hereditas.pl\/wp-content\/uploads\/2022\/10\/Mokotowska_50_Warszawa_budynek_frontowy_fasada_konsola_wspierajaca_balkon3_Maksymiuk_Malgorzata-150x127.jpg 150w, http:\/\/lapidarium.fundacja-hereditas.pl\/wp-content\/uploads\/2022\/10\/Mokotowska_50_Warszawa_budynek_frontowy_fasada_konsola_wspierajaca_balkon3_Maksymiuk_Malgorzata-696x587.jpg 696w, http:\/\/lapidarium.fundacja-hereditas.pl\/wp-content\/uploads\/2022\/10\/Mokotowska_50_Warszawa_budynek_frontowy_fasada_konsola_wspierajaca_balkon3_Maksymiuk_Malgorzata-1068x901.jpg 1068w, http:\/\/lapidarium.fundacja-hereditas.pl\/wp-content\/uploads\/2022\/10\/Mokotowska_50_Warszawa_budynek_frontowy_fasada_konsola_wspierajaca_balkon3_Maksymiuk_Malgorzata-1920x1619.jpg 1920w\" sizes=\"auto, (max-width: 2560px) 100vw, 2560px\" \/><\/a><figcaption class=\"wp-element-caption\">Elewacja frontowa. Kroksztyny pod balkonem I-go pi\u0119tra. Bogato zdobiony. Fot. Ma\u0142gorzata Maksymiuk 2022 r., \u017ar\u00f3d\u0142o: AOD III.<\/figcaption><\/figure>\n\n\n\n<figure class=\"wp-block-image size-large\"><a href=\"http:\/\/lapidarium.fundacja-hereditas.pl\/wp-content\/uploads\/2022\/10\/Mokotowska_50_Warszawa_budynek_frontowy_fasada_konsola_wspierajaca_balkon2_Maksymiuk_Malgorzata-scaled.jpg\"><img loading=\"lazy\" decoding=\"async\" width=\"1662\" height=\"2560\" data-id=\"11076\" src=\"http:\/\/lapidarium.fundacja-hereditas.pl\/wp-content\/uploads\/2022\/10\/Mokotowska_50_Warszawa_budynek_frontowy_fasada_konsola_wspierajaca_balkon2_Maksymiuk_Malgorzata-scaled.jpg\" alt=\"Elewacja frontowa. Kroksztyn pod balkonem I-go pi\u0119tra. Fot. Ma\u0142gorzata Maksymiuk 2022 r., \u017ar\u00f3d\u0142o: AOD III.\" class=\"wp-image-11076\" srcset=\"http:\/\/lapidarium.fundacja-hereditas.pl\/wp-content\/uploads\/2022\/10\/Mokotowska_50_Warszawa_budynek_frontowy_fasada_konsola_wspierajaca_balkon2_Maksymiuk_Malgorzata-scaled.jpg 1662w, http:\/\/lapidarium.fundacja-hereditas.pl\/wp-content\/uploads\/2022\/10\/Mokotowska_50_Warszawa_budynek_frontowy_fasada_konsola_wspierajaca_balkon2_Maksymiuk_Malgorzata-195x300.jpg 195w, http:\/\/lapidarium.fundacja-hereditas.pl\/wp-content\/uploads\/2022\/10\/Mokotowska_50_Warszawa_budynek_frontowy_fasada_konsola_wspierajaca_balkon2_Maksymiuk_Malgorzata-665x1024.jpg 665w, http:\/\/lapidarium.fundacja-hereditas.pl\/wp-content\/uploads\/2022\/10\/Mokotowska_50_Warszawa_budynek_frontowy_fasada_konsola_wspierajaca_balkon2_Maksymiuk_Malgorzata-768x1183.jpg 768w, http:\/\/lapidarium.fundacja-hereditas.pl\/wp-content\/uploads\/2022\/10\/Mokotowska_50_Warszawa_budynek_frontowy_fasada_konsola_wspierajaca_balkon2_Maksymiuk_Malgorzata-997x1536.jpg 997w, http:\/\/lapidarium.fundacja-hereditas.pl\/wp-content\/uploads\/2022\/10\/Mokotowska_50_Warszawa_budynek_frontowy_fasada_konsola_wspierajaca_balkon2_Maksymiuk_Malgorzata-1329x2048.jpg 1329w, http:\/\/lapidarium.fundacja-hereditas.pl\/wp-content\/uploads\/2022\/10\/Mokotowska_50_Warszawa_budynek_frontowy_fasada_konsola_wspierajaca_balkon2_Maksymiuk_Malgorzata-150x231.jpg 150w, http:\/\/lapidarium.fundacja-hereditas.pl\/wp-content\/uploads\/2022\/10\/Mokotowska_50_Warszawa_budynek_frontowy_fasada_konsola_wspierajaca_balkon2_Maksymiuk_Malgorzata-300x462.jpg 300w, http:\/\/lapidarium.fundacja-hereditas.pl\/wp-content\/uploads\/2022\/10\/Mokotowska_50_Warszawa_budynek_frontowy_fasada_konsola_wspierajaca_balkon2_Maksymiuk_Malgorzata-696x1072.jpg 696w, http:\/\/lapidarium.fundacja-hereditas.pl\/wp-content\/uploads\/2022\/10\/Mokotowska_50_Warszawa_budynek_frontowy_fasada_konsola_wspierajaca_balkon2_Maksymiuk_Malgorzata-1068x1645.jpg 1068w, http:\/\/lapidarium.fundacja-hereditas.pl\/wp-content\/uploads\/2022\/10\/Mokotowska_50_Warszawa_budynek_frontowy_fasada_konsola_wspierajaca_balkon2_Maksymiuk_Malgorzata-1920x2958.jpg 1920w\" sizes=\"auto, (max-width: 1662px) 100vw, 1662px\" \/><\/a><figcaption class=\"wp-element-caption\">Elewacja frontowa. Kroksztyn pod balkonem I-go pi\u0119tra. Fot. Ma\u0142gorzata Maksymiuk 2022 r., \u017ar\u00f3d\u0142o: AOD III.<\/figcaption><\/figure>\n\n\n\n<figure class=\"wp-block-image size-large\"><a href=\"http:\/\/lapidarium.fundacja-hereditas.pl\/wp-content\/uploads\/2022\/10\/Wojciech_Kmiec_Mokotowska_50_szczyt_budynku_os_piata_i_szosta-scaled.jpg\"><img loading=\"lazy\" decoding=\"async\" width=\"2560\" height=\"1817\" data-id=\"11096\" src=\"http:\/\/lapidarium.fundacja-hereditas.pl\/wp-content\/uploads\/2022\/10\/Wojciech_Kmiec_Mokotowska_50_szczyt_budynku_os_piata_i_szosta-scaled.jpg\" alt=\"Gzyms koronuj\u0105cy podtrzymywany kroksztynami wspartymi na pilastrach opasuj\u0105cych okna I-go pi\u0119tra. Fot. Wojciech Kmie\u0107 2022 r., \u017ar\u00f3d\u0142o: AOD III.\" class=\"wp-image-11096\" srcset=\"http:\/\/lapidarium.fundacja-hereditas.pl\/wp-content\/uploads\/2022\/10\/Wojciech_Kmiec_Mokotowska_50_szczyt_budynku_os_piata_i_szosta-scaled.jpg 2560w, http:\/\/lapidarium.fundacja-hereditas.pl\/wp-content\/uploads\/2022\/10\/Wojciech_Kmiec_Mokotowska_50_szczyt_budynku_os_piata_i_szosta-300x213.jpg 300w, http:\/\/lapidarium.fundacja-hereditas.pl\/wp-content\/uploads\/2022\/10\/Wojciech_Kmiec_Mokotowska_50_szczyt_budynku_os_piata_i_szosta-1024x727.jpg 1024w, http:\/\/lapidarium.fundacja-hereditas.pl\/wp-content\/uploads\/2022\/10\/Wojciech_Kmiec_Mokotowska_50_szczyt_budynku_os_piata_i_szosta-768x545.jpg 768w, http:\/\/lapidarium.fundacja-hereditas.pl\/wp-content\/uploads\/2022\/10\/Wojciech_Kmiec_Mokotowska_50_szczyt_budynku_os_piata_i_szosta-1536x1090.jpg 1536w, http:\/\/lapidarium.fundacja-hereditas.pl\/wp-content\/uploads\/2022\/10\/Wojciech_Kmiec_Mokotowska_50_szczyt_budynku_os_piata_i_szosta-2048x1453.jpg 2048w, http:\/\/lapidarium.fundacja-hereditas.pl\/wp-content\/uploads\/2022\/10\/Wojciech_Kmiec_Mokotowska_50_szczyt_budynku_os_piata_i_szosta-150x106.jpg 150w, http:\/\/lapidarium.fundacja-hereditas.pl\/wp-content\/uploads\/2022\/10\/Wojciech_Kmiec_Mokotowska_50_szczyt_budynku_os_piata_i_szosta-696x494.jpg 696w, http:\/\/lapidarium.fundacja-hereditas.pl\/wp-content\/uploads\/2022\/10\/Wojciech_Kmiec_Mokotowska_50_szczyt_budynku_os_piata_i_szosta-1068x758.jpg 1068w, http:\/\/lapidarium.fundacja-hereditas.pl\/wp-content\/uploads\/2022\/10\/Wojciech_Kmiec_Mokotowska_50_szczyt_budynku_os_piata_i_szosta-1920x1362.jpg 1920w\" sizes=\"auto, (max-width: 2560px) 100vw, 2560px\" \/><\/a><figcaption class=\"wp-element-caption\">Gzyms koronuj\u0105cy (fragm). Fot. Wojciech Kmie\u0107 2022 r., \u017ar\u00f3d\u0142o: AOD III.<\/figcaption><\/figure>\n\n\n\n<figure class=\"wp-block-image size-large\"><a href=\"http:\/\/lapidarium.fundacja-hereditas.pl\/wp-content\/uploads\/2022\/10\/Wojciech_Kmiec_Mokotowska_50_pietro_trzecie_okna_i_balkon_osi_trzeciej_czwartej_i_piatej-scaled.jpg\"><img loading=\"lazy\" decoding=\"async\" width=\"2560\" height=\"1933\" data-id=\"11094\" src=\"http:\/\/lapidarium.fundacja-hereditas.pl\/wp-content\/uploads\/2022\/10\/Wojciech_Kmiec_Mokotowska_50_pietro_trzecie_okna_i_balkon_osi_trzeciej_czwartej_i_piatej-scaled.jpg\" alt=\"Balkon III-go pi\u0119tra wsparty na Kroksztynach. Po bokach przebogate nacz\u00f3\u0142ki okien II-go pi\u0119tra. Fot. Wojciech Kmie\u0107 2022 r., \u017ar\u00f3d\u0142o: AOD III.\" class=\"wp-image-11094\" srcset=\"http:\/\/lapidarium.fundacja-hereditas.pl\/wp-content\/uploads\/2022\/10\/Wojciech_Kmiec_Mokotowska_50_pietro_trzecie_okna_i_balkon_osi_trzeciej_czwartej_i_piatej-scaled.jpg 2560w, http:\/\/lapidarium.fundacja-hereditas.pl\/wp-content\/uploads\/2022\/10\/Wojciech_Kmiec_Mokotowska_50_pietro_trzecie_okna_i_balkon_osi_trzeciej_czwartej_i_piatej-300x226.jpg 300w, http:\/\/lapidarium.fundacja-hereditas.pl\/wp-content\/uploads\/2022\/10\/Wojciech_Kmiec_Mokotowska_50_pietro_trzecie_okna_i_balkon_osi_trzeciej_czwartej_i_piatej-1024x773.jpg 1024w, http:\/\/lapidarium.fundacja-hereditas.pl\/wp-content\/uploads\/2022\/10\/Wojciech_Kmiec_Mokotowska_50_pietro_trzecie_okna_i_balkon_osi_trzeciej_czwartej_i_piatej-768x580.jpg 768w, http:\/\/lapidarium.fundacja-hereditas.pl\/wp-content\/uploads\/2022\/10\/Wojciech_Kmiec_Mokotowska_50_pietro_trzecie_okna_i_balkon_osi_trzeciej_czwartej_i_piatej-1536x1160.jpg 1536w\" sizes=\"auto, (max-width: 2560px) 100vw, 2560px\" \/><\/a><figcaption class=\"wp-element-caption\">Balkon III-go pi\u0119tra wsparty na Kroksztynach. Po bokach przebogate nacz\u00f3\u0142ki okien II-go pi\u0119tra. Fot. Wojciech Kmie\u0107 2022 r., \u017ar\u00f3d\u0142o: AOD III.<\/figcaption><\/figure>\n\n\n\n<figure class=\"wp-block-image size-large\"><a href=\"http:\/\/lapidarium.fundacja-hereditas.pl\/wp-content\/uploads\/2022\/10\/Wojciech_Kmiec_Mokotowska_50_nadproza_okien_osi_piatej_i_szostej-1-scaled.jpg\"><img loading=\"lazy\" decoding=\"async\" width=\"2560\" height=\"1704\" data-id=\"11092\" src=\"http:\/\/lapidarium.fundacja-hereditas.pl\/wp-content\/uploads\/2022\/10\/Wojciech_Kmiec_Mokotowska_50_nadproza_okien_osi_piatej_i_szostej-1-scaled.jpg\" alt=\"Nacz\u00f3\u0142ki nad oknami II-go pi\u0119tra - bardzo bogato zdobione min. p\u0142askorze\u017abami. Fot. Wojciech Kmie\u0107 2022 r., \u017ar\u00f3d\u0142o: AOD III.\" class=\"wp-image-11092\" srcset=\"http:\/\/lapidarium.fundacja-hereditas.pl\/wp-content\/uploads\/2022\/10\/Wojciech_Kmiec_Mokotowska_50_nadproza_okien_osi_piatej_i_szostej-1-scaled.jpg 2560w, http:\/\/lapidarium.fundacja-hereditas.pl\/wp-content\/uploads\/2022\/10\/Wojciech_Kmiec_Mokotowska_50_nadproza_okien_osi_piatej_i_szostej-1-300x200.jpg 300w, http:\/\/lapidarium.fundacja-hereditas.pl\/wp-content\/uploads\/2022\/10\/Wojciech_Kmiec_Mokotowska_50_nadproza_okien_osi_piatej_i_szostej-1-1024x682.jpg 1024w, http:\/\/lapidarium.fundacja-hereditas.pl\/wp-content\/uploads\/2022\/10\/Wojciech_Kmiec_Mokotowska_50_nadproza_okien_osi_piatej_i_szostej-1-768x511.jpg 768w, http:\/\/lapidarium.fundacja-hereditas.pl\/wp-content\/uploads\/2022\/10\/Wojciech_Kmiec_Mokotowska_50_nadproza_okien_osi_piatej_i_szostej-1-1536x1022.jpg 1536w, http:\/\/lapidarium.fundacja-hereditas.pl\/wp-content\/uploads\/2022\/10\/Wojciech_Kmiec_Mokotowska_50_nadproza_okien_osi_piatej_i_szostej-1-2048x1363.jpg 2048w, http:\/\/lapidarium.fundacja-hereditas.pl\/wp-content\/uploads\/2022\/10\/Wojciech_Kmiec_Mokotowska_50_nadproza_okien_osi_piatej_i_szostej-1-150x100.jpg 150w, http:\/\/lapidarium.fundacja-hereditas.pl\/wp-content\/uploads\/2022\/10\/Wojciech_Kmiec_Mokotowska_50_nadproza_okien_osi_piatej_i_szostej-1-696x463.jpg 696w, http:\/\/lapidarium.fundacja-hereditas.pl\/wp-content\/uploads\/2022\/10\/Wojciech_Kmiec_Mokotowska_50_nadproza_okien_osi_piatej_i_szostej-1-1068x711.jpg 1068w, http:\/\/lapidarium.fundacja-hereditas.pl\/wp-content\/uploads\/2022\/10\/Wojciech_Kmiec_Mokotowska_50_nadproza_okien_osi_piatej_i_szostej-1-1920x1278.jpg 1920w\" sizes=\"auto, (max-width: 2560px) 100vw, 2560px\" \/><\/a><figcaption class=\"wp-element-caption\">Nacz\u00f3\u0142ki nad oknami II-go pi\u0119tra &#8211; bardzo bogato zdobione min. p\u0142askorze\u017abami. Fot. Wojciech Kmie\u0107 2022 r., \u017ar\u00f3d\u0142o: AOD III.<\/figcaption><\/figure>\n\n\n\n<figure class=\"wp-block-image size-large\"><a href=\"http:\/\/lapidarium.fundacja-hereditas.pl\/wp-content\/uploads\/2022\/10\/Wojciech_Kmiec_Mokotowska_50_plyciny_pod_oknami_osi_piatej_i_szostej-scaled.jpg\"><img loading=\"lazy\" decoding=\"async\" width=\"2560\" height=\"1465\" data-id=\"11095\" src=\"http:\/\/lapidarium.fundacja-hereditas.pl\/wp-content\/uploads\/2022\/10\/Wojciech_Kmiec_Mokotowska_50_plyciny_pod_oknami_osi_piatej_i_szostej-scaled.jpg\" alt=\"P\u0142yciny z festonami pod oknami II-go pi\u0119tra. Fot. Wojciech Kmie\u0107 2022 r., \u017ar\u00f3d\u0142o: AOD III.\" class=\"wp-image-11095\" srcset=\"http:\/\/lapidarium.fundacja-hereditas.pl\/wp-content\/uploads\/2022\/10\/Wojciech_Kmiec_Mokotowska_50_plyciny_pod_oknami_osi_piatej_i_szostej-scaled.jpg 2560w, http:\/\/lapidarium.fundacja-hereditas.pl\/wp-content\/uploads\/2022\/10\/Wojciech_Kmiec_Mokotowska_50_plyciny_pod_oknami_osi_piatej_i_szostej-300x172.jpg 300w, http:\/\/lapidarium.fundacja-hereditas.pl\/wp-content\/uploads\/2022\/10\/Wojciech_Kmiec_Mokotowska_50_plyciny_pod_oknami_osi_piatej_i_szostej-1024x586.jpg 1024w, http:\/\/lapidarium.fundacja-hereditas.pl\/wp-content\/uploads\/2022\/10\/Wojciech_Kmiec_Mokotowska_50_plyciny_pod_oknami_osi_piatej_i_szostej-768x440.jpg 768w, http:\/\/lapidarium.fundacja-hereditas.pl\/wp-content\/uploads\/2022\/10\/Wojciech_Kmiec_Mokotowska_50_plyciny_pod_oknami_osi_piatej_i_szostej-1536x879.jpg 1536w, http:\/\/lapidarium.fundacja-hereditas.pl\/wp-content\/uploads\/2022\/10\/Wojciech_Kmiec_Mokotowska_50_plyciny_pod_oknami_osi_piatej_i_szostej-2048x1172.jpg 2048w, http:\/\/lapidarium.fundacja-hereditas.pl\/wp-content\/uploads\/2022\/10\/Wojciech_Kmiec_Mokotowska_50_plyciny_pod_oknami_osi_piatej_i_szostej-150x86.jpg 150w, http:\/\/lapidarium.fundacja-hereditas.pl\/wp-content\/uploads\/2022\/10\/Wojciech_Kmiec_Mokotowska_50_plyciny_pod_oknami_osi_piatej_i_szostej-696x398.jpg 696w, http:\/\/lapidarium.fundacja-hereditas.pl\/wp-content\/uploads\/2022\/10\/Wojciech_Kmiec_Mokotowska_50_plyciny_pod_oknami_osi_piatej_i_szostej-1068x611.jpg 1068w, http:\/\/lapidarium.fundacja-hereditas.pl\/wp-content\/uploads\/2022\/10\/Wojciech_Kmiec_Mokotowska_50_plyciny_pod_oknami_osi_piatej_i_szostej-1920x1099.jpg 1920w\" sizes=\"auto, (max-width: 2560px) 100vw, 2560px\" \/><\/a><figcaption class=\"wp-element-caption\">P\u0142yciny z festonami pod oknami II-go pi\u0119tra. Fot. Wojciech Kmie\u0107 2022 r., \u017ar\u00f3d\u0142o: AOD III.<\/figcaption><\/figure>\n\n\n\n<figure class=\"wp-block-image size-large\"><a href=\"http:\/\/lapidarium.fundacja-hereditas.pl\/wp-content\/uploads\/2022\/10\/Wojciech_Kmiec_Mokotowska_50_pietro_drugie_balkon_osi_osmej_i_dziewiatej_i_obramienia_okien_z_nadprozami-scaled.jpg\"><img loading=\"lazy\" decoding=\"async\" width=\"2560\" height=\"2335\" data-id=\"11093\" src=\"http:\/\/lapidarium.fundacja-hereditas.pl\/wp-content\/uploads\/2022\/10\/Wojciech_Kmiec_Mokotowska_50_pietro_drugie_balkon_osi_osmej_i_dziewiatej_i_obramienia_okien_z_nadprozami-scaled.jpg\" alt=\"Podw\u00f3jny boczny balkon II-go pi\u0119tra. Boniowana oprawa okien. Nacz\u00f3\u0142ki z p\u0142askorze\u017abami. Fot. Wojciech Kmie\u0107 2022 r., \u017ar\u00f3d\u0142o: AOD III.\" class=\"wp-image-11093\" srcset=\"http:\/\/lapidarium.fundacja-hereditas.pl\/wp-content\/uploads\/2022\/10\/Wojciech_Kmiec_Mokotowska_50_pietro_drugie_balkon_osi_osmej_i_dziewiatej_i_obramienia_okien_z_nadprozami-scaled.jpg 2560w, http:\/\/lapidarium.fundacja-hereditas.pl\/wp-content\/uploads\/2022\/10\/Wojciech_Kmiec_Mokotowska_50_pietro_drugie_balkon_osi_osmej_i_dziewiatej_i_obramienia_okien_z_nadprozami-300x274.jpg 300w, http:\/\/lapidarium.fundacja-hereditas.pl\/wp-content\/uploads\/2022\/10\/Wojciech_Kmiec_Mokotowska_50_pietro_drugie_balkon_osi_osmej_i_dziewiatej_i_obramienia_okien_z_nadprozami-1024x934.jpg 1024w, http:\/\/lapidarium.fundacja-hereditas.pl\/wp-content\/uploads\/2022\/10\/Wojciech_Kmiec_Mokotowska_50_pietro_drugie_balkon_osi_osmej_i_dziewiatej_i_obramienia_okien_z_nadprozami-768x700.jpg 768w, http:\/\/lapidarium.fundacja-hereditas.pl\/wp-content\/uploads\/2022\/10\/Wojciech_Kmiec_Mokotowska_50_pietro_drugie_balkon_osi_osmej_i_dziewiatej_i_obramienia_okien_z_nadprozami-1536x1401.jpg 1536w, http:\/\/lapidarium.fundacja-hereditas.pl\/wp-content\/uploads\/2022\/10\/Wojciech_Kmiec_Mokotowska_50_pietro_drugie_balkon_osi_osmej_i_dziewiatej_i_obramienia_okien_z_nadprozami-2048x1868.jpg 2048w, http:\/\/lapidarium.fundacja-hereditas.pl\/wp-content\/uploads\/2022\/10\/Wojciech_Kmiec_Mokotowska_50_pietro_drugie_balkon_osi_osmej_i_dziewiatej_i_obramienia_okien_z_nadprozami-150x137.jpg 150w, http:\/\/lapidarium.fundacja-hereditas.pl\/wp-content\/uploads\/2022\/10\/Wojciech_Kmiec_Mokotowska_50_pietro_drugie_balkon_osi_osmej_i_dziewiatej_i_obramienia_okien_z_nadprozami-696x635.jpg 696w, http:\/\/lapidarium.fundacja-hereditas.pl\/wp-content\/uploads\/2022\/10\/Wojciech_Kmiec_Mokotowska_50_pietro_drugie_balkon_osi_osmej_i_dziewiatej_i_obramienia_okien_z_nadprozami-1068x974.jpg 1068w, http:\/\/lapidarium.fundacja-hereditas.pl\/wp-content\/uploads\/2022\/10\/Wojciech_Kmiec_Mokotowska_50_pietro_drugie_balkon_osi_osmej_i_dziewiatej_i_obramienia_okien_z_nadprozami-1920x1751.jpg 1920w\" sizes=\"auto, (max-width: 2560px) 100vw, 2560px\" \/><\/a><figcaption class=\"wp-element-caption\">Podw\u00f3jny boczny balkon II-go pi\u0119tra. Boniowana oprawa okien. Nacz\u00f3\u0142ki z p\u0142askorze\u017abami. Fot. Wojciech Kmie\u0107 2022 r., \u017ar\u00f3d\u0142o: AOD III.<\/figcaption><\/figure>\n\n\n\n<figure class=\"wp-block-image size-large\"><a href=\"http:\/\/lapidarium.fundacja-hereditas.pl\/wp-content\/uploads\/2022\/10\/MM_Warszawa_Mokotowska50_05_elewacjafrontowa_IIpietro_prawybalkon-scaled.jpg\"><img loading=\"lazy\" decoding=\"async\" width=\"1892\" height=\"2560\" data-id=\"11056\" src=\"http:\/\/lapidarium.fundacja-hereditas.pl\/wp-content\/uploads\/2022\/10\/MM_Warszawa_Mokotowska50_05_elewacjafrontowa_IIpietro_prawybalkon-scaled.jpg\" alt=\"Elewacja frontowa, podw\u00f3jny balkon II-go pi\u0119tra. Fot. Mariusz Majewski 2022 r., \u017ar\u00f3d\u0142o: AOD III.\" class=\"wp-image-11056\" srcset=\"http:\/\/lapidarium.fundacja-hereditas.pl\/wp-content\/uploads\/2022\/10\/MM_Warszawa_Mokotowska50_05_elewacjafrontowa_IIpietro_prawybalkon-scaled.jpg 1892w, http:\/\/lapidarium.fundacja-hereditas.pl\/wp-content\/uploads\/2022\/10\/MM_Warszawa_Mokotowska50_05_elewacjafrontowa_IIpietro_prawybalkon-222x300.jpg 222w, http:\/\/lapidarium.fundacja-hereditas.pl\/wp-content\/uploads\/2022\/10\/MM_Warszawa_Mokotowska50_05_elewacjafrontowa_IIpietro_prawybalkon-757x1024.jpg 757w, http:\/\/lapidarium.fundacja-hereditas.pl\/wp-content\/uploads\/2022\/10\/MM_Warszawa_Mokotowska50_05_elewacjafrontowa_IIpietro_prawybalkon-768x1039.jpg 768w, http:\/\/lapidarium.fundacja-hereditas.pl\/wp-content\/uploads\/2022\/10\/MM_Warszawa_Mokotowska50_05_elewacjafrontowa_IIpietro_prawybalkon-1135x1536.jpg 1135w, http:\/\/lapidarium.fundacja-hereditas.pl\/wp-content\/uploads\/2022\/10\/MM_Warszawa_Mokotowska50_05_elewacjafrontowa_IIpietro_prawybalkon-1513x2048.jpg 1513w, http:\/\/lapidarium.fundacja-hereditas.pl\/wp-content\/uploads\/2022\/10\/MM_Warszawa_Mokotowska50_05_elewacjafrontowa_IIpietro_prawybalkon-150x203.jpg 150w, http:\/\/lapidarium.fundacja-hereditas.pl\/wp-content\/uploads\/2022\/10\/MM_Warszawa_Mokotowska50_05_elewacjafrontowa_IIpietro_prawybalkon-300x406.jpg 300w, http:\/\/lapidarium.fundacja-hereditas.pl\/wp-content\/uploads\/2022\/10\/MM_Warszawa_Mokotowska50_05_elewacjafrontowa_IIpietro_prawybalkon-696x942.jpg 696w, http:\/\/lapidarium.fundacja-hereditas.pl\/wp-content\/uploads\/2022\/10\/MM_Warszawa_Mokotowska50_05_elewacjafrontowa_IIpietro_prawybalkon-1068x1445.jpg 1068w, http:\/\/lapidarium.fundacja-hereditas.pl\/wp-content\/uploads\/2022\/10\/MM_Warszawa_Mokotowska50_05_elewacjafrontowa_IIpietro_prawybalkon-1920x2598.jpg 1920w\" sizes=\"auto, (max-width: 1892px) 100vw, 1892px\" \/><\/a><figcaption class=\"wp-element-caption\">Elewacja frontowa, podw\u00f3jny balkon II-go pi\u0119tra. Fot. Mariusz Majewski 2022 r., \u017ar\u00f3d\u0142o: AOD III.<\/figcaption><\/figure>\n\n\n\n<figure class=\"wp-block-image size-large\"><a href=\"http:\/\/lapidarium.fundacja-hereditas.pl\/wp-content\/uploads\/2022\/10\/Wojciech_Kmiec_Mokotowska_50_detal_fasady_parter-scaled.jpg\"><img loading=\"lazy\" decoding=\"async\" width=\"2547\" height=\"2560\" data-id=\"11083\" src=\"http:\/\/lapidarium.fundacja-hereditas.pl\/wp-content\/uploads\/2022\/10\/Wojciech_Kmiec_Mokotowska_50_detal_fasady_parter-scaled.jpg\" alt=\"Elewacja frontowa. Wysi\u0119gnik na prywatn\u0105 lamp\u0119 lamp\u0119 (?) z czas\u00f3w &quot;przedelektrycznych&quot;. Takie elementy s\u0105 na fasadzie cztery. Fot. Wojciech Kmie\u0107 2022 r., \u017ar\u00f3d\u0142o: AOD III.\" class=\"wp-image-11083\" srcset=\"http:\/\/lapidarium.fundacja-hereditas.pl\/wp-content\/uploads\/2022\/10\/Wojciech_Kmiec_Mokotowska_50_detal_fasady_parter-scaled.jpg 2547w, http:\/\/lapidarium.fundacja-hereditas.pl\/wp-content\/uploads\/2022\/10\/Wojciech_Kmiec_Mokotowska_50_detal_fasady_parter-298x300.jpg 298w, http:\/\/lapidarium.fundacja-hereditas.pl\/wp-content\/uploads\/2022\/10\/Wojciech_Kmiec_Mokotowska_50_detal_fasady_parter-1019x1024.jpg 1019w, http:\/\/lapidarium.fundacja-hereditas.pl\/wp-content\/uploads\/2022\/10\/Wojciech_Kmiec_Mokotowska_50_detal_fasady_parter-150x151.jpg 150w, http:\/\/lapidarium.fundacja-hereditas.pl\/wp-content\/uploads\/2022\/10\/Wojciech_Kmiec_Mokotowska_50_detal_fasady_parter-768x772.jpg 768w, http:\/\/lapidarium.fundacja-hereditas.pl\/wp-content\/uploads\/2022\/10\/Wojciech_Kmiec_Mokotowska_50_detal_fasady_parter-1528x1536.jpg 1528w, http:\/\/lapidarium.fundacja-hereditas.pl\/wp-content\/uploads\/2022\/10\/Wojciech_Kmiec_Mokotowska_50_detal_fasady_parter-2037x2048.jpg 2037w, http:\/\/lapidarium.fundacja-hereditas.pl\/wp-content\/uploads\/2022\/10\/Wojciech_Kmiec_Mokotowska_50_detal_fasady_parter-300x302.jpg 300w, http:\/\/lapidarium.fundacja-hereditas.pl\/wp-content\/uploads\/2022\/10\/Wojciech_Kmiec_Mokotowska_50_detal_fasady_parter-696x700.jpg 696w, http:\/\/lapidarium.fundacja-hereditas.pl\/wp-content\/uploads\/2022\/10\/Wojciech_Kmiec_Mokotowska_50_detal_fasady_parter-1068x1074.jpg 1068w, http:\/\/lapidarium.fundacja-hereditas.pl\/wp-content\/uploads\/2022\/10\/Wojciech_Kmiec_Mokotowska_50_detal_fasady_parter-1920x1930.jpg 1920w\" sizes=\"auto, (max-width: 2547px) 100vw, 2547px\" \/><\/a><figcaption class=\"wp-element-caption\">Elewacja frontowa. Wysi\u0119gnik na lamp\u0119 (?) z czas\u00f3w przed za\u0142o\u017ceniem elektryczno\u015bci. Takie elementy s\u0105 na fasadzie cztery. Fot. Wojciech Kmie\u0107 2022 r., \u017ar\u00f3d\u0142o: AOD III.<\/figcaption><\/figure>\n\n\n\n<figure class=\"wp-block-image size-large\"><a href=\"http:\/\/lapidarium.fundacja-hereditas.pl\/wp-content\/uploads\/2022\/10\/MM_Warszawa_Mokotowska50_07_przejazdbramny_scianalewa_odboj_frontowy-scaled.jpg\"><img loading=\"lazy\" decoding=\"async\" width=\"2098\" height=\"2560\" data-id=\"11058\" src=\"http:\/\/lapidarium.fundacja-hereditas.pl\/wp-content\/uploads\/2022\/10\/MM_Warszawa_Mokotowska50_07_przejazdbramny_scianalewa_odboj_frontowy-scaled.jpg\" alt=\"Odb\u00f3j frontowy, p\u00f3\u0142nocny. Fot. Mariusz Majewski 2022 r., \u017ar\u00f3d\u0142o: AOD III.\" class=\"wp-image-11058\" srcset=\"http:\/\/lapidarium.fundacja-hereditas.pl\/wp-content\/uploads\/2022\/10\/MM_Warszawa_Mokotowska50_07_przejazdbramny_scianalewa_odboj_frontowy-scaled.jpg 2098w, http:\/\/lapidarium.fundacja-hereditas.pl\/wp-content\/uploads\/2022\/10\/MM_Warszawa_Mokotowska50_07_przejazdbramny_scianalewa_odboj_frontowy-246x300.jpg 246w, http:\/\/lapidarium.fundacja-hereditas.pl\/wp-content\/uploads\/2022\/10\/MM_Warszawa_Mokotowska50_07_przejazdbramny_scianalewa_odboj_frontowy-839x1024.jpg 839w, http:\/\/lapidarium.fundacja-hereditas.pl\/wp-content\/uploads\/2022\/10\/MM_Warszawa_Mokotowska50_07_przejazdbramny_scianalewa_odboj_frontowy-768x937.jpg 768w, http:\/\/lapidarium.fundacja-hereditas.pl\/wp-content\/uploads\/2022\/10\/MM_Warszawa_Mokotowska50_07_przejazdbramny_scianalewa_odboj_frontowy-1259x1536.jpg 1259w, http:\/\/lapidarium.fundacja-hereditas.pl\/wp-content\/uploads\/2022\/10\/MM_Warszawa_Mokotowska50_07_przejazdbramny_scianalewa_odboj_frontowy-1679x2048.jpg 1679w, http:\/\/lapidarium.fundacja-hereditas.pl\/wp-content\/uploads\/2022\/10\/MM_Warszawa_Mokotowska50_07_przejazdbramny_scianalewa_odboj_frontowy-150x183.jpg 150w, http:\/\/lapidarium.fundacja-hereditas.pl\/wp-content\/uploads\/2022\/10\/MM_Warszawa_Mokotowska50_07_przejazdbramny_scianalewa_odboj_frontowy-300x366.jpg 300w, http:\/\/lapidarium.fundacja-hereditas.pl\/wp-content\/uploads\/2022\/10\/MM_Warszawa_Mokotowska50_07_przejazdbramny_scianalewa_odboj_frontowy-696x849.jpg 696w, http:\/\/lapidarium.fundacja-hereditas.pl\/wp-content\/uploads\/2022\/10\/MM_Warszawa_Mokotowska50_07_przejazdbramny_scianalewa_odboj_frontowy-1068x1303.jpg 1068w, http:\/\/lapidarium.fundacja-hereditas.pl\/wp-content\/uploads\/2022\/10\/MM_Warszawa_Mokotowska50_07_przejazdbramny_scianalewa_odboj_frontowy-1920x2343.jpg 1920w\" sizes=\"auto, (max-width: 2098px) 100vw, 2098px\" \/><\/a><figcaption class=\"wp-element-caption\">Odb\u00f3j frontowy, p\u00f3\u0142nocny. Fot. Mariusz Majewski 2022 r., \u017ar\u00f3d\u0142o: AOD III.<\/figcaption><\/figure>\n\n\n\n<figure class=\"wp-block-image size-large\"><a href=\"http:\/\/lapidarium.fundacja-hereditas.pl\/wp-content\/uploads\/2022\/10\/MM_Warszawa_Mokotowska50_06_przejazdbramny-scaled.jpg\"><img loading=\"lazy\" decoding=\"async\" width=\"1930\" height=\"2560\" data-id=\"11057\" src=\"http:\/\/lapidarium.fundacja-hereditas.pl\/wp-content\/uploads\/2022\/10\/MM_Warszawa_Mokotowska50_06_przejazdbramny-scaled.jpg\" alt=\"Przejazd bramny. Widok ku ulicy. Odb\u00f3j podw\u00f3rzowy, p\u00f3\u0142nocny. Fot. Mariusz Majewski 2022 r., \u017ar\u00f3d\u0142o: AOD III.\" class=\"wp-image-11057\" srcset=\"http:\/\/lapidarium.fundacja-hereditas.pl\/wp-content\/uploads\/2022\/10\/MM_Warszawa_Mokotowska50_06_przejazdbramny-scaled.jpg 1930w, http:\/\/lapidarium.fundacja-hereditas.pl\/wp-content\/uploads\/2022\/10\/MM_Warszawa_Mokotowska50_06_przejazdbramny-226x300.jpg 226w, http:\/\/lapidarium.fundacja-hereditas.pl\/wp-content\/uploads\/2022\/10\/MM_Warszawa_Mokotowska50_06_przejazdbramny-772x1024.jpg 772w, http:\/\/lapidarium.fundacja-hereditas.pl\/wp-content\/uploads\/2022\/10\/MM_Warszawa_Mokotowska50_06_przejazdbramny-768x1019.jpg 768w, http:\/\/lapidarium.fundacja-hereditas.pl\/wp-content\/uploads\/2022\/10\/MM_Warszawa_Mokotowska50_06_przejazdbramny-1158x1536.jpg 1158w, http:\/\/lapidarium.fundacja-hereditas.pl\/wp-content\/uploads\/2022\/10\/MM_Warszawa_Mokotowska50_06_przejazdbramny-1544x2048.jpg 1544w, http:\/\/lapidarium.fundacja-hereditas.pl\/wp-content\/uploads\/2022\/10\/MM_Warszawa_Mokotowska50_06_przejazdbramny-150x199.jpg 150w, http:\/\/lapidarium.fundacja-hereditas.pl\/wp-content\/uploads\/2022\/10\/MM_Warszawa_Mokotowska50_06_przejazdbramny-300x398.jpg 300w, http:\/\/lapidarium.fundacja-hereditas.pl\/wp-content\/uploads\/2022\/10\/MM_Warszawa_Mokotowska50_06_przejazdbramny-696x923.jpg 696w, http:\/\/lapidarium.fundacja-hereditas.pl\/wp-content\/uploads\/2022\/10\/MM_Warszawa_Mokotowska50_06_przejazdbramny-1068x1417.jpg 1068w, http:\/\/lapidarium.fundacja-hereditas.pl\/wp-content\/uploads\/2022\/10\/MM_Warszawa_Mokotowska50_06_przejazdbramny-1920x2547.jpg 1920w\" sizes=\"auto, (max-width: 1930px) 100vw, 1930px\" \/><\/a><figcaption class=\"wp-element-caption\">Przejazd bramny. Widok ku ulicy. Odb\u00f3j podw\u00f3rzowy, p\u00f3\u0142nocny. Fot. Mariusz Majewski 2022 r., \u017ar\u00f3d\u0142o: AOD III.<\/figcaption><\/figure>\n\n\n\n<figure class=\"wp-block-image size-large\"><a href=\"http:\/\/lapidarium.fundacja-hereditas.pl\/wp-content\/uploads\/2022\/10\/MM_Warszawa_Mokotowska50_10_przejazdbramny_scianalewa_przesloskrajneodpodworza-scaled.jpg\"><img loading=\"lazy\" decoding=\"async\" width=\"1937\" height=\"2560\" data-id=\"11060\" src=\"http:\/\/lapidarium.fundacja-hereditas.pl\/wp-content\/uploads\/2022\/10\/MM_Warszawa_Mokotowska50_10_przejazdbramny_scianalewa_przesloskrajneodpodworza-scaled.jpg\" alt=\"Bogato zdobiony przejazd bramny. Wej\u015bcie do str\u00f3\u017c\u00f3wki (?), ponad kt\u00f3rym umieszczono gipsowy relief. Fot. Mariusz Majewski 2022 r., \u017ar\u00f3d\u0142o: AOD III.\" class=\"wp-image-11060\" srcset=\"http:\/\/lapidarium.fundacja-hereditas.pl\/wp-content\/uploads\/2022\/10\/MM_Warszawa_Mokotowska50_10_przejazdbramny_scianalewa_przesloskrajneodpodworza-scaled.jpg 1937w, http:\/\/lapidarium.fundacja-hereditas.pl\/wp-content\/uploads\/2022\/10\/MM_Warszawa_Mokotowska50_10_przejazdbramny_scianalewa_przesloskrajneodpodworza-227x300.jpg 227w, http:\/\/lapidarium.fundacja-hereditas.pl\/wp-content\/uploads\/2022\/10\/MM_Warszawa_Mokotowska50_10_przejazdbramny_scianalewa_przesloskrajneodpodworza-775x1024.jpg 775w, http:\/\/lapidarium.fundacja-hereditas.pl\/wp-content\/uploads\/2022\/10\/MM_Warszawa_Mokotowska50_10_przejazdbramny_scianalewa_przesloskrajneodpodworza-768x1015.jpg 768w, http:\/\/lapidarium.fundacja-hereditas.pl\/wp-content\/uploads\/2022\/10\/MM_Warszawa_Mokotowska50_10_przejazdbramny_scianalewa_przesloskrajneodpodworza-1162x1536.jpg 1162w, http:\/\/lapidarium.fundacja-hereditas.pl\/wp-content\/uploads\/2022\/10\/MM_Warszawa_Mokotowska50_10_przejazdbramny_scianalewa_przesloskrajneodpodworza-1549x2048.jpg 1549w, http:\/\/lapidarium.fundacja-hereditas.pl\/wp-content\/uploads\/2022\/10\/MM_Warszawa_Mokotowska50_10_przejazdbramny_scianalewa_przesloskrajneodpodworza-150x198.jpg 150w, http:\/\/lapidarium.fundacja-hereditas.pl\/wp-content\/uploads\/2022\/10\/MM_Warszawa_Mokotowska50_10_przejazdbramny_scianalewa_przesloskrajneodpodworza-300x397.jpg 300w, http:\/\/lapidarium.fundacja-hereditas.pl\/wp-content\/uploads\/2022\/10\/MM_Warszawa_Mokotowska50_10_przejazdbramny_scianalewa_przesloskrajneodpodworza-696x920.jpg 696w, http:\/\/lapidarium.fundacja-hereditas.pl\/wp-content\/uploads\/2022\/10\/MM_Warszawa_Mokotowska50_10_przejazdbramny_scianalewa_przesloskrajneodpodworza-1068x1412.jpg 1068w, http:\/\/lapidarium.fundacja-hereditas.pl\/wp-content\/uploads\/2022\/10\/MM_Warszawa_Mokotowska50_10_przejazdbramny_scianalewa_przesloskrajneodpodworza-1920x2538.jpg 1920w\" sizes=\"auto, (max-width: 1937px) 100vw, 1937px\" \/><\/a><figcaption class=\"wp-element-caption\">Bogato zdobiony przejazd bramny. Wej\u015bcie do str\u00f3\u017c\u00f3wki (?), ponad kt\u00f3rym umieszczono gipsowy relief. Fot. Mariusz Majewski 2022 r., \u017ar\u00f3d\u0142o: AOD III.<\/figcaption><\/figure>\n\n\n\n<figure class=\"wp-block-image size-large\"><a href=\"http:\/\/lapidarium.fundacja-hereditas.pl\/wp-content\/uploads\/2022\/10\/MM_Warszawa_Mokotowska50_13_przejazdbramny_filarmiedzyprzeslowy_glowica-scaled.jpg\"><img loading=\"lazy\" decoding=\"async\" width=\"1902\" height=\"2560\" data-id=\"11062\" src=\"http:\/\/lapidarium.fundacja-hereditas.pl\/wp-content\/uploads\/2022\/10\/MM_Warszawa_Mokotowska50_13_przejazdbramny_filarmiedzyprzeslowy_glowica-scaled.jpg\" alt=\"Przejazd bramny. G\u0142owica na pilastrze. Fot. Mariusz Majewski 2022 r., \u017ar\u00f3d\u0142o: AOD III.\" class=\"wp-image-11062\" srcset=\"http:\/\/lapidarium.fundacja-hereditas.pl\/wp-content\/uploads\/2022\/10\/MM_Warszawa_Mokotowska50_13_przejazdbramny_filarmiedzyprzeslowy_glowica-scaled.jpg 1902w, http:\/\/lapidarium.fundacja-hereditas.pl\/wp-content\/uploads\/2022\/10\/MM_Warszawa_Mokotowska50_13_przejazdbramny_filarmiedzyprzeslowy_glowica-223x300.jpg 223w, http:\/\/lapidarium.fundacja-hereditas.pl\/wp-content\/uploads\/2022\/10\/MM_Warszawa_Mokotowska50_13_przejazdbramny_filarmiedzyprzeslowy_glowica-761x1024.jpg 761w\" sizes=\"auto, (max-width: 1902px) 100vw, 1902px\" \/><\/a><figcaption class=\"wp-element-caption\">Przejazd bramny. Konsola pilastra. Fot. Mariusz Majewski 2022 r., \u017ar\u00f3d\u0142o: AOD III.<\/figcaption><\/figure>\n\n\n\n<figure class=\"wp-block-image size-large\"><a href=\"http:\/\/lapidarium.fundacja-hereditas.pl\/wp-content\/uploads\/2022\/10\/MM_Warszawa_Mokotowska50_09_przejazdbramny_scianalewa_przesloskrajneodfrontu_relief-scaled.jpg\"><img loading=\"lazy\" decoding=\"async\" width=\"2560\" height=\"1905\" data-id=\"11059\" src=\"http:\/\/lapidarium.fundacja-hereditas.pl\/wp-content\/uploads\/2022\/10\/MM_Warszawa_Mokotowska50_09_przejazdbramny_scianalewa_przesloskrajneodfrontu_relief-scaled.jpg\" alt=\"Jeden z kilku gipsowych relief\u00f3w z cyklu: &quot;Prace i zabawy dzieci&quot;. Fot. Mariusz Majewski 2022 r., \u017ar\u00f3d\u0142o: AOD III.\" class=\"wp-image-11059\" srcset=\"http:\/\/lapidarium.fundacja-hereditas.pl\/wp-content\/uploads\/2022\/10\/MM_Warszawa_Mokotowska50_09_przejazdbramny_scianalewa_przesloskrajneodfrontu_relief-scaled.jpg 2560w, http:\/\/lapidarium.fundacja-hereditas.pl\/wp-content\/uploads\/2022\/10\/MM_Warszawa_Mokotowska50_09_przejazdbramny_scianalewa_przesloskrajneodfrontu_relief-300x223.jpg 300w, http:\/\/lapidarium.fundacja-hereditas.pl\/wp-content\/uploads\/2022\/10\/MM_Warszawa_Mokotowska50_09_przejazdbramny_scianalewa_przesloskrajneodfrontu_relief-1024x762.jpg 1024w, http:\/\/lapidarium.fundacja-hereditas.pl\/wp-content\/uploads\/2022\/10\/MM_Warszawa_Mokotowska50_09_przejazdbramny_scianalewa_przesloskrajneodfrontu_relief-768x571.jpg 768w, http:\/\/lapidarium.fundacja-hereditas.pl\/wp-content\/uploads\/2022\/10\/MM_Warszawa_Mokotowska50_09_przejazdbramny_scianalewa_przesloskrajneodfrontu_relief-1536x1143.jpg 1536w, http:\/\/lapidarium.fundacja-hereditas.pl\/wp-content\/uploads\/2022\/10\/MM_Warszawa_Mokotowska50_09_przejazdbramny_scianalewa_przesloskrajneodfrontu_relief-2048x1524.jpg 2048w, http:\/\/lapidarium.fundacja-hereditas.pl\/wp-content\/uploads\/2022\/10\/MM_Warszawa_Mokotowska50_09_przejazdbramny_scianalewa_przesloskrajneodfrontu_relief-150x112.jpg 150w, http:\/\/lapidarium.fundacja-hereditas.pl\/wp-content\/uploads\/2022\/10\/MM_Warszawa_Mokotowska50_09_przejazdbramny_scianalewa_przesloskrajneodfrontu_relief-485x360.jpg 485w, http:\/\/lapidarium.fundacja-hereditas.pl\/wp-content\/uploads\/2022\/10\/MM_Warszawa_Mokotowska50_09_przejazdbramny_scianalewa_przesloskrajneodfrontu_relief-696x518.jpg 696w, http:\/\/lapidarium.fundacja-hereditas.pl\/wp-content\/uploads\/2022\/10\/MM_Warszawa_Mokotowska50_09_przejazdbramny_scianalewa_przesloskrajneodfrontu_relief-1068x795.jpg 1068w, http:\/\/lapidarium.fundacja-hereditas.pl\/wp-content\/uploads\/2022\/10\/MM_Warszawa_Mokotowska50_09_przejazdbramny_scianalewa_przesloskrajneodfrontu_relief-1920x1428.jpg 1920w\" sizes=\"auto, (max-width: 2560px) 100vw, 2560px\" \/><\/a><figcaption class=\"wp-element-caption\">Jeden z kilku gipsowych relief\u00f3w z cyklu: &#8222;Prace i zabawy dzieci&#8221;. Fot. Mariusz Majewski 2022 r., \u017ar\u00f3d\u0142o: AOD III.<\/figcaption><\/figure>\n\n\n\n<figure class=\"wp-block-image size-large\"><a href=\"http:\/\/lapidarium.fundacja-hereditas.pl\/wp-content\/uploads\/2022\/10\/MM_Warszawa_Mokotowska50_12_przejazdbramny_scianalewa_przeslosrodkowe_drzwi-scaled.jpg\"><img loading=\"lazy\" decoding=\"async\" width=\"1930\" height=\"2560\" data-id=\"11061\" src=\"http:\/\/lapidarium.fundacja-hereditas.pl\/wp-content\/uploads\/2022\/10\/MM_Warszawa_Mokotowska50_12_przejazdbramny_scianalewa_przeslosrodkowe_drzwi-scaled.jpg\" alt=\"Przejazd bramny. Wej\u015bcie na g\u0142\u00f3wn\u0105 klatk\u0119 schodow\u0105. Fot. Mariusz Majewski 2022 r., \u017ar\u00f3d\u0142o: AOD III.\" class=\"wp-image-11061\" srcset=\"http:\/\/lapidarium.fundacja-hereditas.pl\/wp-content\/uploads\/2022\/10\/MM_Warszawa_Mokotowska50_12_przejazdbramny_scianalewa_przeslosrodkowe_drzwi-scaled.jpg 1930w, http:\/\/lapidarium.fundacja-hereditas.pl\/wp-content\/uploads\/2022\/10\/MM_Warszawa_Mokotowska50_12_przejazdbramny_scianalewa_przeslosrodkowe_drzwi-226x300.jpg 226w, http:\/\/lapidarium.fundacja-hereditas.pl\/wp-content\/uploads\/2022\/10\/MM_Warszawa_Mokotowska50_12_przejazdbramny_scianalewa_przeslosrodkowe_drzwi-772x1024.jpg 772w, http:\/\/lapidarium.fundacja-hereditas.pl\/wp-content\/uploads\/2022\/10\/MM_Warszawa_Mokotowska50_12_przejazdbramny_scianalewa_przeslosrodkowe_drzwi-768x1019.jpg 768w, http:\/\/lapidarium.fundacja-hereditas.pl\/wp-content\/uploads\/2022\/10\/MM_Warszawa_Mokotowska50_12_przejazdbramny_scianalewa_przeslosrodkowe_drzwi-1158x1536.jpg 1158w, http:\/\/lapidarium.fundacja-hereditas.pl\/wp-content\/uploads\/2022\/10\/MM_Warszawa_Mokotowska50_12_przejazdbramny_scianalewa_przeslosrodkowe_drzwi-1544x2048.jpg 1544w, http:\/\/lapidarium.fundacja-hereditas.pl\/wp-content\/uploads\/2022\/10\/MM_Warszawa_Mokotowska50_12_przejazdbramny_scianalewa_przeslosrodkowe_drzwi-150x199.jpg 150w, http:\/\/lapidarium.fundacja-hereditas.pl\/wp-content\/uploads\/2022\/10\/MM_Warszawa_Mokotowska50_12_przejazdbramny_scianalewa_przeslosrodkowe_drzwi-300x398.jpg 300w, http:\/\/lapidarium.fundacja-hereditas.pl\/wp-content\/uploads\/2022\/10\/MM_Warszawa_Mokotowska50_12_przejazdbramny_scianalewa_przeslosrodkowe_drzwi-696x923.jpg 696w, http:\/\/lapidarium.fundacja-hereditas.pl\/wp-content\/uploads\/2022\/10\/MM_Warszawa_Mokotowska50_12_przejazdbramny_scianalewa_przeslosrodkowe_drzwi-1068x1417.jpg 1068w, http:\/\/lapidarium.fundacja-hereditas.pl\/wp-content\/uploads\/2022\/10\/MM_Warszawa_Mokotowska50_12_przejazdbramny_scianalewa_przeslosrodkowe_drzwi-1920x2547.jpg 1920w\" sizes=\"auto, (max-width: 1930px) 100vw, 1930px\" \/><\/a><figcaption class=\"wp-element-caption\">Przejazd bramny. Wej\u015bcie na g\u0142\u00f3wn\u0105 klatk\u0119 schodow\u0105. Fot. Mariusz Majewski 2022 r., \u017ar\u00f3d\u0142o: AOD III.<\/figcaption><\/figure>\n\n\n\n<figure class=\"wp-block-image size-large\"><a href=\"http:\/\/lapidarium.fundacja-hereditas.pl\/wp-content\/uploads\/2022\/10\/MM_Warszawa_Mokotowska50_16_parter_balustrada_slupek-scaled.jpg\"><img loading=\"lazy\" decoding=\"async\" width=\"1940\" height=\"2560\" data-id=\"11064\" src=\"http:\/\/lapidarium.fundacja-hereditas.pl\/wp-content\/uploads\/2022\/10\/MM_Warszawa_Mokotowska50_16_parter_balustrada_slupek-scaled.jpg\" alt=\"\" class=\"wp-image-11064\" srcset=\"http:\/\/lapidarium.fundacja-hereditas.pl\/wp-content\/uploads\/2022\/10\/MM_Warszawa_Mokotowska50_16_parter_balustrada_slupek-scaled.jpg 1940w, http:\/\/lapidarium.fundacja-hereditas.pl\/wp-content\/uploads\/2022\/10\/MM_Warszawa_Mokotowska50_16_parter_balustrada_slupek-227x300.jpg 227w, http:\/\/lapidarium.fundacja-hereditas.pl\/wp-content\/uploads\/2022\/10\/MM_Warszawa_Mokotowska50_16_parter_balustrada_slupek-776x1024.jpg 776w, http:\/\/lapidarium.fundacja-hereditas.pl\/wp-content\/uploads\/2022\/10\/MM_Warszawa_Mokotowska50_16_parter_balustrada_slupek-768x1014.jpg 768w, http:\/\/lapidarium.fundacja-hereditas.pl\/wp-content\/uploads\/2022\/10\/MM_Warszawa_Mokotowska50_16_parter_balustrada_slupek-1164x1536.jpg 1164w, http:\/\/lapidarium.fundacja-hereditas.pl\/wp-content\/uploads\/2022\/10\/MM_Warszawa_Mokotowska50_16_parter_balustrada_slupek-1552x2048.jpg 1552w, http:\/\/lapidarium.fundacja-hereditas.pl\/wp-content\/uploads\/2022\/10\/MM_Warszawa_Mokotowska50_16_parter_balustrada_slupek-150x198.jpg 150w, http:\/\/lapidarium.fundacja-hereditas.pl\/wp-content\/uploads\/2022\/10\/MM_Warszawa_Mokotowska50_16_parter_balustrada_slupek-300x396.jpg 300w, http:\/\/lapidarium.fundacja-hereditas.pl\/wp-content\/uploads\/2022\/10\/MM_Warszawa_Mokotowska50_16_parter_balustrada_slupek-696x919.jpg 696w, http:\/\/lapidarium.fundacja-hereditas.pl\/wp-content\/uploads\/2022\/10\/MM_Warszawa_Mokotowska50_16_parter_balustrada_slupek-1068x1410.jpg 1068w, http:\/\/lapidarium.fundacja-hereditas.pl\/wp-content\/uploads\/2022\/10\/MM_Warszawa_Mokotowska50_16_parter_balustrada_slupek-1920x2534.jpg 1920w\" sizes=\"auto, (max-width: 1940px) 100vw, 1940px\" \/><\/a><\/figure>\n\n\n\n<figure class=\"wp-block-image size-large\"><a href=\"http:\/\/lapidarium.fundacja-hereditas.pl\/wp-content\/uploads\/2022\/10\/MM_Warszawa_Mokotowska50_20_Ipolpietro_balustrada_prety-scaled.jpg\"><img loading=\"lazy\" decoding=\"async\" width=\"1926\" height=\"2560\" data-id=\"11066\" src=\"http:\/\/lapidarium.fundacja-hereditas.pl\/wp-content\/uploads\/2022\/10\/MM_Warszawa_Mokotowska50_20_Ipolpietro_balustrada_prety-scaled.jpg\" alt=\"G\u0142\u00f3wna klatka schodowa. Kuta balustrada, marmurowe schody. Fot. Mariusz Majewski 2022 r., \u017ar\u00f3d\u0142o: AOD III.\" class=\"wp-image-11066\" srcset=\"http:\/\/lapidarium.fundacja-hereditas.pl\/wp-content\/uploads\/2022\/10\/MM_Warszawa_Mokotowska50_20_Ipolpietro_balustrada_prety-scaled.jpg 1926w, http:\/\/lapidarium.fundacja-hereditas.pl\/wp-content\/uploads\/2022\/10\/MM_Warszawa_Mokotowska50_20_Ipolpietro_balustrada_prety-226x300.jpg 226w, http:\/\/lapidarium.fundacja-hereditas.pl\/wp-content\/uploads\/2022\/10\/MM_Warszawa_Mokotowska50_20_Ipolpietro_balustrada_prety-770x1024.jpg 770w, http:\/\/lapidarium.fundacja-hereditas.pl\/wp-content\/uploads\/2022\/10\/MM_Warszawa_Mokotowska50_20_Ipolpietro_balustrada_prety-768x1021.jpg 768w, http:\/\/lapidarium.fundacja-hereditas.pl\/wp-content\/uploads\/2022\/10\/MM_Warszawa_Mokotowska50_20_Ipolpietro_balustrada_prety-1156x1536.jpg 1156w, http:\/\/lapidarium.fundacja-hereditas.pl\/wp-content\/uploads\/2022\/10\/MM_Warszawa_Mokotowska50_20_Ipolpietro_balustrada_prety-1541x2048.jpg 1541w, http:\/\/lapidarium.fundacja-hereditas.pl\/wp-content\/uploads\/2022\/10\/MM_Warszawa_Mokotowska50_20_Ipolpietro_balustrada_prety-150x199.jpg 150w, http:\/\/lapidarium.fundacja-hereditas.pl\/wp-content\/uploads\/2022\/10\/MM_Warszawa_Mokotowska50_20_Ipolpietro_balustrada_prety-300x399.jpg 300w, http:\/\/lapidarium.fundacja-hereditas.pl\/wp-content\/uploads\/2022\/10\/MM_Warszawa_Mokotowska50_20_Ipolpietro_balustrada_prety-696x925.jpg 696w, http:\/\/lapidarium.fundacja-hereditas.pl\/wp-content\/uploads\/2022\/10\/MM_Warszawa_Mokotowska50_20_Ipolpietro_balustrada_prety-1068x1419.jpg 1068w, http:\/\/lapidarium.fundacja-hereditas.pl\/wp-content\/uploads\/2022\/10\/MM_Warszawa_Mokotowska50_20_Ipolpietro_balustrada_prety-1920x2552.jpg 1920w\" sizes=\"auto, (max-width: 1926px) 100vw, 1926px\" \/><\/a><figcaption class=\"wp-element-caption\">G\u0142\u00f3wna klatka schodowa. Kuta balustrada, marmurowe schody. Fot. Mariusz Majewski 2022 r., \u017ar\u00f3d\u0142o: AOD III.<\/figcaption><\/figure>\n\n\n\n<figure class=\"wp-block-image size-large\"><a href=\"http:\/\/lapidarium.fundacja-hereditas.pl\/wp-content\/uploads\/2022\/10\/Mokotowska_50_Warszawa_budynek_frontowy_klatka_schodowa_policzki_schodow1_Maksymiuk_Malgorzata-scaled.jpg\"><img loading=\"lazy\" decoding=\"async\" width=\"2560\" height=\"1719\" data-id=\"11079\" src=\"http:\/\/lapidarium.fundacja-hereditas.pl\/wp-content\/uploads\/2022\/10\/Mokotowska_50_Warszawa_budynek_frontowy_klatka_schodowa_policzki_schodow1_Maksymiuk_Malgorzata-scaled.jpg\" alt=\"G\u0142\u00f3wna klatka schodowa. Policzki schod\u00f3w. Fot. Ma\u0142gorzata Maksymiuk 2022 r., \u017ar\u00f3d\u0142o: AOD III.\" class=\"wp-image-11079\" srcset=\"http:\/\/lapidarium.fundacja-hereditas.pl\/wp-content\/uploads\/2022\/10\/Mokotowska_50_Warszawa_budynek_frontowy_klatka_schodowa_policzki_schodow1_Maksymiuk_Malgorzata-scaled.jpg 2560w, http:\/\/lapidarium.fundacja-hereditas.pl\/wp-content\/uploads\/2022\/10\/Mokotowska_50_Warszawa_budynek_frontowy_klatka_schodowa_policzki_schodow1_Maksymiuk_Malgorzata-300x201.jpg 300w, http:\/\/lapidarium.fundacja-hereditas.pl\/wp-content\/uploads\/2022\/10\/Mokotowska_50_Warszawa_budynek_frontowy_klatka_schodowa_policzki_schodow1_Maksymiuk_Malgorzata-1024x688.jpg 1024w, http:\/\/lapidarium.fundacja-hereditas.pl\/wp-content\/uploads\/2022\/10\/Mokotowska_50_Warszawa_budynek_frontowy_klatka_schodowa_policzki_schodow1_Maksymiuk_Malgorzata-768x516.jpg 768w, http:\/\/lapidarium.fundacja-hereditas.pl\/wp-content\/uploads\/2022\/10\/Mokotowska_50_Warszawa_budynek_frontowy_klatka_schodowa_policzki_schodow1_Maksymiuk_Malgorzata-1536x1032.jpg 1536w, http:\/\/lapidarium.fundacja-hereditas.pl\/wp-content\/uploads\/2022\/10\/Mokotowska_50_Warszawa_budynek_frontowy_klatka_schodowa_policzki_schodow1_Maksymiuk_Malgorzata-2048x1375.jpg 2048w, http:\/\/lapidarium.fundacja-hereditas.pl\/wp-content\/uploads\/2022\/10\/Mokotowska_50_Warszawa_budynek_frontowy_klatka_schodowa_policzki_schodow1_Maksymiuk_Malgorzata-150x101.jpg 150w, http:\/\/lapidarium.fundacja-hereditas.pl\/wp-content\/uploads\/2022\/10\/Mokotowska_50_Warszawa_budynek_frontowy_klatka_schodowa_policzki_schodow1_Maksymiuk_Malgorzata-696x467.jpg 696w, http:\/\/lapidarium.fundacja-hereditas.pl\/wp-content\/uploads\/2022\/10\/Mokotowska_50_Warszawa_budynek_frontowy_klatka_schodowa_policzki_schodow1_Maksymiuk_Malgorzata-1068x717.jpg 1068w, http:\/\/lapidarium.fundacja-hereditas.pl\/wp-content\/uploads\/2022\/10\/Mokotowska_50_Warszawa_budynek_frontowy_klatka_schodowa_policzki_schodow1_Maksymiuk_Malgorzata-1920x1289.jpg 1920w\" sizes=\"auto, (max-width: 2560px) 100vw, 2560px\" \/><\/a><figcaption class=\"wp-element-caption\">G\u0142\u00f3wna klatka schodowa. Policzki schod\u00f3w. Fot. Ma\u0142gorzata Maksymiuk 2022 r., \u017ar\u00f3d\u0142o: AOD III.<\/figcaption><\/figure>\n\n\n\n<figure class=\"wp-block-image size-large\"><a href=\"http:\/\/lapidarium.fundacja-hereditas.pl\/wp-content\/uploads\/2022\/10\/MM_Warszawa_Mokotowska50_18_Ipolpietro_balustrada_porecz-scaled.jpg\"><img loading=\"lazy\" decoding=\"async\" width=\"1940\" height=\"2560\" data-id=\"11065\" src=\"http:\/\/lapidarium.fundacja-hereditas.pl\/wp-content\/uploads\/2022\/10\/MM_Warszawa_Mokotowska50_18_Ipolpietro_balustrada_porecz-scaled.jpg\" alt=\"\" class=\"wp-image-11065\" srcset=\"http:\/\/lapidarium.fundacja-hereditas.pl\/wp-content\/uploads\/2022\/10\/MM_Warszawa_Mokotowska50_18_Ipolpietro_balustrada_porecz-scaled.jpg 1940w, http:\/\/lapidarium.fundacja-hereditas.pl\/wp-content\/uploads\/2022\/10\/MM_Warszawa_Mokotowska50_18_Ipolpietro_balustrada_porecz-227x300.jpg 227w, http:\/\/lapidarium.fundacja-hereditas.pl\/wp-content\/uploads\/2022\/10\/MM_Warszawa_Mokotowska50_18_Ipolpietro_balustrada_porecz-776x1024.jpg 776w, http:\/\/lapidarium.fundacja-hereditas.pl\/wp-content\/uploads\/2022\/10\/MM_Warszawa_Mokotowska50_18_Ipolpietro_balustrada_porecz-768x1013.jpg 768w, http:\/\/lapidarium.fundacja-hereditas.pl\/wp-content\/uploads\/2022\/10\/MM_Warszawa_Mokotowska50_18_Ipolpietro_balustrada_porecz-1164x1536.jpg 1164w, http:\/\/lapidarium.fundacja-hereditas.pl\/wp-content\/uploads\/2022\/10\/MM_Warszawa_Mokotowska50_18_Ipolpietro_balustrada_porecz-1552x2048.jpg 1552w, http:\/\/lapidarium.fundacja-hereditas.pl\/wp-content\/uploads\/2022\/10\/MM_Warszawa_Mokotowska50_18_Ipolpietro_balustrada_porecz-150x198.jpg 150w, http:\/\/lapidarium.fundacja-hereditas.pl\/wp-content\/uploads\/2022\/10\/MM_Warszawa_Mokotowska50_18_Ipolpietro_balustrada_porecz-300x396.jpg 300w, http:\/\/lapidarium.fundacja-hereditas.pl\/wp-content\/uploads\/2022\/10\/MM_Warszawa_Mokotowska50_18_Ipolpietro_balustrada_porecz-696x918.jpg 696w, http:\/\/lapidarium.fundacja-hereditas.pl\/wp-content\/uploads\/2022\/10\/MM_Warszawa_Mokotowska50_18_Ipolpietro_balustrada_porecz-1068x1409.jpg 1068w, http:\/\/lapidarium.fundacja-hereditas.pl\/wp-content\/uploads\/2022\/10\/MM_Warszawa_Mokotowska50_18_Ipolpietro_balustrada_porecz-1920x2533.jpg 1920w\" sizes=\"auto, (max-width: 1940px) 100vw, 1940px\" \/><\/a><\/figure>\n\n\n\n<figure class=\"wp-block-image size-large\"><a href=\"http:\/\/lapidarium.fundacja-hereditas.pl\/wp-content\/uploads\/2022\/10\/Mokotowska_50_Warszawa_budynek_frontowy_drzwi_do_mieszkania2_Maksymiuk_Malgorzata-scaled.jpg\"><img loading=\"lazy\" decoding=\"async\" width=\"2560\" height=\"2213\" data-id=\"11075\" src=\"http:\/\/lapidarium.fundacja-hereditas.pl\/wp-content\/uploads\/2022\/10\/Mokotowska_50_Warszawa_budynek_frontowy_drzwi_do_mieszkania2_Maksymiuk_Malgorzata-scaled.jpg\" alt=\"G\u0142\u00f3wna klatka schodowa. Drzwi do mieszka\u0144. Ozdobne nadpro\u017ca. Fot. Ma\u0142gorzata Maksymiuk 2022 r., \u017ar\u00f3d\u0142o: AOD III.\" class=\"wp-image-11075\" srcset=\"http:\/\/lapidarium.fundacja-hereditas.pl\/wp-content\/uploads\/2022\/10\/Mokotowska_50_Warszawa_budynek_frontowy_drzwi_do_mieszkania2_Maksymiuk_Malgorzata-scaled.jpg 2560w, http:\/\/lapidarium.fundacja-hereditas.pl\/wp-content\/uploads\/2022\/10\/Mokotowska_50_Warszawa_budynek_frontowy_drzwi_do_mieszkania2_Maksymiuk_Malgorzata-300x259.jpg 300w, http:\/\/lapidarium.fundacja-hereditas.pl\/wp-content\/uploads\/2022\/10\/Mokotowska_50_Warszawa_budynek_frontowy_drzwi_do_mieszkania2_Maksymiuk_Malgorzata-1024x885.jpg 1024w, http:\/\/lapidarium.fundacja-hereditas.pl\/wp-content\/uploads\/2022\/10\/Mokotowska_50_Warszawa_budynek_frontowy_drzwi_do_mieszkania2_Maksymiuk_Malgorzata-768x664.jpg 768w, http:\/\/lapidarium.fundacja-hereditas.pl\/wp-content\/uploads\/2022\/10\/Mokotowska_50_Warszawa_budynek_frontowy_drzwi_do_mieszkania2_Maksymiuk_Malgorzata-1536x1328.jpg 1536w, http:\/\/lapidarium.fundacja-hereditas.pl\/wp-content\/uploads\/2022\/10\/Mokotowska_50_Warszawa_budynek_frontowy_drzwi_do_mieszkania2_Maksymiuk_Malgorzata-2048x1770.jpg 2048w, http:\/\/lapidarium.fundacja-hereditas.pl\/wp-content\/uploads\/2022\/10\/Mokotowska_50_Warszawa_budynek_frontowy_drzwi_do_mieszkania2_Maksymiuk_Malgorzata-150x130.jpg 150w, http:\/\/lapidarium.fundacja-hereditas.pl\/wp-content\/uploads\/2022\/10\/Mokotowska_50_Warszawa_budynek_frontowy_drzwi_do_mieszkania2_Maksymiuk_Malgorzata-696x602.jpg 696w, http:\/\/lapidarium.fundacja-hereditas.pl\/wp-content\/uploads\/2022\/10\/Mokotowska_50_Warszawa_budynek_frontowy_drzwi_do_mieszkania2_Maksymiuk_Malgorzata-1068x923.jpg 1068w, http:\/\/lapidarium.fundacja-hereditas.pl\/wp-content\/uploads\/2022\/10\/Mokotowska_50_Warszawa_budynek_frontowy_drzwi_do_mieszkania2_Maksymiuk_Malgorzata-1920x1660.jpg 1920w\" sizes=\"auto, (max-width: 2560px) 100vw, 2560px\" \/><\/a><figcaption class=\"wp-element-caption\">G\u0142\u00f3wna klatka schodowa. Drzwi do mieszka\u0144. Ozdobne nadpro\u017ca. Fot. Ma\u0142gorzata Maksymiuk 2022 r., \u017ar\u00f3d\u0142o: AOD III.<\/figcaption><\/figure>\n\n\n\n<figure class=\"wp-block-image size-large\"><a href=\"http:\/\/lapidarium.fundacja-hereditas.pl\/wp-content\/uploads\/2022\/10\/MM_Warszawa_Mokotowska50_22_Ipietro_mieszkanie4_drzwi_supraporta-scaled.jpg\"><img loading=\"lazy\" decoding=\"async\" width=\"2027\" height=\"2560\" data-id=\"11067\" src=\"http:\/\/lapidarium.fundacja-hereditas.pl\/wp-content\/uploads\/2022\/10\/MM_Warszawa_Mokotowska50_22_Ipietro_mieszkanie4_drzwi_supraporta-scaled.jpg\" alt=\"G\u0142\u00f3wna klatka. Ozdobne nadpro\u017ce - min. medalion pomi\u0119dzy girlandami. Fot. Mariusz Majewski 2022 r., \u017ar\u00f3d\u0142o: AOD III.\" class=\"wp-image-11067\" srcset=\"http:\/\/lapidarium.fundacja-hereditas.pl\/wp-content\/uploads\/2022\/10\/MM_Warszawa_Mokotowska50_22_Ipietro_mieszkanie4_drzwi_supraporta-scaled.jpg 2027w, http:\/\/lapidarium.fundacja-hereditas.pl\/wp-content\/uploads\/2022\/10\/MM_Warszawa_Mokotowska50_22_Ipietro_mieszkanie4_drzwi_supraporta-238x300.jpg 238w, http:\/\/lapidarium.fundacja-hereditas.pl\/wp-content\/uploads\/2022\/10\/MM_Warszawa_Mokotowska50_22_Ipietro_mieszkanie4_drzwi_supraporta-811x1024.jpg 811w, http:\/\/lapidarium.fundacja-hereditas.pl\/wp-content\/uploads\/2022\/10\/MM_Warszawa_Mokotowska50_22_Ipietro_mieszkanie4_drzwi_supraporta-768x970.jpg 768w, http:\/\/lapidarium.fundacja-hereditas.pl\/wp-content\/uploads\/2022\/10\/MM_Warszawa_Mokotowska50_22_Ipietro_mieszkanie4_drzwi_supraporta-1216x1536.jpg 1216w, http:\/\/lapidarium.fundacja-hereditas.pl\/wp-content\/uploads\/2022\/10\/MM_Warszawa_Mokotowska50_22_Ipietro_mieszkanie4_drzwi_supraporta-1622x2048.jpg 1622w, http:\/\/lapidarium.fundacja-hereditas.pl\/wp-content\/uploads\/2022\/10\/MM_Warszawa_Mokotowska50_22_Ipietro_mieszkanie4_drzwi_supraporta-150x189.jpg 150w, http:\/\/lapidarium.fundacja-hereditas.pl\/wp-content\/uploads\/2022\/10\/MM_Warszawa_Mokotowska50_22_Ipietro_mieszkanie4_drzwi_supraporta-300x379.jpg 300w, http:\/\/lapidarium.fundacja-hereditas.pl\/wp-content\/uploads\/2022\/10\/MM_Warszawa_Mokotowska50_22_Ipietro_mieszkanie4_drzwi_supraporta-696x879.jpg 696w, http:\/\/lapidarium.fundacja-hereditas.pl\/wp-content\/uploads\/2022\/10\/MM_Warszawa_Mokotowska50_22_Ipietro_mieszkanie4_drzwi_supraporta-1068x1349.jpg 1068w, http:\/\/lapidarium.fundacja-hereditas.pl\/wp-content\/uploads\/2022\/10\/MM_Warszawa_Mokotowska50_22_Ipietro_mieszkanie4_drzwi_supraporta-1920x2425.jpg 1920w\" sizes=\"auto, (max-width: 2027px) 100vw, 2027px\" \/><\/a><figcaption class=\"wp-element-caption\">G\u0142\u00f3wna klatka. Ozdobne nadpro\u017ce &#8211; min. medalion pomi\u0119dzy girlandami. Fot. Mariusz Majewski 2022 r., \u017ar\u00f3d\u0142o: AOD III.<\/figcaption><\/figure>\n\n\n\n<figure class=\"wp-block-image size-large\"><a href=\"http:\/\/lapidarium.fundacja-hereditas.pl\/wp-content\/uploads\/2022\/10\/MM_Warszawa_Mokotowska50_23_Ipietro_mieszkanie4_drzwi_supraporta_plaskorzezba-scaled.jpg\"><img loading=\"lazy\" decoding=\"async\" width=\"1922\" height=\"2560\" data-id=\"11068\" src=\"http:\/\/lapidarium.fundacja-hereditas.pl\/wp-content\/uploads\/2022\/10\/MM_Warszawa_Mokotowska50_23_Ipietro_mieszkanie4_drzwi_supraporta_plaskorzezba-scaled.jpg\" alt=\"G\u0142\u00f3wna klatka. Medalion z amorkami - \u015brodkowa cz\u0119\u015b\u0107 ozdobnego nadpro\u017ca. Fot. Mariusz Majewski 2022 r., \u017ar\u00f3d\u0142o: AOD III.\" class=\"wp-image-11068\" srcset=\"http:\/\/lapidarium.fundacja-hereditas.pl\/wp-content\/uploads\/2022\/10\/MM_Warszawa_Mokotowska50_23_Ipietro_mieszkanie4_drzwi_supraporta_plaskorzezba-scaled.jpg 1922w, http:\/\/lapidarium.fundacja-hereditas.pl\/wp-content\/uploads\/2022\/10\/MM_Warszawa_Mokotowska50_23_Ipietro_mieszkanie4_drzwi_supraporta_plaskorzezba-225x300.jpg 225w, http:\/\/lapidarium.fundacja-hereditas.pl\/wp-content\/uploads\/2022\/10\/MM_Warszawa_Mokotowska50_23_Ipietro_mieszkanie4_drzwi_supraporta_plaskorzezba-769x1024.jpg 769w, http:\/\/lapidarium.fundacja-hereditas.pl\/wp-content\/uploads\/2022\/10\/MM_Warszawa_Mokotowska50_23_Ipietro_mieszkanie4_drzwi_supraporta_plaskorzezba-768x1023.jpg 768w, http:\/\/lapidarium.fundacja-hereditas.pl\/wp-content\/uploads\/2022\/10\/MM_Warszawa_Mokotowska50_23_Ipietro_mieszkanie4_drzwi_supraporta_plaskorzezba-1153x1536.jpg 1153w, http:\/\/lapidarium.fundacja-hereditas.pl\/wp-content\/uploads\/2022\/10\/MM_Warszawa_Mokotowska50_23_Ipietro_mieszkanie4_drzwi_supraporta_plaskorzezba-1538x2048.jpg 1538w, http:\/\/lapidarium.fundacja-hereditas.pl\/wp-content\/uploads\/2022\/10\/MM_Warszawa_Mokotowska50_23_Ipietro_mieszkanie4_drzwi_supraporta_plaskorzezba-150x200.jpg 150w, http:\/\/lapidarium.fundacja-hereditas.pl\/wp-content\/uploads\/2022\/10\/MM_Warszawa_Mokotowska50_23_Ipietro_mieszkanie4_drzwi_supraporta_plaskorzezba-300x400.jpg 300w, http:\/\/lapidarium.fundacja-hereditas.pl\/wp-content\/uploads\/2022\/10\/MM_Warszawa_Mokotowska50_23_Ipietro_mieszkanie4_drzwi_supraporta_plaskorzezba-696x927.jpg 696w, http:\/\/lapidarium.fundacja-hereditas.pl\/wp-content\/uploads\/2022\/10\/MM_Warszawa_Mokotowska50_23_Ipietro_mieszkanie4_drzwi_supraporta_plaskorzezba-1068x1422.jpg 1068w, http:\/\/lapidarium.fundacja-hereditas.pl\/wp-content\/uploads\/2022\/10\/MM_Warszawa_Mokotowska50_23_Ipietro_mieszkanie4_drzwi_supraporta_plaskorzezba-1920x2557.jpg 1920w\" sizes=\"auto, (max-width: 1922px) 100vw, 1922px\" \/><\/a><figcaption class=\"wp-element-caption\">G\u0142\u00f3wna klatka. Medalion z amorkami &#8211; \u015brodkowa cz\u0119\u015b\u0107 ozdobnego nadpro\u017ca. Fot. Mariusz Majewski 2022 r., \u017ar\u00f3d\u0142o: AOD III.<\/figcaption><\/figure>\n\n\n\n<figure class=\"wp-block-image size-large\"><a href=\"http:\/\/lapidarium.fundacja-hereditas.pl\/wp-content\/uploads\/2022\/10\/MM_Warszawa_Mokotowska50_29_IIpietro_klatkaschodowa-scaled.jpg\"><img loading=\"lazy\" decoding=\"async\" width=\"1889\" height=\"2560\" data-id=\"11069\" src=\"http:\/\/lapidarium.fundacja-hereditas.pl\/wp-content\/uploads\/2022\/10\/MM_Warszawa_Mokotowska50_29_IIpietro_klatkaschodowa-scaled.jpg\" alt=\"G\u0142\u00f3wna klatka. Schody (marmurowe) na III pi\u0119tro. Fot. Mariusz Majewski 2022 r., \u017ar\u00f3d\u0142o: AOD III.\" class=\"wp-image-11069\" srcset=\"http:\/\/lapidarium.fundacja-hereditas.pl\/wp-content\/uploads\/2022\/10\/MM_Warszawa_Mokotowska50_29_IIpietro_klatkaschodowa-scaled.jpg 1889w, http:\/\/lapidarium.fundacja-hereditas.pl\/wp-content\/uploads\/2022\/10\/MM_Warszawa_Mokotowska50_29_IIpietro_klatkaschodowa-221x300.jpg 221w, http:\/\/lapidarium.fundacja-hereditas.pl\/wp-content\/uploads\/2022\/10\/MM_Warszawa_Mokotowska50_29_IIpietro_klatkaschodowa-756x1024.jpg 756w\" sizes=\"auto, (max-width: 1889px) 100vw, 1889px\" \/><\/a><figcaption class=\"wp-element-caption\">G\u0142\u00f3wna klatka. Schody (marmurowe) na III pi\u0119tro. Fot. Mariusz Majewski 2022 r., \u017ar\u00f3d\u0142o: AOD III.<\/figcaption><\/figure>\n\n\n\n<figure class=\"wp-block-image size-large\"><a href=\"http:\/\/lapidarium.fundacja-hereditas.pl\/wp-content\/uploads\/2022\/10\/MM_Warszawa_Mokotowska50_34_IIIpolpietro_okno-scaled.jpg\"><img loading=\"lazy\" decoding=\"async\" width=\"1944\" height=\"2560\" data-id=\"11070\" src=\"http:\/\/lapidarium.fundacja-hereditas.pl\/wp-content\/uploads\/2022\/10\/MM_Warszawa_Mokotowska50_34_IIIpolpietro_okno-scaled.jpg\" alt=\"G\u0142\u00f3wna klatka. Spocznik przed ostatnim pi\u0119trem. Ozdobne nadpro\u017ca. Fot. Mariusz Majewski 2022 r., \u017ar\u00f3d\u0142o: AOD III.\" class=\"wp-image-11070\" srcset=\"http:\/\/lapidarium.fundacja-hereditas.pl\/wp-content\/uploads\/2022\/10\/MM_Warszawa_Mokotowska50_34_IIIpolpietro_okno-scaled.jpg 1944w, http:\/\/lapidarium.fundacja-hereditas.pl\/wp-content\/uploads\/2022\/10\/MM_Warszawa_Mokotowska50_34_IIIpolpietro_okno-228x300.jpg 228w, http:\/\/lapidarium.fundacja-hereditas.pl\/wp-content\/uploads\/2022\/10\/MM_Warszawa_Mokotowska50_34_IIIpolpietro_okno-777x1024.jpg 777w, http:\/\/lapidarium.fundacja-hereditas.pl\/wp-content\/uploads\/2022\/10\/MM_Warszawa_Mokotowska50_34_IIIpolpietro_okno-768x1012.jpg 768w, http:\/\/lapidarium.fundacja-hereditas.pl\/wp-content\/uploads\/2022\/10\/MM_Warszawa_Mokotowska50_34_IIIpolpietro_okno-1166x1536.jpg 1166w, http:\/\/lapidarium.fundacja-hereditas.pl\/wp-content\/uploads\/2022\/10\/MM_Warszawa_Mokotowska50_34_IIIpolpietro_okno-1555x2048.jpg 1555w, http:\/\/lapidarium.fundacja-hereditas.pl\/wp-content\/uploads\/2022\/10\/MM_Warszawa_Mokotowska50_34_IIIpolpietro_okno-150x198.jpg 150w, http:\/\/lapidarium.fundacja-hereditas.pl\/wp-content\/uploads\/2022\/10\/MM_Warszawa_Mokotowska50_34_IIIpolpietro_okno-300x395.jpg 300w, http:\/\/lapidarium.fundacja-hereditas.pl\/wp-content\/uploads\/2022\/10\/MM_Warszawa_Mokotowska50_34_IIIpolpietro_okno-696x917.jpg 696w, http:\/\/lapidarium.fundacja-hereditas.pl\/wp-content\/uploads\/2022\/10\/MM_Warszawa_Mokotowska50_34_IIIpolpietro_okno-1068x1407.jpg 1068w, http:\/\/lapidarium.fundacja-hereditas.pl\/wp-content\/uploads\/2022\/10\/MM_Warszawa_Mokotowska50_34_IIIpolpietro_okno-1920x2529.jpg 1920w\" sizes=\"auto, (max-width: 1944px) 100vw, 1944px\" \/><\/a><figcaption class=\"wp-element-caption\">G\u0142\u00f3wna klatka. Spocznik przed ostatnim pi\u0119trem. Ozdobne nadpro\u017ca. Fot. Mariusz Majewski 2022 r., \u017ar\u00f3d\u0142o: AOD III.<\/figcaption><\/figure>\n\n\n\n<figure class=\"wp-block-image size-large\"><a href=\"http:\/\/lapidarium.fundacja-hereditas.pl\/wp-content\/uploads\/2022\/10\/MM_Warszawa_Mokotowska50_35_IIIpietro-scaled.jpg\"><img loading=\"lazy\" decoding=\"async\" width=\"1794\" height=\"2560\" data-id=\"11071\" src=\"http:\/\/lapidarium.fundacja-hereditas.pl\/wp-content\/uploads\/2022\/10\/MM_Warszawa_Mokotowska50_35_IIIpietro-scaled.jpg\" alt=\"G\u0142\u00f3wna klatka schodowa. Drzwi do mieszka\u0144 ostatniego pi\u0119tra. Ozdobne nadpro\u017ca. Fot. Mariusz Majewski 2022 r., \u017ar\u00f3d\u0142o: AOD III.\" class=\"wp-image-11071\" srcset=\"http:\/\/lapidarium.fundacja-hereditas.pl\/wp-content\/uploads\/2022\/10\/MM_Warszawa_Mokotowska50_35_IIIpietro-scaled.jpg 1794w, http:\/\/lapidarium.fundacja-hereditas.pl\/wp-content\/uploads\/2022\/10\/MM_Warszawa_Mokotowska50_35_IIIpietro-210x300.jpg 210w, http:\/\/lapidarium.fundacja-hereditas.pl\/wp-content\/uploads\/2022\/10\/MM_Warszawa_Mokotowska50_35_IIIpietro-717x1024.jpg 717w, http:\/\/lapidarium.fundacja-hereditas.pl\/wp-content\/uploads\/2022\/10\/MM_Warszawa_Mokotowska50_35_IIIpietro-768x1096.jpg 768w, http:\/\/lapidarium.fundacja-hereditas.pl\/wp-content\/uploads\/2022\/10\/MM_Warszawa_Mokotowska50_35_IIIpietro-1076x1536.jpg 1076w, http:\/\/lapidarium.fundacja-hereditas.pl\/wp-content\/uploads\/2022\/10\/MM_Warszawa_Mokotowska50_35_IIIpietro-1435x2048.jpg 1435w, http:\/\/lapidarium.fundacja-hereditas.pl\/wp-content\/uploads\/2022\/10\/MM_Warszawa_Mokotowska50_35_IIIpietro-150x214.jpg 150w, http:\/\/lapidarium.fundacja-hereditas.pl\/wp-content\/uploads\/2022\/10\/MM_Warszawa_Mokotowska50_35_IIIpietro-300x428.jpg 300w, http:\/\/lapidarium.fundacja-hereditas.pl\/wp-content\/uploads\/2022\/10\/MM_Warszawa_Mokotowska50_35_IIIpietro-696x993.jpg 696w, http:\/\/lapidarium.fundacja-hereditas.pl\/wp-content\/uploads\/2022\/10\/MM_Warszawa_Mokotowska50_35_IIIpietro-1068x1524.jpg 1068w, http:\/\/lapidarium.fundacja-hereditas.pl\/wp-content\/uploads\/2022\/10\/MM_Warszawa_Mokotowska50_35_IIIpietro-1920x2740.jpg 1920w\" sizes=\"auto, (max-width: 1794px) 100vw, 1794px\" \/><\/a><figcaption class=\"wp-element-caption\">G\u0142\u00f3wna klatka schodowa. Drzwi do mieszka\u0144 ostatniego pi\u0119tra. Ozdobne nadpro\u017ca. Fot. Mariusz Majewski 2022 r., \u017ar\u00f3d\u0142o: AOD III.<\/figcaption><\/figure>\n\n\n\n<figure class=\"wp-block-image size-large\"><a href=\"http:\/\/lapidarium.fundacja-hereditas.pl\/wp-content\/uploads\/2022\/10\/Mokotowska_50_podworko_elewacja-scaled.jpg\"><img loading=\"lazy\" decoding=\"async\" width=\"1932\" height=\"2560\" data-id=\"11073\" src=\"http:\/\/lapidarium.fundacja-hereditas.pl\/wp-content\/uploads\/2022\/10\/Mokotowska_50_podworko_elewacja-scaled.jpg\" alt=\"Po\u0142udniowy naro\u017cnik podw\u00f3rza. Fot. Marta Ku\u017ami\u0144ska 2022 r., \u017ar\u00f3d\u0142o: AOD III.\" class=\"wp-image-11073\" srcset=\"http:\/\/lapidarium.fundacja-hereditas.pl\/wp-content\/uploads\/2022\/10\/Mokotowska_50_podworko_elewacja-scaled.jpg 1932w, http:\/\/lapidarium.fundacja-hereditas.pl\/wp-content\/uploads\/2022\/10\/Mokotowska_50_podworko_elewacja-226x300.jpg 226w, http:\/\/lapidarium.fundacja-hereditas.pl\/wp-content\/uploads\/2022\/10\/Mokotowska_50_podworko_elewacja-773x1024.jpg 773w, http:\/\/lapidarium.fundacja-hereditas.pl\/wp-content\/uploads\/2022\/10\/Mokotowska_50_podworko_elewacja-768x1018.jpg 768w, http:\/\/lapidarium.fundacja-hereditas.pl\/wp-content\/uploads\/2022\/10\/Mokotowska_50_podworko_elewacja-1159x1536.jpg 1159w, http:\/\/lapidarium.fundacja-hereditas.pl\/wp-content\/uploads\/2022\/10\/Mokotowska_50_podworko_elewacja-1545x2048.jpg 1545w, http:\/\/lapidarium.fundacja-hereditas.pl\/wp-content\/uploads\/2022\/10\/Mokotowska_50_podworko_elewacja-150x199.jpg 150w, http:\/\/lapidarium.fundacja-hereditas.pl\/wp-content\/uploads\/2022\/10\/Mokotowska_50_podworko_elewacja-300x398.jpg 300w, http:\/\/lapidarium.fundacja-hereditas.pl\/wp-content\/uploads\/2022\/10\/Mokotowska_50_podworko_elewacja-696x922.jpg 696w, http:\/\/lapidarium.fundacja-hereditas.pl\/wp-content\/uploads\/2022\/10\/Mokotowska_50_podworko_elewacja-1068x1415.jpg 1068w, http:\/\/lapidarium.fundacja-hereditas.pl\/wp-content\/uploads\/2022\/10\/Mokotowska_50_podworko_elewacja-1920x2545.jpg 1920w\" sizes=\"auto, (max-width: 1932px) 100vw, 1932px\" \/><\/a><figcaption class=\"wp-element-caption\">Po\u0142udniowy naro\u017cnik podw\u00f3rza. Fot. Marta Ku\u017ami\u0144ska 2022 r., \u017ar\u00f3d\u0142o: AOD III.<\/figcaption><\/figure>\n\n\n\n<figure class=\"wp-block-image size-large\"><a href=\"http:\/\/lapidarium.fundacja-hereditas.pl\/wp-content\/uploads\/2022\/10\/Mokotowska_50_podworkoelewacja-scaled.jpg\"><img loading=\"lazy\" decoding=\"async\" width=\"1900\" height=\"2560\" data-id=\"11072\" src=\"http:\/\/lapidarium.fundacja-hereditas.pl\/wp-content\/uploads\/2022\/10\/Mokotowska_50_podworkoelewacja-scaled.jpg\" alt=\"Ty\u0142 domu frontowego. Cz\u0119\u015b\u0107 po\u0142udniowa. Fot. Marta Ku\u017ami\u0144ska 2022 r., \u017ar\u00f3d\u0142o: AOD III.\" class=\"wp-image-11072\" srcset=\"http:\/\/lapidarium.fundacja-hereditas.pl\/wp-content\/uploads\/2022\/10\/Mokotowska_50_podworkoelewacja-scaled.jpg 1900w, http:\/\/lapidarium.fundacja-hereditas.pl\/wp-content\/uploads\/2022\/10\/Mokotowska_50_podworkoelewacja-223x300.jpg 223w, http:\/\/lapidarium.fundacja-hereditas.pl\/wp-content\/uploads\/2022\/10\/Mokotowska_50_podworkoelewacja-760x1024.jpg 760w, http:\/\/lapidarium.fundacja-hereditas.pl\/wp-content\/uploads\/2022\/10\/Mokotowska_50_podworkoelewacja-768x1035.jpg 768w, http:\/\/lapidarium.fundacja-hereditas.pl\/wp-content\/uploads\/2022\/10\/Mokotowska_50_podworkoelewacja-1140x1536.jpg 1140w, http:\/\/lapidarium.fundacja-hereditas.pl\/wp-content\/uploads\/2022\/10\/Mokotowska_50_podworkoelewacja-1520x2048.jpg 1520w, http:\/\/lapidarium.fundacja-hereditas.pl\/wp-content\/uploads\/2022\/10\/Mokotowska_50_podworkoelewacja-150x202.jpg 150w, http:\/\/lapidarium.fundacja-hereditas.pl\/wp-content\/uploads\/2022\/10\/Mokotowska_50_podworkoelewacja-300x404.jpg 300w, http:\/\/lapidarium.fundacja-hereditas.pl\/wp-content\/uploads\/2022\/10\/Mokotowska_50_podworkoelewacja-696x938.jpg 696w, http:\/\/lapidarium.fundacja-hereditas.pl\/wp-content\/uploads\/2022\/10\/Mokotowska_50_podworkoelewacja-1068x1439.jpg 1068w, http:\/\/lapidarium.fundacja-hereditas.pl\/wp-content\/uploads\/2022\/10\/Mokotowska_50_podworkoelewacja-1920x2586.jpg 1920w\" sizes=\"auto, (max-width: 1900px) 100vw, 1900px\" \/><\/a><figcaption class=\"wp-element-caption\">Ty\u0142 domu frontowego. Cz\u0119\u015b\u0107 po\u0142udniowa. Fot. Marta Ku\u017ami\u0144ska 2022 r., \u017ar\u00f3d\u0142o: AOD III.<\/figcaption><\/figure>\n\n\n\n<figure class=\"wp-block-image size-large\"><a href=\"http:\/\/lapidarium.fundacja-hereditas.pl\/wp-content\/uploads\/2022\/10\/Mokotowska_50_podworko_wykusz-scaled.jpg\"><img loading=\"lazy\" decoding=\"async\" width=\"2051\" height=\"2560\" data-id=\"11074\" src=\"http:\/\/lapidarium.fundacja-hereditas.pl\/wp-content\/uploads\/2022\/10\/Mokotowska_50_podworko_wykusz-scaled.jpg\" alt=\"Ryzalit g\u0142\u00f3wnej klatki schodowej - widok od podw\u00f3rza. Fot. Marta Ku\u017ami\u0144ska 2022 r., \u017ar\u00f3d\u0142o: AOD III.\" class=\"wp-image-11074\" srcset=\"http:\/\/lapidarium.fundacja-hereditas.pl\/wp-content\/uploads\/2022\/10\/Mokotowska_50_podworko_wykusz-scaled.jpg 2051w, http:\/\/lapidarium.fundacja-hereditas.pl\/wp-content\/uploads\/2022\/10\/Mokotowska_50_podworko_wykusz-240x300.jpg 240w, http:\/\/lapidarium.fundacja-hereditas.pl\/wp-content\/uploads\/2022\/10\/Mokotowska_50_podworko_wykusz-820x1024.jpg 820w, http:\/\/lapidarium.fundacja-hereditas.pl\/wp-content\/uploads\/2022\/10\/Mokotowska_50_podworko_wykusz-768x959.jpg 768w, http:\/\/lapidarium.fundacja-hereditas.pl\/wp-content\/uploads\/2022\/10\/Mokotowska_50_podworko_wykusz-1231x1536.jpg 1231w, http:\/\/lapidarium.fundacja-hereditas.pl\/wp-content\/uploads\/2022\/10\/Mokotowska_50_podworko_wykusz-1641x2048.jpg 1641w, http:\/\/lapidarium.fundacja-hereditas.pl\/wp-content\/uploads\/2022\/10\/Mokotowska_50_podworko_wykusz-150x187.jpg 150w, http:\/\/lapidarium.fundacja-hereditas.pl\/wp-content\/uploads\/2022\/10\/Mokotowska_50_podworko_wykusz-300x374.jpg 300w, http:\/\/lapidarium.fundacja-hereditas.pl\/wp-content\/uploads\/2022\/10\/Mokotowska_50_podworko_wykusz-696x869.jpg 696w, http:\/\/lapidarium.fundacja-hereditas.pl\/wp-content\/uploads\/2022\/10\/Mokotowska_50_podworko_wykusz-1068x1333.jpg 1068w, http:\/\/lapidarium.fundacja-hereditas.pl\/wp-content\/uploads\/2022\/10\/Mokotowska_50_podworko_wykusz-1920x2396.jpg 1920w\" sizes=\"auto, (max-width: 2051px) 100vw, 2051px\" \/><\/a><figcaption class=\"wp-element-caption\">Ryzalit g\u0142\u00f3wnej klatki schodowej &#8211; widok od podw\u00f3rza. Fot. Marta Ku\u017ami\u0144ska 2022 r., \u017ar\u00f3d\u0142o: AOD III.<\/figcaption><\/figure>\n\n\n\n<figure class=\"wp-block-image size-large\"><a href=\"http:\/\/lapidarium.fundacja-hereditas.pl\/wp-content\/uploads\/2022\/10\/MM_Warszawa_Mokotowska50_14_elewacjatylnia-scaled.jpg\"><img loading=\"lazy\" decoding=\"async\" width=\"1947\" height=\"2560\" data-id=\"11063\" src=\"http:\/\/lapidarium.fundacja-hereditas.pl\/wp-content\/uploads\/2022\/10\/MM_Warszawa_Mokotowska50_14_elewacjatylnia-scaled.jpg\" alt=\"P\u00f3\u0142nocny naro\u017cnik podw\u00f3rza. Fot. Mariusz Majewski 2022 r., \u017ar\u00f3d\u0142o: AOD III.\" class=\"wp-image-11063\" srcset=\"http:\/\/lapidarium.fundacja-hereditas.pl\/wp-content\/uploads\/2022\/10\/MM_Warszawa_Mokotowska50_14_elewacjatylnia-scaled.jpg 1947w, http:\/\/lapidarium.fundacja-hereditas.pl\/wp-content\/uploads\/2022\/10\/MM_Warszawa_Mokotowska50_14_elewacjatylnia-228x300.jpg 228w, http:\/\/lapidarium.fundacja-hereditas.pl\/wp-content\/uploads\/2022\/10\/MM_Warszawa_Mokotowska50_14_elewacjatylnia-779x1024.jpg 779w, http:\/\/lapidarium.fundacja-hereditas.pl\/wp-content\/uploads\/2022\/10\/MM_Warszawa_Mokotowska50_14_elewacjatylnia-768x1010.jpg 768w, http:\/\/lapidarium.fundacja-hereditas.pl\/wp-content\/uploads\/2022\/10\/MM_Warszawa_Mokotowska50_14_elewacjatylnia-1168x1536.jpg 1168w, http:\/\/lapidarium.fundacja-hereditas.pl\/wp-content\/uploads\/2022\/10\/MM_Warszawa_Mokotowska50_14_elewacjatylnia-1557x2048.jpg 1557w, http:\/\/lapidarium.fundacja-hereditas.pl\/wp-content\/uploads\/2022\/10\/MM_Warszawa_Mokotowska50_14_elewacjatylnia-150x197.jpg 150w, http:\/\/lapidarium.fundacja-hereditas.pl\/wp-content\/uploads\/2022\/10\/MM_Warszawa_Mokotowska50_14_elewacjatylnia-300x395.jpg 300w, http:\/\/lapidarium.fundacja-hereditas.pl\/wp-content\/uploads\/2022\/10\/MM_Warszawa_Mokotowska50_14_elewacjatylnia-696x915.jpg 696w, http:\/\/lapidarium.fundacja-hereditas.pl\/wp-content\/uploads\/2022\/10\/MM_Warszawa_Mokotowska50_14_elewacjatylnia-1068x1405.jpg 1068w, http:\/\/lapidarium.fundacja-hereditas.pl\/wp-content\/uploads\/2022\/10\/MM_Warszawa_Mokotowska50_14_elewacjatylnia-1920x2525.jpg 1920w\" sizes=\"auto, (max-width: 1947px) 100vw, 1947px\" \/><\/a><figcaption class=\"wp-element-caption\">P\u00f3\u0142nocny naro\u017cnik podw\u00f3rza. Fot. Mariusz Majewski 2022 r., \u017ar\u00f3d\u0142o: AOD III.<\/figcaption><\/figure>\n\n\n\n<figure class=\"wp-block-image size-large\"><a href=\"http:\/\/lapidarium.fundacja-hereditas.pl\/wp-content\/uploads\/2022\/10\/Mokotowska_50_Warszawa_oficyna_boczna_od_podworza_wspornik_balkonu1_Maksymiuk_Malgorzata-scaled.jpg\"><img loading=\"lazy\" decoding=\"async\" width=\"2560\" height=\"1724\" data-id=\"11081\" src=\"http:\/\/lapidarium.fundacja-hereditas.pl\/wp-content\/uploads\/2022\/10\/Mokotowska_50_Warszawa_oficyna_boczna_od_podworza_wspornik_balkonu1_Maksymiuk_Malgorzata-scaled.jpg\" alt=\"Podw\u00f3rko. Oficyna p\u00f3\u0142nocna. Wspornik balkonowy podpiera daszek - kopia. Fot. Ma\u0142gorzata Maksymiuk 2022 r., \u017ar\u00f3d\u0142o: AOD III.\" class=\"wp-image-11081\" srcset=\"http:\/\/lapidarium.fundacja-hereditas.pl\/wp-content\/uploads\/2022\/10\/Mokotowska_50_Warszawa_oficyna_boczna_od_podworza_wspornik_balkonu1_Maksymiuk_Malgorzata-scaled.jpg 2560w, http:\/\/lapidarium.fundacja-hereditas.pl\/wp-content\/uploads\/2022\/10\/Mokotowska_50_Warszawa_oficyna_boczna_od_podworza_wspornik_balkonu1_Maksymiuk_Malgorzata-300x202.jpg 300w, http:\/\/lapidarium.fundacja-hereditas.pl\/wp-content\/uploads\/2022\/10\/Mokotowska_50_Warszawa_oficyna_boczna_od_podworza_wspornik_balkonu1_Maksymiuk_Malgorzata-1024x690.jpg 1024w, http:\/\/lapidarium.fundacja-hereditas.pl\/wp-content\/uploads\/2022\/10\/Mokotowska_50_Warszawa_oficyna_boczna_od_podworza_wspornik_balkonu1_Maksymiuk_Malgorzata-768x517.jpg 768w, http:\/\/lapidarium.fundacja-hereditas.pl\/wp-content\/uploads\/2022\/10\/Mokotowska_50_Warszawa_oficyna_boczna_od_podworza_wspornik_balkonu1_Maksymiuk_Malgorzata-1536x1034.jpg 1536w, http:\/\/lapidarium.fundacja-hereditas.pl\/wp-content\/uploads\/2022\/10\/Mokotowska_50_Warszawa_oficyna_boczna_od_podworza_wspornik_balkonu1_Maksymiuk_Malgorzata-2048x1379.jpg 2048w, http:\/\/lapidarium.fundacja-hereditas.pl\/wp-content\/uploads\/2022\/10\/Mokotowska_50_Warszawa_oficyna_boczna_od_podworza_wspornik_balkonu1_Maksymiuk_Malgorzata-150x101.jpg 150w, http:\/\/lapidarium.fundacja-hereditas.pl\/wp-content\/uploads\/2022\/10\/Mokotowska_50_Warszawa_oficyna_boczna_od_podworza_wspornik_balkonu1_Maksymiuk_Malgorzata-696x469.jpg 696w, http:\/\/lapidarium.fundacja-hereditas.pl\/wp-content\/uploads\/2022\/10\/Mokotowska_50_Warszawa_oficyna_boczna_od_podworza_wspornik_balkonu1_Maksymiuk_Malgorzata-1068x719.jpg 1068w, http:\/\/lapidarium.fundacja-hereditas.pl\/wp-content\/uploads\/2022\/10\/Mokotowska_50_Warszawa_oficyna_boczna_od_podworza_wspornik_balkonu1_Maksymiuk_Malgorzata-1920x1293.jpg 1920w\" sizes=\"auto, (max-width: 2560px) 100vw, 2560px\" \/><\/a><figcaption class=\"wp-element-caption\">Podw\u00f3rko. Oficyna p\u00f3\u0142nocna. Wspornik balkonowy podpiera daszek &#8211; kopia. Fot. Ma\u0142gorzata Maksymiuk 2022 r., \u017ar\u00f3d\u0142o: AOD III.<\/figcaption><\/figure>\n\n\n\n<figure class=\"wp-block-image size-large\"><a href=\"http:\/\/lapidarium.fundacja-hereditas.pl\/wp-content\/uploads\/2022\/10\/Mokotowska_50_Warszawa_oficyna_boczna_od_podworza_wspornik_balkonu_Maksymiuk_Malgorzata-scaled.jpg\"><img loading=\"lazy\" decoding=\"async\" width=\"2560\" height=\"1474\" data-id=\"11080\" src=\"http:\/\/lapidarium.fundacja-hereditas.pl\/wp-content\/uploads\/2022\/10\/Mokotowska_50_Warszawa_oficyna_boczna_od_podworza_wspornik_balkonu_Maksymiuk_Malgorzata-scaled.jpg\" alt=\"Podw\u00f3rko. Ty\u0142 domu frontowego. Przy\u015brubowana do \u015bciany kopia. Fot. Ma\u0142gorzata Maksymiuk 2022 r., \u017ar\u00f3d\u0142o: AOD III.\" class=\"wp-image-11080\" srcset=\"http:\/\/lapidarium.fundacja-hereditas.pl\/wp-content\/uploads\/2022\/10\/Mokotowska_50_Warszawa_oficyna_boczna_od_podworza_wspornik_balkonu_Maksymiuk_Malgorzata-scaled.jpg 2560w, http:\/\/lapidarium.fundacja-hereditas.pl\/wp-content\/uploads\/2022\/10\/Mokotowska_50_Warszawa_oficyna_boczna_od_podworza_wspornik_balkonu_Maksymiuk_Malgorzata-300x173.jpg 300w, http:\/\/lapidarium.fundacja-hereditas.pl\/wp-content\/uploads\/2022\/10\/Mokotowska_50_Warszawa_oficyna_boczna_od_podworza_wspornik_balkonu_Maksymiuk_Malgorzata-1024x590.jpg 1024w, http:\/\/lapidarium.fundacja-hereditas.pl\/wp-content\/uploads\/2022\/10\/Mokotowska_50_Warszawa_oficyna_boczna_od_podworza_wspornik_balkonu_Maksymiuk_Malgorzata-768x442.jpg 768w, http:\/\/lapidarium.fundacja-hereditas.pl\/wp-content\/uploads\/2022\/10\/Mokotowska_50_Warszawa_oficyna_boczna_od_podworza_wspornik_balkonu_Maksymiuk_Malgorzata-1536x884.jpg 1536w, http:\/\/lapidarium.fundacja-hereditas.pl\/wp-content\/uploads\/2022\/10\/Mokotowska_50_Warszawa_oficyna_boczna_od_podworza_wspornik_balkonu_Maksymiuk_Malgorzata-2048x1179.jpg 2048w, http:\/\/lapidarium.fundacja-hereditas.pl\/wp-content\/uploads\/2022\/10\/Mokotowska_50_Warszawa_oficyna_boczna_od_podworza_wspornik_balkonu_Maksymiuk_Malgorzata-150x86.jpg 150w, http:\/\/lapidarium.fundacja-hereditas.pl\/wp-content\/uploads\/2022\/10\/Mokotowska_50_Warszawa_oficyna_boczna_od_podworza_wspornik_balkonu_Maksymiuk_Malgorzata-696x401.jpg 696w, http:\/\/lapidarium.fundacja-hereditas.pl\/wp-content\/uploads\/2022\/10\/Mokotowska_50_Warszawa_oficyna_boczna_od_podworza_wspornik_balkonu_Maksymiuk_Malgorzata-1068x615.jpg 1068w, http:\/\/lapidarium.fundacja-hereditas.pl\/wp-content\/uploads\/2022\/10\/Mokotowska_50_Warszawa_oficyna_boczna_od_podworza_wspornik_balkonu_Maksymiuk_Malgorzata-1920x1106.jpg 1920w\" sizes=\"auto, (max-width: 2560px) 100vw, 2560px\" \/><\/a><figcaption class=\"wp-element-caption\">Podw\u00f3rko. Ty\u0142 domu frontowego.  Przy\u015brubowana do \u015bciany kopia. Fot. Ma\u0142gorzata Maksymiuk 2022 r., \u017ar\u00f3d\u0142o: AOD III.<\/figcaption><\/figure>\n\n\n\n<figure class=\"wp-block-image size-large\"><a href=\"http:\/\/lapidarium.fundacja-hereditas.pl\/wp-content\/uploads\/2022\/10\/Wojciech_Kmiec_Mokotowska_50_lewa_klatka_w_oficynie_balustrada_schody_na_wejsciu-scaled.jpg\"><img loading=\"lazy\" decoding=\"async\" width=\"1660\" height=\"2560\" data-id=\"11089\" src=\"http:\/\/lapidarium.fundacja-hereditas.pl\/wp-content\/uploads\/2022\/10\/Wojciech_Kmiec_Mokotowska_50_lewa_klatka_w_oficynie_balustrada_schody_na_wejsciu-scaled.jpg\" alt=\"Klatka w oficynie p\u00f3\u0142nocnej. Drewniane schody. Parter - pocz\u0105tek balustrady. Fot. Wojciech Kmie\u0107 2022 r., \u017ar\u00f3d\u0142o: AOD III.\" class=\"wp-image-11089\" srcset=\"http:\/\/lapidarium.fundacja-hereditas.pl\/wp-content\/uploads\/2022\/10\/Wojciech_Kmiec_Mokotowska_50_lewa_klatka_w_oficynie_balustrada_schody_na_wejsciu-scaled.jpg 1660w, http:\/\/lapidarium.fundacja-hereditas.pl\/wp-content\/uploads\/2022\/10\/Wojciech_Kmiec_Mokotowska_50_lewa_klatka_w_oficynie_balustrada_schody_na_wejsciu-194x300.jpg 194w, http:\/\/lapidarium.fundacja-hereditas.pl\/wp-content\/uploads\/2022\/10\/Wojciech_Kmiec_Mokotowska_50_lewa_klatka_w_oficynie_balustrada_schody_na_wejsciu-664x1024.jpg 664w, http:\/\/lapidarium.fundacja-hereditas.pl\/wp-content\/uploads\/2022\/10\/Wojciech_Kmiec_Mokotowska_50_lewa_klatka_w_oficynie_balustrada_schody_na_wejsciu-768x1185.jpg 768w, http:\/\/lapidarium.fundacja-hereditas.pl\/wp-content\/uploads\/2022\/10\/Wojciech_Kmiec_Mokotowska_50_lewa_klatka_w_oficynie_balustrada_schody_na_wejsciu-996x1536.jpg 996w, http:\/\/lapidarium.fundacja-hereditas.pl\/wp-content\/uploads\/2022\/10\/Wojciech_Kmiec_Mokotowska_50_lewa_klatka_w_oficynie_balustrada_schody_na_wejsciu-1328x2048.jpg 1328w, http:\/\/lapidarium.fundacja-hereditas.pl\/wp-content\/uploads\/2022\/10\/Wojciech_Kmiec_Mokotowska_50_lewa_klatka_w_oficynie_balustrada_schody_na_wejsciu-150x231.jpg 150w, http:\/\/lapidarium.fundacja-hereditas.pl\/wp-content\/uploads\/2022\/10\/Wojciech_Kmiec_Mokotowska_50_lewa_klatka_w_oficynie_balustrada_schody_na_wejsciu-300x463.jpg 300w, http:\/\/lapidarium.fundacja-hereditas.pl\/wp-content\/uploads\/2022\/10\/Wojciech_Kmiec_Mokotowska_50_lewa_klatka_w_oficynie_balustrada_schody_na_wejsciu-696x1074.jpg 696w, http:\/\/lapidarium.fundacja-hereditas.pl\/wp-content\/uploads\/2022\/10\/Wojciech_Kmiec_Mokotowska_50_lewa_klatka_w_oficynie_balustrada_schody_na_wejsciu-1068x1647.jpg 1068w, http:\/\/lapidarium.fundacja-hereditas.pl\/wp-content\/uploads\/2022\/10\/Wojciech_Kmiec_Mokotowska_50_lewa_klatka_w_oficynie_balustrada_schody_na_wejsciu-1920x2962.jpg 1920w\" sizes=\"auto, (max-width: 1660px) 100vw, 1660px\" \/><\/a><figcaption class=\"wp-element-caption\">Klatka w oficynie p\u00f3\u0142nocnej. Drewniane schody. Parter &#8211; pocz\u0105tek balustrady. Fot. Wojciech Kmie\u0107 2022 r., \u017ar\u00f3d\u0142o: AOD III.<\/figcaption><\/figure>\n\n\n\n<figure class=\"wp-block-image size-large\"><a href=\"http:\/\/lapidarium.fundacja-hereditas.pl\/wp-content\/uploads\/2022\/10\/Wojciech_Kmiec_Mokotowska_50_lewa_klatka_w_oficynie_balustrada_i_ozdoba-scaled.jpg\"><img loading=\"lazy\" decoding=\"async\" width=\"1899\" height=\"2560\" data-id=\"11085\" src=\"http:\/\/lapidarium.fundacja-hereditas.pl\/wp-content\/uploads\/2022\/10\/Wojciech_Kmiec_Mokotowska_50_lewa_klatka_w_oficynie_balustrada_i_ozdoba-scaled.jpg\" alt=\"Klatka w oficynie p\u00f3\u0142nocnej. Drewniane schody. Rze\u017abiona ozdoba na boku schod\u00f3w. Fot. Wojciech Kmie\u0107 2022 r., \u017ar\u00f3d\u0142o: AOD III.\" class=\"wp-image-11085\" srcset=\"http:\/\/lapidarium.fundacja-hereditas.pl\/wp-content\/uploads\/2022\/10\/Wojciech_Kmiec_Mokotowska_50_lewa_klatka_w_oficynie_balustrada_i_ozdoba-scaled.jpg 1899w, http:\/\/lapidarium.fundacja-hereditas.pl\/wp-content\/uploads\/2022\/10\/Wojciech_Kmiec_Mokotowska_50_lewa_klatka_w_oficynie_balustrada_i_ozdoba-223x300.jpg 223w, http:\/\/lapidarium.fundacja-hereditas.pl\/wp-content\/uploads\/2022\/10\/Wojciech_Kmiec_Mokotowska_50_lewa_klatka_w_oficynie_balustrada_i_ozdoba-759x1024.jpg 759w, http:\/\/lapidarium.fundacja-hereditas.pl\/wp-content\/uploads\/2022\/10\/Wojciech_Kmiec_Mokotowska_50_lewa_klatka_w_oficynie_balustrada_i_ozdoba-768x1035.jpg 768w, http:\/\/lapidarium.fundacja-hereditas.pl\/wp-content\/uploads\/2022\/10\/Wojciech_Kmiec_Mokotowska_50_lewa_klatka_w_oficynie_balustrada_i_ozdoba-1139x1536.jpg 1139w, http:\/\/lapidarium.fundacja-hereditas.pl\/wp-content\/uploads\/2022\/10\/Wojciech_Kmiec_Mokotowska_50_lewa_klatka_w_oficynie_balustrada_i_ozdoba-1519x2048.jpg 1519w, http:\/\/lapidarium.fundacja-hereditas.pl\/wp-content\/uploads\/2022\/10\/Wojciech_Kmiec_Mokotowska_50_lewa_klatka_w_oficynie_balustrada_i_ozdoba-150x202.jpg 150w, http:\/\/lapidarium.fundacja-hereditas.pl\/wp-content\/uploads\/2022\/10\/Wojciech_Kmiec_Mokotowska_50_lewa_klatka_w_oficynie_balustrada_i_ozdoba-300x404.jpg 300w, http:\/\/lapidarium.fundacja-hereditas.pl\/wp-content\/uploads\/2022\/10\/Wojciech_Kmiec_Mokotowska_50_lewa_klatka_w_oficynie_balustrada_i_ozdoba-696x938.jpg 696w, http:\/\/lapidarium.fundacja-hereditas.pl\/wp-content\/uploads\/2022\/10\/Wojciech_Kmiec_Mokotowska_50_lewa_klatka_w_oficynie_balustrada_i_ozdoba-1068x1440.jpg 1068w, http:\/\/lapidarium.fundacja-hereditas.pl\/wp-content\/uploads\/2022\/10\/Wojciech_Kmiec_Mokotowska_50_lewa_klatka_w_oficynie_balustrada_i_ozdoba-1920x2589.jpg 1920w\" sizes=\"auto, (max-width: 1899px) 100vw, 1899px\" \/><\/a><figcaption class=\"wp-element-caption\">Klatka w oficynie p\u00f3\u0142nocnej. Drewniane schody. Rze\u017abiona ozdoba na boku schod\u00f3w. Fot. Wojciech Kmie\u0107 2022 r., \u017ar\u00f3d\u0142o: AOD III.<\/figcaption><\/figure>\n\n\n\n<figure class=\"wp-block-image size-large\"><a href=\"http:\/\/lapidarium.fundacja-hereditas.pl\/wp-content\/uploads\/2022\/10\/Wojciech_Kmiec_Mokotowska_50_lewa_klatka_w_oficynie_balustrada_schody_3-scaled.jpg\"><img loading=\"lazy\" decoding=\"async\" width=\"1930\" height=\"2560\" data-id=\"11087\" src=\"http:\/\/lapidarium.fundacja-hereditas.pl\/wp-content\/uploads\/2022\/10\/Wojciech_Kmiec_Mokotowska_50_lewa_klatka_w_oficynie_balustrada_schody_3-scaled.jpg\" alt=\"Klatka w oficynie p\u00f3\u0142nocnej. Drewniane schody. Balustrada. Fot. Wojciech Kmie\u0107 2022 r., \u017ar\u00f3d\u0142o: AOD III.\" class=\"wp-image-11087\" srcset=\"http:\/\/lapidarium.fundacja-hereditas.pl\/wp-content\/uploads\/2022\/10\/Wojciech_Kmiec_Mokotowska_50_lewa_klatka_w_oficynie_balustrada_schody_3-scaled.jpg 1930w, http:\/\/lapidarium.fundacja-hereditas.pl\/wp-content\/uploads\/2022\/10\/Wojciech_Kmiec_Mokotowska_50_lewa_klatka_w_oficynie_balustrada_schody_3-226x300.jpg 226w, http:\/\/lapidarium.fundacja-hereditas.pl\/wp-content\/uploads\/2022\/10\/Wojciech_Kmiec_Mokotowska_50_lewa_klatka_w_oficynie_balustrada_schody_3-772x1024.jpg 772w\" sizes=\"auto, (max-width: 1930px) 100vw, 1930px\" \/><\/a><figcaption class=\"wp-element-caption\">Klatka w oficynie p\u00f3\u0142nocnej. Drewniane schody. Balustrada. Fot. Wojciech Kmie\u0107 2022 r., \u017ar\u00f3d\u0142o: AOD III.<\/figcaption><\/figure>\n\n\n\n<figure class=\"wp-block-image size-large\"><a href=\"http:\/\/lapidarium.fundacja-hereditas.pl\/wp-content\/uploads\/2022\/10\/Wojciech_Kmiec_Mokotowska_50_lewa_klatka_w_oficynie_balustrada_schody-scaled.jpg\"><img loading=\"lazy\" decoding=\"async\" width=\"1930\" height=\"2560\" data-id=\"11086\" src=\"http:\/\/lapidarium.fundacja-hereditas.pl\/wp-content\/uploads\/2022\/10\/Wojciech_Kmiec_Mokotowska_50_lewa_klatka_w_oficynie_balustrada_schody-scaled.jpg\" alt=\"Klatka w oficynie p\u00f3\u0142nocnej. Drewniane schody. Balustrada. Widok ze spocznika. Fot. Wojciech Kmie\u0107 2022 r., \u017ar\u00f3d\u0142o: AOD III.\" class=\"wp-image-11086\" srcset=\"http:\/\/lapidarium.fundacja-hereditas.pl\/wp-content\/uploads\/2022\/10\/Wojciech_Kmiec_Mokotowska_50_lewa_klatka_w_oficynie_balustrada_schody-scaled.jpg 1930w, http:\/\/lapidarium.fundacja-hereditas.pl\/wp-content\/uploads\/2022\/10\/Wojciech_Kmiec_Mokotowska_50_lewa_klatka_w_oficynie_balustrada_schody-226x300.jpg 226w, http:\/\/lapidarium.fundacja-hereditas.pl\/wp-content\/uploads\/2022\/10\/Wojciech_Kmiec_Mokotowska_50_lewa_klatka_w_oficynie_balustrada_schody-772x1024.jpg 772w, http:\/\/lapidarium.fundacja-hereditas.pl\/wp-content\/uploads\/2022\/10\/Wojciech_Kmiec_Mokotowska_50_lewa_klatka_w_oficynie_balustrada_schody-768x1019.jpg 768w, http:\/\/lapidarium.fundacja-hereditas.pl\/wp-content\/uploads\/2022\/10\/Wojciech_Kmiec_Mokotowska_50_lewa_klatka_w_oficynie_balustrada_schody-1158x1536.jpg 1158w, http:\/\/lapidarium.fundacja-hereditas.pl\/wp-content\/uploads\/2022\/10\/Wojciech_Kmiec_Mokotowska_50_lewa_klatka_w_oficynie_balustrada_schody-1544x2048.jpg 1544w, http:\/\/lapidarium.fundacja-hereditas.pl\/wp-content\/uploads\/2022\/10\/Wojciech_Kmiec_Mokotowska_50_lewa_klatka_w_oficynie_balustrada_schody-150x199.jpg 150w, http:\/\/lapidarium.fundacja-hereditas.pl\/wp-content\/uploads\/2022\/10\/Wojciech_Kmiec_Mokotowska_50_lewa_klatka_w_oficynie_balustrada_schody-300x398.jpg 300w, http:\/\/lapidarium.fundacja-hereditas.pl\/wp-content\/uploads\/2022\/10\/Wojciech_Kmiec_Mokotowska_50_lewa_klatka_w_oficynie_balustrada_schody-696x923.jpg 696w, http:\/\/lapidarium.fundacja-hereditas.pl\/wp-content\/uploads\/2022\/10\/Wojciech_Kmiec_Mokotowska_50_lewa_klatka_w_oficynie_balustrada_schody-1068x1417.jpg 1068w, http:\/\/lapidarium.fundacja-hereditas.pl\/wp-content\/uploads\/2022\/10\/Wojciech_Kmiec_Mokotowska_50_lewa_klatka_w_oficynie_balustrada_schody-1920x2547.jpg 1920w\" sizes=\"auto, (max-width: 1930px) 100vw, 1930px\" \/><\/a><figcaption class=\"wp-element-caption\">Klatka w oficynie p\u00f3\u0142nocnej. Drewniane schody. Balustrada. Widok ze spocznika. Fot. Wojciech Kmie\u0107 2022 r., \u017ar\u00f3d\u0142o: AOD III.<\/figcaption><\/figure>\n\n\n\n<figure class=\"wp-block-image size-large\"><a href=\"http:\/\/lapidarium.fundacja-hereditas.pl\/wp-content\/uploads\/2022\/10\/Wojciech_Kmiec_Mokotowska_50_lewa_klatka_w_oficynie_balustrada_schody_4-scaled.jpg\"><img loading=\"lazy\" decoding=\"async\" width=\"1931\" height=\"2560\" data-id=\"11088\" src=\"http:\/\/lapidarium.fundacja-hereditas.pl\/wp-content\/uploads\/2022\/10\/Wojciech_Kmiec_Mokotowska_50_lewa_klatka_w_oficynie_balustrada_schody_4-scaled.jpg\" alt=\"Klatka w oficynie p\u00f3\u0142nocnej. Drewniane schody. Drzwi do mieszkania. Fot. Wojciech Kmie\u0107 2022 r., \u017ar\u00f3d\u0142o: AOD III.\" class=\"wp-image-11088\" srcset=\"http:\/\/lapidarium.fundacja-hereditas.pl\/wp-content\/uploads\/2022\/10\/Wojciech_Kmiec_Mokotowska_50_lewa_klatka_w_oficynie_balustrada_schody_4-scaled.jpg 1931w, http:\/\/lapidarium.fundacja-hereditas.pl\/wp-content\/uploads\/2022\/10\/Wojciech_Kmiec_Mokotowska_50_lewa_klatka_w_oficynie_balustrada_schody_4-226x300.jpg 226w, http:\/\/lapidarium.fundacja-hereditas.pl\/wp-content\/uploads\/2022\/10\/Wojciech_Kmiec_Mokotowska_50_lewa_klatka_w_oficynie_balustrada_schody_4-772x1024.jpg 772w, http:\/\/lapidarium.fundacja-hereditas.pl\/wp-content\/uploads\/2022\/10\/Wojciech_Kmiec_Mokotowska_50_lewa_klatka_w_oficynie_balustrada_schody_4-768x1018.jpg 768w, http:\/\/lapidarium.fundacja-hereditas.pl\/wp-content\/uploads\/2022\/10\/Wojciech_Kmiec_Mokotowska_50_lewa_klatka_w_oficynie_balustrada_schody_4-1159x1536.jpg 1159w, http:\/\/lapidarium.fundacja-hereditas.pl\/wp-content\/uploads\/2022\/10\/Wojciech_Kmiec_Mokotowska_50_lewa_klatka_w_oficynie_balustrada_schody_4-1545x2048.jpg 1545w, http:\/\/lapidarium.fundacja-hereditas.pl\/wp-content\/uploads\/2022\/10\/Wojciech_Kmiec_Mokotowska_50_lewa_klatka_w_oficynie_balustrada_schody_4-150x199.jpg 150w, http:\/\/lapidarium.fundacja-hereditas.pl\/wp-content\/uploads\/2022\/10\/Wojciech_Kmiec_Mokotowska_50_lewa_klatka_w_oficynie_balustrada_schody_4-300x398.jpg 300w, http:\/\/lapidarium.fundacja-hereditas.pl\/wp-content\/uploads\/2022\/10\/Wojciech_Kmiec_Mokotowska_50_lewa_klatka_w_oficynie_balustrada_schody_4-696x923.jpg 696w, http:\/\/lapidarium.fundacja-hereditas.pl\/wp-content\/uploads\/2022\/10\/Wojciech_Kmiec_Mokotowska_50_lewa_klatka_w_oficynie_balustrada_schody_4-1068x1416.jpg 1068w, http:\/\/lapidarium.fundacja-hereditas.pl\/wp-content\/uploads\/2022\/10\/Wojciech_Kmiec_Mokotowska_50_lewa_klatka_w_oficynie_balustrada_schody_4-1920x2545.jpg 1920w\" sizes=\"auto, (max-width: 1931px) 100vw, 1931px\" \/><\/a><figcaption class=\"wp-element-caption\">Klatka w oficynie p\u00f3\u0142nocnej. Drewniane schody. Drzwi do mieszkania. Fot. Wojciech Kmie\u0107 2022 r., \u017ar\u00f3d\u0142o: AOD III.<\/figcaption><\/figure>\n\n\n\n<figure class=\"wp-block-image size-large\"><a href=\"http:\/\/lapidarium.fundacja-hereditas.pl\/wp-content\/uploads\/2022\/10\/Wojciech_Kmiec_Mokotowska_50_lewa_klatka_w_oficynie_dzwonek_do_drzwi-scaled.jpg\"><img loading=\"lazy\" decoding=\"async\" width=\"2560\" height=\"2440\" data-id=\"11090\" src=\"http:\/\/lapidarium.fundacja-hereditas.pl\/wp-content\/uploads\/2022\/10\/Wojciech_Kmiec_Mokotowska_50_lewa_klatka_w_oficynie_dzwonek_do_drzwi-scaled.jpg\" alt=\"Klatka w oficynie p\u00f3\u0142nocnej. Dzwonek typu &quot;prosz\u0119 kr\u0119ci\u0107&quot; - uszkodzony. Fot. Wojciech Kmie\u0107 2022 r., \u017ar\u00f3d\u0142o: AOD III.\" class=\"wp-image-11090\" srcset=\"http:\/\/lapidarium.fundacja-hereditas.pl\/wp-content\/uploads\/2022\/10\/Wojciech_Kmiec_Mokotowska_50_lewa_klatka_w_oficynie_dzwonek_do_drzwi-scaled.jpg 2560w, http:\/\/lapidarium.fundacja-hereditas.pl\/wp-content\/uploads\/2022\/10\/Wojciech_Kmiec_Mokotowska_50_lewa_klatka_w_oficynie_dzwonek_do_drzwi-300x286.jpg 300w, http:\/\/lapidarium.fundacja-hereditas.pl\/wp-content\/uploads\/2022\/10\/Wojciech_Kmiec_Mokotowska_50_lewa_klatka_w_oficynie_dzwonek_do_drzwi-1024x976.jpg 1024w, http:\/\/lapidarium.fundacja-hereditas.pl\/wp-content\/uploads\/2022\/10\/Wojciech_Kmiec_Mokotowska_50_lewa_klatka_w_oficynie_dzwonek_do_drzwi-768x732.jpg 768w, http:\/\/lapidarium.fundacja-hereditas.pl\/wp-content\/uploads\/2022\/10\/Wojciech_Kmiec_Mokotowska_50_lewa_klatka_w_oficynie_dzwonek_do_drzwi-1536x1464.jpg 1536w, http:\/\/lapidarium.fundacja-hereditas.pl\/wp-content\/uploads\/2022\/10\/Wojciech_Kmiec_Mokotowska_50_lewa_klatka_w_oficynie_dzwonek_do_drzwi-2048x1952.jpg 2048w, http:\/\/lapidarium.fundacja-hereditas.pl\/wp-content\/uploads\/2022\/10\/Wojciech_Kmiec_Mokotowska_50_lewa_klatka_w_oficynie_dzwonek_do_drzwi-150x143.jpg 150w, http:\/\/lapidarium.fundacja-hereditas.pl\/wp-content\/uploads\/2022\/10\/Wojciech_Kmiec_Mokotowska_50_lewa_klatka_w_oficynie_dzwonek_do_drzwi-696x663.jpg 696w, http:\/\/lapidarium.fundacja-hereditas.pl\/wp-content\/uploads\/2022\/10\/Wojciech_Kmiec_Mokotowska_50_lewa_klatka_w_oficynie_dzwonek_do_drzwi-1068x1018.jpg 1068w, http:\/\/lapidarium.fundacja-hereditas.pl\/wp-content\/uploads\/2022\/10\/Wojciech_Kmiec_Mokotowska_50_lewa_klatka_w_oficynie_dzwonek_do_drzwi-1920x1830.jpg 1920w\" sizes=\"auto, (max-width: 2560px) 100vw, 2560px\" \/><\/a><figcaption class=\"wp-element-caption\">Klatka w oficynie p\u00f3\u0142nocnej. Dzwonek typu &#8222;prosz\u0119 kr\u0119ci\u0107&#8221; &#8211; uszkodzony. Fot. Wojciech Kmie\u0107 2022 r., \u017ar\u00f3d\u0142o: AOD III.<\/figcaption><\/figure>\n<\/figure>\n","protected":false},"excerpt":{"rendered":"<p>Kamienica wzniesiona kr\u00f3tko po 1897 r. dla Edmunda i W\u0142adys\u0142awa Dietz\u00f3w. Obiekt stanowi doskona\u0142y przyk\u0142ad eklektyzmu &#8211; elementy dekoracyjne zaczerpni\u0119to z r\u00f3\u017cnych epok. Dom zaprojektowany solidnie, jednak jeszcze w epoce drewnianych strop\u00f3w, na co warto zwr\u00f3ci\u0107 uwag\u0119, jako \u017ce zachowa\u0142 si\u0119 on do naszych czas\u00f3w w dobrym stanie technicznym. Przejazd bramny zdobiony fryzem z dekoracyjnymi [&hellip;]<\/p>\n","protected":false},"author":6,"featured_media":11084,"comment_status":"open","ping_status":"open","sticky":false,"template":"","format":"standard","meta":{"footnotes":""},"categories":[170,4],"tags":[],"class_list":{"0":"post-12098","1":"post","2":"type-post","3":"status-publish","4":"format-standard","5":"has-post-thumbnail","7":"category-mokotowska","8":"category-warszawa"},"_links":{"self":[{"href":"http:\/\/lapidarium.fundacja-hereditas.pl\/index.php\/wp-json\/wp\/v2\/posts\/12098","targetHints":{"allow":["GET"]}}],"collection":[{"href":"http:\/\/lapidarium.fundacja-hereditas.pl\/index.php\/wp-json\/wp\/v2\/posts"}],"about":[{"href":"http:\/\/lapidarium.fundacja-hereditas.pl\/index.php\/wp-json\/wp\/v2\/types\/post"}],"author":[{"embeddable":true,"href":"http:\/\/lapidarium.fundacja-hereditas.pl\/index.php\/wp-json\/wp\/v2\/users\/6"}],"replies":[{"embeddable":true,"href":"http:\/\/lapidarium.fundacja-hereditas.pl\/index.php\/wp-json\/wp\/v2\/comments?post=12098"}],"version-history":[{"count":5,"href":"http:\/\/lapidarium.fundacja-hereditas.pl\/index.php\/wp-json\/wp\/v2\/posts\/12098\/revisions"}],"predecessor-version":[{"id":12923,"href":"http:\/\/lapidarium.fundacja-hereditas.pl\/index.php\/wp-json\/wp\/v2\/posts\/12098\/revisions\/12923"}],"wp:featuredmedia":[{"embeddable":true,"href":"http:\/\/lapidarium.fundacja-hereditas.pl\/index.php\/wp-json\/wp\/v2\/media\/11084"}],"wp:attachment":[{"href":"http:\/\/lapidarium.fundacja-hereditas.pl\/index.php\/wp-json\/wp\/v2\/media?parent=12098"}],"wp:term":[{"taxonomy":"category","embeddable":true,"href":"http:\/\/lapidarium.fundacja-hereditas.pl\/index.php\/wp-json\/wp\/v2\/categories?post=12098"},{"taxonomy":"post_tag","embeddable":true,"href":"http:\/\/lapidarium.fundacja-hereditas.pl\/index.php\/wp-json\/wp\/v2\/tags?post=12098"}],"curies":[{"name":"wp","href":"https:\/\/api.w.org\/{rel}","templated":true}]}}