{"id":12087,"date":"2022-10-31T12:10:48","date_gmt":"2022-10-31T11:10:48","guid":{"rendered":"http:\/\/lapidarium.fundacja-hereditas.pl\/?p=12087"},"modified":"2023-10-25T00:06:08","modified_gmt":"2023-10-24T22:06:08","slug":"kamienica-ul-hoza-27-warszawa","status":"publish","type":"post","link":"http:\/\/lapidarium.fundacja-hereditas.pl\/index.php\/2022\/10\/31\/kamienica-ul-hoza-27-warszawa\/","title":{"rendered":"Kamienica ul. Ho\u017ca 27, Warszawa"},"content":{"rendered":"\n<p>Wielkomiejska kamienica wzniesiona ok. 1898-1900 wg proj. Karola Koz\u0142owskiego (?) na rogu z ulic\u0105 Ksi\u0119dza Skorupki, kt\u00f3ra pierwotnie nosi\u0142a miano ulicy Sadowej, jako \u017ce powsta\u0142a na rozparcelowanym terenie b\u0119d\u0105cym uprzednio m.in. sadem. Uliczk\u0119 przeprowadzono w celach spekulacyjnych, tj. po to, aby wznie\u015b\u0107 wi\u0119cej dom\u00f3w maj\u0105cych mieszkania frontowe, za kt\u00f3re mo\u017cna by\u0142o pobiera\u0107 wy\u017cszy czynsz. Swe i tak niewielkie znaczenie komunikacyjne zau\u0142ek ten straci\u0142 po wojnie, gdy za\u015blepiono jego wylot na ulic\u0119 Marsza\u0142kowsk\u0105. Z zabudowy ulicy Ks. Skorupki po ostatniej wojnie nie zosta\u0142o nic, je\u015bli nie liczy\u0107 dw\u00f3ch dom\u00f3w naro\u017cnych (od Marsza\u0142kowskiej) i opisywanego tu \u2013 od Ho\u017cej. Dom \u00f3w wzniesiono wkr\u00f3tce po wytyczeniu uliczki, dla Jochweta Taubenhausa. Po wojnie przez d\u0142ugie lata dom by\u0142 zaniedbany \u2013 pozbawiony tynku i detali jeszcze w pocz\u0105tkach lat 2000. W l. 2006-07 przeprowadzono remont, kamienica uzyska\u0142a nowy dach z naro\u017cnym he\u0142mem. pokuszono si\u0119 te\u017c o rekonstrukcj\u0119 wystroju fasad. Cz\u0119\u015b\u0107 detalu jest wiernie zrekonstruowana na podst. ocala\u0142ych jego szcz\u0105tk\u00f3w, wi\u0119kszo\u015b\u0107 jednak to wsp\u00f3\u0142czesna interpretacja odwo\u0142uj\u0105ca si\u0119 do epoki prze\u0142omu XIX i XX w. Obiekt uj\u0119ty w gminnej ewidencji zabytk\u00f3w.<\/p>\n\n\n\n<figure class=\"wp-block-gallery has-nested-images columns-default is-cropped wp-block-gallery-1 is-layout-flex wp-block-gallery-is-layout-flex\">\n<figure class=\"wp-block-image size-large\"><a href=\"http:\/\/lapidarium.fundacja-hereditas.pl\/wp-content\/uploads\/2022\/10\/Wojciech_Kmiec_Hoza_27_elewacja_frontowa_-scaled.jpg\"><img loading=\"lazy\" decoding=\"async\" width=\"2560\" height=\"2426\" data-id=\"12220\" src=\"http:\/\/lapidarium.fundacja-hereditas.pl\/wp-content\/uploads\/2022\/10\/Wojciech_Kmiec_Hoza_27_elewacja_frontowa_-scaled.jpg\" alt=\"Dom frontowy - widok og\u00f3lny. Fot. Wojciech Kmie\u0107 2022 r., \u017ar\u00f3d\u0142o: AOD III.\" class=\"wp-image-12220\" srcset=\"http:\/\/lapidarium.fundacja-hereditas.pl\/wp-content\/uploads\/2022\/10\/Wojciech_Kmiec_Hoza_27_elewacja_frontowa_-scaled.jpg 2560w, http:\/\/lapidarium.fundacja-hereditas.pl\/wp-content\/uploads\/2022\/10\/Wojciech_Kmiec_Hoza_27_elewacja_frontowa_-300x284.jpg 300w, http:\/\/lapidarium.fundacja-hereditas.pl\/wp-content\/uploads\/2022\/10\/Wojciech_Kmiec_Hoza_27_elewacja_frontowa_-1024x971.jpg 1024w, http:\/\/lapidarium.fundacja-hereditas.pl\/wp-content\/uploads\/2022\/10\/Wojciech_Kmiec_Hoza_27_elewacja_frontowa_-768x728.jpg 768w, http:\/\/lapidarium.fundacja-hereditas.pl\/wp-content\/uploads\/2022\/10\/Wojciech_Kmiec_Hoza_27_elewacja_frontowa_-1536x1456.jpg 1536w, http:\/\/lapidarium.fundacja-hereditas.pl\/wp-content\/uploads\/2022\/10\/Wojciech_Kmiec_Hoza_27_elewacja_frontowa_-2048x1941.jpg 2048w, http:\/\/lapidarium.fundacja-hereditas.pl\/wp-content\/uploads\/2022\/10\/Wojciech_Kmiec_Hoza_27_elewacja_frontowa_-150x142.jpg 150w, http:\/\/lapidarium.fundacja-hereditas.pl\/wp-content\/uploads\/2022\/10\/Wojciech_Kmiec_Hoza_27_elewacja_frontowa_-696x660.jpg 696w, http:\/\/lapidarium.fundacja-hereditas.pl\/wp-content\/uploads\/2022\/10\/Wojciech_Kmiec_Hoza_27_elewacja_frontowa_-1068x1012.jpg 1068w, http:\/\/lapidarium.fundacja-hereditas.pl\/wp-content\/uploads\/2022\/10\/Wojciech_Kmiec_Hoza_27_elewacja_frontowa_-1920x1820.jpg 1920w\" sizes=\"auto, (max-width: 2560px) 100vw, 2560px\" \/><\/a><figcaption class=\"wp-element-caption\">Dom frontowy &#8211; widok og\u00f3lny. Fot. Wojciech Kmie\u0107 2022 r., \u017ar\u00f3d\u0142o: AOD III.<\/figcaption><\/figure>\n\n\n\n<figure class=\"wp-block-image size-large\"><a href=\"http:\/\/lapidarium.fundacja-hereditas.pl\/wp-content\/uploads\/2022\/10\/Wojciech_Kmiec_Hoza_27_elewacja_frontowa_4-scaled.jpg\"><img loading=\"lazy\" decoding=\"async\" width=\"2354\" height=\"2560\" data-id=\"12221\" src=\"http:\/\/lapidarium.fundacja-hereditas.pl\/wp-content\/uploads\/2022\/10\/Wojciech_Kmiec_Hoza_27_elewacja_frontowa_4-scaled.jpg\" alt=\"Dom frontowy - widok od wschodu. Fot. Wojciech Kmie\u0107 2022 r., \u017ar\u00f3d\u0142o: AOD III.\" class=\"wp-image-12221\" srcset=\"http:\/\/lapidarium.fundacja-hereditas.pl\/wp-content\/uploads\/2022\/10\/Wojciech_Kmiec_Hoza_27_elewacja_frontowa_4-scaled.jpg 2354w, http:\/\/lapidarium.fundacja-hereditas.pl\/wp-content\/uploads\/2022\/10\/Wojciech_Kmiec_Hoza_27_elewacja_frontowa_4-276x300.jpg 276w, http:\/\/lapidarium.fundacja-hereditas.pl\/wp-content\/uploads\/2022\/10\/Wojciech_Kmiec_Hoza_27_elewacja_frontowa_4-942x1024.jpg 942w, http:\/\/lapidarium.fundacja-hereditas.pl\/wp-content\/uploads\/2022\/10\/Wojciech_Kmiec_Hoza_27_elewacja_frontowa_4-768x835.jpg 768w, http:\/\/lapidarium.fundacja-hereditas.pl\/wp-content\/uploads\/2022\/10\/Wojciech_Kmiec_Hoza_27_elewacja_frontowa_4-1412x1536.jpg 1412w, http:\/\/lapidarium.fundacja-hereditas.pl\/wp-content\/uploads\/2022\/10\/Wojciech_Kmiec_Hoza_27_elewacja_frontowa_4-1883x2048.jpg 1883w, http:\/\/lapidarium.fundacja-hereditas.pl\/wp-content\/uploads\/2022\/10\/Wojciech_Kmiec_Hoza_27_elewacja_frontowa_4-150x163.jpg 150w, http:\/\/lapidarium.fundacja-hereditas.pl\/wp-content\/uploads\/2022\/10\/Wojciech_Kmiec_Hoza_27_elewacja_frontowa_4-300x326.jpg 300w, http:\/\/lapidarium.fundacja-hereditas.pl\/wp-content\/uploads\/2022\/10\/Wojciech_Kmiec_Hoza_27_elewacja_frontowa_4-696x757.jpg 696w, http:\/\/lapidarium.fundacja-hereditas.pl\/wp-content\/uploads\/2022\/10\/Wojciech_Kmiec_Hoza_27_elewacja_frontowa_4-1068x1161.jpg 1068w, http:\/\/lapidarium.fundacja-hereditas.pl\/wp-content\/uploads\/2022\/10\/Wojciech_Kmiec_Hoza_27_elewacja_frontowa_4-1920x2088.jpg 1920w\" sizes=\"auto, (max-width: 2354px) 100vw, 2354px\" \/><\/a><figcaption class=\"wp-element-caption\">Dom frontowy &#8211; widok od wschodu. Fot. Wojciech Kmie\u0107 2022 r., \u017ar\u00f3d\u0142o: AOD III.<\/figcaption><\/figure>\n\n\n\n<figure class=\"wp-block-image size-large\"><a href=\"http:\/\/lapidarium.fundacja-hereditas.pl\/wp-content\/uploads\/2022\/10\/badab_Warszawa_ul_Hoza_27_fasada_3-scaled.jpg\"><img loading=\"lazy\" decoding=\"async\" width=\"1936\" height=\"2560\" data-id=\"12215\" src=\"http:\/\/lapidarium.fundacja-hereditas.pl\/wp-content\/uploads\/2022\/10\/badab_Warszawa_ul_Hoza_27_fasada_3-scaled.jpg\" alt=\"Dom frontowy. Naro\u017cnik. Fot. Agnieszka D\u0105bkowska 2022 r., \u017ar\u00f3d\u0142o: AOD III.\" class=\"wp-image-12215\" srcset=\"http:\/\/lapidarium.fundacja-hereditas.pl\/wp-content\/uploads\/2022\/10\/badab_Warszawa_ul_Hoza_27_fasada_3-scaled.jpg 1936w, http:\/\/lapidarium.fundacja-hereditas.pl\/wp-content\/uploads\/2022\/10\/badab_Warszawa_ul_Hoza_27_fasada_3-227x300.jpg 227w, http:\/\/lapidarium.fundacja-hereditas.pl\/wp-content\/uploads\/2022\/10\/badab_Warszawa_ul_Hoza_27_fasada_3-775x1024.jpg 775w, http:\/\/lapidarium.fundacja-hereditas.pl\/wp-content\/uploads\/2022\/10\/badab_Warszawa_ul_Hoza_27_fasada_3-768x1015.jpg 768w, http:\/\/lapidarium.fundacja-hereditas.pl\/wp-content\/uploads\/2022\/10\/badab_Warszawa_ul_Hoza_27_fasada_3-1162x1536.jpg 1162w, http:\/\/lapidarium.fundacja-hereditas.pl\/wp-content\/uploads\/2022\/10\/badab_Warszawa_ul_Hoza_27_fasada_3-1549x2048.jpg 1549w, http:\/\/lapidarium.fundacja-hereditas.pl\/wp-content\/uploads\/2022\/10\/badab_Warszawa_ul_Hoza_27_fasada_3-150x198.jpg 150w, http:\/\/lapidarium.fundacja-hereditas.pl\/wp-content\/uploads\/2022\/10\/badab_Warszawa_ul_Hoza_27_fasada_3-300x397.jpg 300w, http:\/\/lapidarium.fundacja-hereditas.pl\/wp-content\/uploads\/2022\/10\/badab_Warszawa_ul_Hoza_27_fasada_3-696x920.jpg 696w, http:\/\/lapidarium.fundacja-hereditas.pl\/wp-content\/uploads\/2022\/10\/badab_Warszawa_ul_Hoza_27_fasada_3-1068x1412.jpg 1068w, http:\/\/lapidarium.fundacja-hereditas.pl\/wp-content\/uploads\/2022\/10\/badab_Warszawa_ul_Hoza_27_fasada_3-1920x2538.jpg 1920w\" sizes=\"auto, (max-width: 1936px) 100vw, 1936px\" \/><\/a><figcaption class=\"wp-element-caption\">Dom frontowy. Naro\u017cnik. Fot. Agnieszka D\u0105bkowska 2022 r., \u017ar\u00f3d\u0142o: AOD III.<\/figcaption><\/figure>\n\n\n\n<figure class=\"wp-block-image size-large\"><a href=\"http:\/\/lapidarium.fundacja-hereditas.pl\/wp-content\/uploads\/2022\/10\/Wojciech_Kmiec_Hoza_27_elewacja_frontowa_balkon_narozny-scaled.jpg\"><img loading=\"lazy\" decoding=\"async\" width=\"2560\" height=\"1990\" data-id=\"12222\" src=\"http:\/\/lapidarium.fundacja-hereditas.pl\/wp-content\/uploads\/2022\/10\/Wojciech_Kmiec_Hoza_27_elewacja_frontowa_balkon_narozny-scaled.jpg\" alt=\"Dom frontowy - fragment naro\u017cnika. Fot. Wojciech Kmie\u0107 2022 r., \u017ar\u00f3d\u0142o: AOD III.\" class=\"wp-image-12222\" srcset=\"http:\/\/lapidarium.fundacja-hereditas.pl\/wp-content\/uploads\/2022\/10\/Wojciech_Kmiec_Hoza_27_elewacja_frontowa_balkon_narozny-scaled.jpg 2560w, http:\/\/lapidarium.fundacja-hereditas.pl\/wp-content\/uploads\/2022\/10\/Wojciech_Kmiec_Hoza_27_elewacja_frontowa_balkon_narozny-300x233.jpg 300w, http:\/\/lapidarium.fundacja-hereditas.pl\/wp-content\/uploads\/2022\/10\/Wojciech_Kmiec_Hoza_27_elewacja_frontowa_balkon_narozny-1024x796.jpg 1024w, http:\/\/lapidarium.fundacja-hereditas.pl\/wp-content\/uploads\/2022\/10\/Wojciech_Kmiec_Hoza_27_elewacja_frontowa_balkon_narozny-768x597.jpg 768w, http:\/\/lapidarium.fundacja-hereditas.pl\/wp-content\/uploads\/2022\/10\/Wojciech_Kmiec_Hoza_27_elewacja_frontowa_balkon_narozny-1536x1194.jpg 1536w, http:\/\/lapidarium.fundacja-hereditas.pl\/wp-content\/uploads\/2022\/10\/Wojciech_Kmiec_Hoza_27_elewacja_frontowa_balkon_narozny-2048x1592.jpg 2048w, http:\/\/lapidarium.fundacja-hereditas.pl\/wp-content\/uploads\/2022\/10\/Wojciech_Kmiec_Hoza_27_elewacja_frontowa_balkon_narozny-150x117.jpg 150w, http:\/\/lapidarium.fundacja-hereditas.pl\/wp-content\/uploads\/2022\/10\/Wojciech_Kmiec_Hoza_27_elewacja_frontowa_balkon_narozny-696x541.jpg 696w, http:\/\/lapidarium.fundacja-hereditas.pl\/wp-content\/uploads\/2022\/10\/Wojciech_Kmiec_Hoza_27_elewacja_frontowa_balkon_narozny-1068x830.jpg 1068w, http:\/\/lapidarium.fundacja-hereditas.pl\/wp-content\/uploads\/2022\/10\/Wojciech_Kmiec_Hoza_27_elewacja_frontowa_balkon_narozny-1920x1492.jpg 1920w\" sizes=\"auto, (max-width: 2560px) 100vw, 2560px\" \/><\/a><figcaption class=\"wp-element-caption\">Dom frontowy &#8211; fragment naro\u017cnika. Fot. Wojciech Kmie\u0107 2022 r., \u017ar\u00f3d\u0142o: AOD III.<\/figcaption><\/figure>\n\n\n\n<figure class=\"wp-block-image size-large\"><a href=\"http:\/\/lapidarium.fundacja-hereditas.pl\/wp-content\/uploads\/2022\/10\/Dziubiel_Agnieszka_Warszawa_Hoza_27_elewacja_frontowa_balkon_01-scaled.jpg\"><img loading=\"lazy\" decoding=\"async\" width=\"2560\" height=\"1927\" data-id=\"12218\" src=\"http:\/\/lapidarium.fundacja-hereditas.pl\/wp-content\/uploads\/2022\/10\/Dziubiel_Agnieszka_Warszawa_Hoza_27_elewacja_frontowa_balkon_01-scaled.jpg\" alt=\"Naro\u017cnik domu frontowego. Balkon I-go pi\u0119tra. Fot. Agnieszka Dziubiel 2022 r., \u017ar\u00f3d\u0142o: AOD III.\" class=\"wp-image-12218\" srcset=\"http:\/\/lapidarium.fundacja-hereditas.pl\/wp-content\/uploads\/2022\/10\/Dziubiel_Agnieszka_Warszawa_Hoza_27_elewacja_frontowa_balkon_01-scaled.jpg 2560w, http:\/\/lapidarium.fundacja-hereditas.pl\/wp-content\/uploads\/2022\/10\/Dziubiel_Agnieszka_Warszawa_Hoza_27_elewacja_frontowa_balkon_01-300x226.jpg 300w, http:\/\/lapidarium.fundacja-hereditas.pl\/wp-content\/uploads\/2022\/10\/Dziubiel_Agnieszka_Warszawa_Hoza_27_elewacja_frontowa_balkon_01-1024x771.jpg 1024w, http:\/\/lapidarium.fundacja-hereditas.pl\/wp-content\/uploads\/2022\/10\/Dziubiel_Agnieszka_Warszawa_Hoza_27_elewacja_frontowa_balkon_01-768x578.jpg 768w, http:\/\/lapidarium.fundacja-hereditas.pl\/wp-content\/uploads\/2022\/10\/Dziubiel_Agnieszka_Warszawa_Hoza_27_elewacja_frontowa_balkon_01-1536x1156.jpg 1536w, http:\/\/lapidarium.fundacja-hereditas.pl\/wp-content\/uploads\/2022\/10\/Dziubiel_Agnieszka_Warszawa_Hoza_27_elewacja_frontowa_balkon_01-2048x1542.jpg 2048w, http:\/\/lapidarium.fundacja-hereditas.pl\/wp-content\/uploads\/2022\/10\/Dziubiel_Agnieszka_Warszawa_Hoza_27_elewacja_frontowa_balkon_01-150x113.jpg 150w, http:\/\/lapidarium.fundacja-hereditas.pl\/wp-content\/uploads\/2022\/10\/Dziubiel_Agnieszka_Warszawa_Hoza_27_elewacja_frontowa_balkon_01-696x524.jpg 696w, http:\/\/lapidarium.fundacja-hereditas.pl\/wp-content\/uploads\/2022\/10\/Dziubiel_Agnieszka_Warszawa_Hoza_27_elewacja_frontowa_balkon_01-1068x804.jpg 1068w, http:\/\/lapidarium.fundacja-hereditas.pl\/wp-content\/uploads\/2022\/10\/Dziubiel_Agnieszka_Warszawa_Hoza_27_elewacja_frontowa_balkon_01-1920x1445.jpg 1920w\" sizes=\"auto, (max-width: 2560px) 100vw, 2560px\" \/><\/a><figcaption class=\"wp-element-caption\">Naro\u017cnik domu frontowego. Balkon I-go pi\u0119tra. Fot. Agnieszka Dziubiel 2022 r., \u017ar\u00f3d\u0142o: AOD III.<\/figcaption><\/figure>\n\n\n\n<figure class=\"wp-block-image size-large\"><a href=\"http:\/\/lapidarium.fundacja-hereditas.pl\/wp-content\/uploads\/2022\/10\/Dziubiel_Agnieszka_Warszawa_Hoza_27_elewacja_frontowa_balkon_06-scaled.jpg\"><img loading=\"lazy\" decoding=\"async\" width=\"2560\" height=\"1896\" data-id=\"12219\" src=\"http:\/\/lapidarium.fundacja-hereditas.pl\/wp-content\/uploads\/2022\/10\/Dziubiel_Agnieszka_Warszawa_Hoza_27_elewacja_frontowa_balkon_06-scaled.jpg\" alt=\"Naro\u017cnik domu frontowego. Sp\u00f3d p\u0142yty balkonowej I-go pi\u0119tra. Fot. Agnieszka Dziubiel 2022 r., \u017ar\u00f3d\u0142o: AOD III.\" class=\"wp-image-12219\" srcset=\"http:\/\/lapidarium.fundacja-hereditas.pl\/wp-content\/uploads\/2022\/10\/Dziubiel_Agnieszka_Warszawa_Hoza_27_elewacja_frontowa_balkon_06-scaled.jpg 2560w, http:\/\/lapidarium.fundacja-hereditas.pl\/wp-content\/uploads\/2022\/10\/Dziubiel_Agnieszka_Warszawa_Hoza_27_elewacja_frontowa_balkon_06-300x222.jpg 300w, http:\/\/lapidarium.fundacja-hereditas.pl\/wp-content\/uploads\/2022\/10\/Dziubiel_Agnieszka_Warszawa_Hoza_27_elewacja_frontowa_balkon_06-1024x759.jpg 1024w, http:\/\/lapidarium.fundacja-hereditas.pl\/wp-content\/uploads\/2022\/10\/Dziubiel_Agnieszka_Warszawa_Hoza_27_elewacja_frontowa_balkon_06-768x569.jpg 768w, http:\/\/lapidarium.fundacja-hereditas.pl\/wp-content\/uploads\/2022\/10\/Dziubiel_Agnieszka_Warszawa_Hoza_27_elewacja_frontowa_balkon_06-1536x1138.jpg 1536w, http:\/\/lapidarium.fundacja-hereditas.pl\/wp-content\/uploads\/2022\/10\/Dziubiel_Agnieszka_Warszawa_Hoza_27_elewacja_frontowa_balkon_06-2048x1517.jpg 2048w, http:\/\/lapidarium.fundacja-hereditas.pl\/wp-content\/uploads\/2022\/10\/Dziubiel_Agnieszka_Warszawa_Hoza_27_elewacja_frontowa_balkon_06-150x111.jpg 150w\" sizes=\"auto, (max-width: 2560px) 100vw, 2560px\" \/><\/a><figcaption class=\"wp-element-caption\">Naro\u017cnik domu frontowego. Sp\u00f3d p\u0142yty balkonowej I-go pi\u0119tra. Fot. Agnieszka Dziubiel 2022 r., \u017ar\u00f3d\u0142o: AOD III.<\/figcaption><\/figure>\n\n\n\n<figure class=\"wp-block-image size-large\"><a href=\"http:\/\/lapidarium.fundacja-hereditas.pl\/wp-content\/uploads\/2022\/10\/badab_Warszawa_ul_Hoza_27_balkon_pietro_1_zeliwny_wspornik-scaled.jpg\"><img loading=\"lazy\" decoding=\"async\" width=\"1936\" height=\"2560\" data-id=\"12213\" src=\"http:\/\/lapidarium.fundacja-hereditas.pl\/wp-content\/uploads\/2022\/10\/badab_Warszawa_ul_Hoza_27_balkon_pietro_1_zeliwny_wspornik-scaled.jpg\" alt=\"Dom frontowy. Naro\u017cnik. \u017beliwny wspornik balkonowy. Fot. Agnieszka D\u0105bkowska2022 r., \u017ar\u00f3d\u0142o: AOD III.\" class=\"wp-image-12213\" srcset=\"http:\/\/lapidarium.fundacja-hereditas.pl\/wp-content\/uploads\/2022\/10\/badab_Warszawa_ul_Hoza_27_balkon_pietro_1_zeliwny_wspornik-scaled.jpg 1936w, http:\/\/lapidarium.fundacja-hereditas.pl\/wp-content\/uploads\/2022\/10\/badab_Warszawa_ul_Hoza_27_balkon_pietro_1_zeliwny_wspornik-227x300.jpg 227w, http:\/\/lapidarium.fundacja-hereditas.pl\/wp-content\/uploads\/2022\/10\/badab_Warszawa_ul_Hoza_27_balkon_pietro_1_zeliwny_wspornik-775x1024.jpg 775w, http:\/\/lapidarium.fundacja-hereditas.pl\/wp-content\/uploads\/2022\/10\/badab_Warszawa_ul_Hoza_27_balkon_pietro_1_zeliwny_wspornik-768x1015.jpg 768w, http:\/\/lapidarium.fundacja-hereditas.pl\/wp-content\/uploads\/2022\/10\/badab_Warszawa_ul_Hoza_27_balkon_pietro_1_zeliwny_wspornik-1162x1536.jpg 1162w, http:\/\/lapidarium.fundacja-hereditas.pl\/wp-content\/uploads\/2022\/10\/badab_Warszawa_ul_Hoza_27_balkon_pietro_1_zeliwny_wspornik-1549x2048.jpg 1549w, http:\/\/lapidarium.fundacja-hereditas.pl\/wp-content\/uploads\/2022\/10\/badab_Warszawa_ul_Hoza_27_balkon_pietro_1_zeliwny_wspornik-150x198.jpg 150w, http:\/\/lapidarium.fundacja-hereditas.pl\/wp-content\/uploads\/2022\/10\/badab_Warszawa_ul_Hoza_27_balkon_pietro_1_zeliwny_wspornik-300x397.jpg 300w, http:\/\/lapidarium.fundacja-hereditas.pl\/wp-content\/uploads\/2022\/10\/badab_Warszawa_ul_Hoza_27_balkon_pietro_1_zeliwny_wspornik-696x920.jpg 696w, http:\/\/lapidarium.fundacja-hereditas.pl\/wp-content\/uploads\/2022\/10\/badab_Warszawa_ul_Hoza_27_balkon_pietro_1_zeliwny_wspornik-1068x1412.jpg 1068w, http:\/\/lapidarium.fundacja-hereditas.pl\/wp-content\/uploads\/2022\/10\/badab_Warszawa_ul_Hoza_27_balkon_pietro_1_zeliwny_wspornik-1920x2538.jpg 1920w\" sizes=\"auto, (max-width: 1936px) 100vw, 1936px\" \/><\/a><figcaption class=\"wp-element-caption\">Dom frontowy. Naro\u017cnik. \u017beliwny wspornik balkonowy. Fot. Agnieszka D\u0105bkowska2022 r., \u017ar\u00f3d\u0142o: AOD III.<\/figcaption><\/figure>\n\n\n\n<figure class=\"wp-block-image size-large\"><a href=\"http:\/\/lapidarium.fundacja-hereditas.pl\/wp-content\/uploads\/2022\/10\/BR_Warszawa_ul_Hoza_27_elewacja_frontowa-scaled.jpg\"><img loading=\"lazy\" decoding=\"async\" width=\"1791\" height=\"2560\" data-id=\"12217\" src=\"http:\/\/lapidarium.fundacja-hereditas.pl\/wp-content\/uploads\/2022\/10\/BR_Warszawa_ul_Hoza_27_elewacja_frontowa-scaled.jpg\" alt=\"Dom frontowy. Elewacja p\u00f3\u0142nocna. Fot. Bo\u017cena Rudzisz 2022 r., \u017ar\u00f3d\u0142o: AOD III.\" class=\"wp-image-12217\" srcset=\"http:\/\/lapidarium.fundacja-hereditas.pl\/wp-content\/uploads\/2022\/10\/BR_Warszawa_ul_Hoza_27_elewacja_frontowa-scaled.jpg 1791w, http:\/\/lapidarium.fundacja-hereditas.pl\/wp-content\/uploads\/2022\/10\/BR_Warszawa_ul_Hoza_27_elewacja_frontowa-210x300.jpg 210w, http:\/\/lapidarium.fundacja-hereditas.pl\/wp-content\/uploads\/2022\/10\/BR_Warszawa_ul_Hoza_27_elewacja_frontowa-716x1024.jpg 716w, http:\/\/lapidarium.fundacja-hereditas.pl\/wp-content\/uploads\/2022\/10\/BR_Warszawa_ul_Hoza_27_elewacja_frontowa-768x1098.jpg 768w, http:\/\/lapidarium.fundacja-hereditas.pl\/wp-content\/uploads\/2022\/10\/BR_Warszawa_ul_Hoza_27_elewacja_frontowa-1074x1536.jpg 1074w, http:\/\/lapidarium.fundacja-hereditas.pl\/wp-content\/uploads\/2022\/10\/BR_Warszawa_ul_Hoza_27_elewacja_frontowa-1433x2048.jpg 1433w, http:\/\/lapidarium.fundacja-hereditas.pl\/wp-content\/uploads\/2022\/10\/BR_Warszawa_ul_Hoza_27_elewacja_frontowa-150x214.jpg 150w, http:\/\/lapidarium.fundacja-hereditas.pl\/wp-content\/uploads\/2022\/10\/BR_Warszawa_ul_Hoza_27_elewacja_frontowa-300x429.jpg 300w, http:\/\/lapidarium.fundacja-hereditas.pl\/wp-content\/uploads\/2022\/10\/BR_Warszawa_ul_Hoza_27_elewacja_frontowa-696x995.jpg 696w, http:\/\/lapidarium.fundacja-hereditas.pl\/wp-content\/uploads\/2022\/10\/BR_Warszawa_ul_Hoza_27_elewacja_frontowa-1068x1527.jpg 1068w, http:\/\/lapidarium.fundacja-hereditas.pl\/wp-content\/uploads\/2022\/10\/BR_Warszawa_ul_Hoza_27_elewacja_frontowa-1920x2745.jpg 1920w\" sizes=\"auto, (max-width: 1791px) 100vw, 1791px\" \/><\/a><figcaption class=\"wp-element-caption\">Dom frontowy. Elewacja p\u00f3\u0142nocna. Fot. Bo\u017cena Rudzisz 2022 r., \u017ar\u00f3d\u0142o: AOD III.<\/figcaption><\/figure>\n\n\n\n<figure class=\"wp-block-image size-large\"><a href=\"http:\/\/lapidarium.fundacja-hereditas.pl\/wp-content\/uploads\/2022\/10\/2_Chodowiec_Danuta_Warszawa_Hoza_27_elewacja-scaled.jpg\"><img loading=\"lazy\" decoding=\"async\" width=\"2560\" height=\"1265\" data-id=\"12211\" src=\"http:\/\/lapidarium.fundacja-hereditas.pl\/wp-content\/uploads\/2022\/10\/2_Chodowiec_Danuta_Warszawa_Hoza_27_elewacja-scaled.jpg\" alt=\"Elewacja frontowa - p\u00f3\u0142nocna. Fot. Danuta Chodowiec 2022 r., \u017ar\u00f3d\u0142o: AOD III.\" class=\"wp-image-12211\" srcset=\"http:\/\/lapidarium.fundacja-hereditas.pl\/wp-content\/uploads\/2022\/10\/2_Chodowiec_Danuta_Warszawa_Hoza_27_elewacja-scaled.jpg 2560w, http:\/\/lapidarium.fundacja-hereditas.pl\/wp-content\/uploads\/2022\/10\/2_Chodowiec_Danuta_Warszawa_Hoza_27_elewacja-300x148.jpg 300w, http:\/\/lapidarium.fundacja-hereditas.pl\/wp-content\/uploads\/2022\/10\/2_Chodowiec_Danuta_Warszawa_Hoza_27_elewacja-1024x506.jpg 1024w, http:\/\/lapidarium.fundacja-hereditas.pl\/wp-content\/uploads\/2022\/10\/2_Chodowiec_Danuta_Warszawa_Hoza_27_elewacja-768x379.jpg 768w, http:\/\/lapidarium.fundacja-hereditas.pl\/wp-content\/uploads\/2022\/10\/2_Chodowiec_Danuta_Warszawa_Hoza_27_elewacja-1536x759.jpg 1536w, http:\/\/lapidarium.fundacja-hereditas.pl\/wp-content\/uploads\/2022\/10\/2_Chodowiec_Danuta_Warszawa_Hoza_27_elewacja-2048x1012.jpg 2048w, http:\/\/lapidarium.fundacja-hereditas.pl\/wp-content\/uploads\/2022\/10\/2_Chodowiec_Danuta_Warszawa_Hoza_27_elewacja-150x74.jpg 150w, http:\/\/lapidarium.fundacja-hereditas.pl\/wp-content\/uploads\/2022\/10\/2_Chodowiec_Danuta_Warszawa_Hoza_27_elewacja-696x344.jpg 696w, http:\/\/lapidarium.fundacja-hereditas.pl\/wp-content\/uploads\/2022\/10\/2_Chodowiec_Danuta_Warszawa_Hoza_27_elewacja-1068x528.jpg 1068w, http:\/\/lapidarium.fundacja-hereditas.pl\/wp-content\/uploads\/2022\/10\/2_Chodowiec_Danuta_Warszawa_Hoza_27_elewacja-1920x948.jpg 1920w\" sizes=\"auto, (max-width: 2560px) 100vw, 2560px\" \/><\/a><figcaption class=\"wp-element-caption\">Elewacja frontowa &#8211; p\u00f3\u0142nocna. Fot. Danuta Chodowiec 2022 r., \u017ar\u00f3d\u0142o: AOD III.<\/figcaption><\/figure>\n\n\n\n<figure class=\"wp-block-image size-large\"><a href=\"http:\/\/lapidarium.fundacja-hereditas.pl\/wp-content\/uploads\/2022\/10\/2_Chodowiec_Danuta_Warszawa_Hoza_27_brama-scaled.jpg\"><img loading=\"lazy\" decoding=\"async\" width=\"2560\" height=\"1269\" data-id=\"12210\" src=\"http:\/\/lapidarium.fundacja-hereditas.pl\/wp-content\/uploads\/2022\/10\/2_Chodowiec_Danuta_Warszawa_Hoza_27_brama-scaled.jpg\" alt=\"Elewacja frontowa - p\u00f3\u0142nocna. Przejazd bramny. Fot. Danuta Chodowiec 2022 r., \u017ar\u00f3d\u0142o: AOD III.\" class=\"wp-image-12210\" srcset=\"http:\/\/lapidarium.fundacja-hereditas.pl\/wp-content\/uploads\/2022\/10\/2_Chodowiec_Danuta_Warszawa_Hoza_27_brama-scaled.jpg 2560w, http:\/\/lapidarium.fundacja-hereditas.pl\/wp-content\/uploads\/2022\/10\/2_Chodowiec_Danuta_Warszawa_Hoza_27_brama-300x149.jpg 300w, http:\/\/lapidarium.fundacja-hereditas.pl\/wp-content\/uploads\/2022\/10\/2_Chodowiec_Danuta_Warszawa_Hoza_27_brama-1024x508.jpg 1024w, http:\/\/lapidarium.fundacja-hereditas.pl\/wp-content\/uploads\/2022\/10\/2_Chodowiec_Danuta_Warszawa_Hoza_27_brama-768x381.jpg 768w, http:\/\/lapidarium.fundacja-hereditas.pl\/wp-content\/uploads\/2022\/10\/2_Chodowiec_Danuta_Warszawa_Hoza_27_brama-1536x761.jpg 1536w, http:\/\/lapidarium.fundacja-hereditas.pl\/wp-content\/uploads\/2022\/10\/2_Chodowiec_Danuta_Warszawa_Hoza_27_brama-2048x1015.jpg 2048w, http:\/\/lapidarium.fundacja-hereditas.pl\/wp-content\/uploads\/2022\/10\/2_Chodowiec_Danuta_Warszawa_Hoza_27_brama-150x74.jpg 150w, http:\/\/lapidarium.fundacja-hereditas.pl\/wp-content\/uploads\/2022\/10\/2_Chodowiec_Danuta_Warszawa_Hoza_27_brama-696x345.jpg 696w, http:\/\/lapidarium.fundacja-hereditas.pl\/wp-content\/uploads\/2022\/10\/2_Chodowiec_Danuta_Warszawa_Hoza_27_brama-1068x529.jpg 1068w, http:\/\/lapidarium.fundacja-hereditas.pl\/wp-content\/uploads\/2022\/10\/2_Chodowiec_Danuta_Warszawa_Hoza_27_brama-1920x952.jpg 1920w\" sizes=\"auto, (max-width: 2560px) 100vw, 2560px\" \/><\/a><figcaption class=\"wp-element-caption\">Elewacja frontowa &#8211; p\u00f3\u0142nocna. Przejazd bramny. Fot. Danuta Chodowiec 2022 r., \u017ar\u00f3d\u0142o: AOD III.<\/figcaption><\/figure>\n\n\n\n<figure class=\"wp-block-image size-large\"><a href=\"http:\/\/lapidarium.fundacja-hereditas.pl\/wp-content\/uploads\/2022\/10\/Dziubiel_Agnieszka_Warszawa_Hoza_27_przejazd_bramny_odboj_02-scaled.jpg\"><img loading=\"lazy\" decoding=\"async\" width=\"2560\" height=\"2547\" data-id=\"12205\" src=\"http:\/\/lapidarium.fundacja-hereditas.pl\/wp-content\/uploads\/2022\/10\/Dziubiel_Agnieszka_Warszawa_Hoza_27_przejazd_bramny_odboj_02-scaled.jpg\" alt=\"Odb\u00f3j oduliczny. Fot. Agnieszka Dziubiel 2022 r., \u017ar\u00f3d\u0142o: AOD III.\" class=\"wp-image-12205\" srcset=\"http:\/\/lapidarium.fundacja-hereditas.pl\/wp-content\/uploads\/2022\/10\/Dziubiel_Agnieszka_Warszawa_Hoza_27_przejazd_bramny_odboj_02-scaled.jpg 2560w, http:\/\/lapidarium.fundacja-hereditas.pl\/wp-content\/uploads\/2022\/10\/Dziubiel_Agnieszka_Warszawa_Hoza_27_przejazd_bramny_odboj_02-300x298.jpg 300w, http:\/\/lapidarium.fundacja-hereditas.pl\/wp-content\/uploads\/2022\/10\/Dziubiel_Agnieszka_Warszawa_Hoza_27_przejazd_bramny_odboj_02-1024x1019.jpg 1024w, http:\/\/lapidarium.fundacja-hereditas.pl\/wp-content\/uploads\/2022\/10\/Dziubiel_Agnieszka_Warszawa_Hoza_27_przejazd_bramny_odboj_02-150x149.jpg 150w, http:\/\/lapidarium.fundacja-hereditas.pl\/wp-content\/uploads\/2022\/10\/Dziubiel_Agnieszka_Warszawa_Hoza_27_przejazd_bramny_odboj_02-768x764.jpg 768w, http:\/\/lapidarium.fundacja-hereditas.pl\/wp-content\/uploads\/2022\/10\/Dziubiel_Agnieszka_Warszawa_Hoza_27_przejazd_bramny_odboj_02-1536x1528.jpg 1536w, http:\/\/lapidarium.fundacja-hereditas.pl\/wp-content\/uploads\/2022\/10\/Dziubiel_Agnieszka_Warszawa_Hoza_27_przejazd_bramny_odboj_02-2048x2038.jpg 2048w, http:\/\/lapidarium.fundacja-hereditas.pl\/wp-content\/uploads\/2022\/10\/Dziubiel_Agnieszka_Warszawa_Hoza_27_przejazd_bramny_odboj_02-696x692.jpg 696w, http:\/\/lapidarium.fundacja-hereditas.pl\/wp-content\/uploads\/2022\/10\/Dziubiel_Agnieszka_Warszawa_Hoza_27_przejazd_bramny_odboj_02-1068x1063.jpg 1068w, http:\/\/lapidarium.fundacja-hereditas.pl\/wp-content\/uploads\/2022\/10\/Dziubiel_Agnieszka_Warszawa_Hoza_27_przejazd_bramny_odboj_02-1920x1910.jpg 1920w\" sizes=\"auto, (max-width: 2560px) 100vw, 2560px\" \/><\/a><figcaption class=\"wp-element-caption\">Odb\u00f3j oduliczny. Fot. Agnieszka Dziubiel  2022 r., \u017ar\u00f3d\u0142o: AOD III.<\/figcaption><\/figure>\n\n\n\n<figure class=\"wp-block-image size-large\"><a href=\"http:\/\/lapidarium.fundacja-hereditas.pl\/wp-content\/uploads\/2022\/10\/6_Chodowiec_Danuta_Warszawa_Hoza_27_odboj_bok-scaled.jpg\"><img loading=\"lazy\" decoding=\"async\" width=\"1535\" height=\"2560\" data-id=\"12192\" src=\"http:\/\/lapidarium.fundacja-hereditas.pl\/wp-content\/uploads\/2022\/10\/6_Chodowiec_Danuta_Warszawa_Hoza_27_odboj_bok-scaled.jpg\" alt=\"Przejazd bramny. Odb\u00f3j konsolowy - od ulicy. Fot. Danuta Chodowiec 2022 r., \u017ar\u00f3d\u0142o: AOD III.\" class=\"wp-image-12192\" srcset=\"http:\/\/lapidarium.fundacja-hereditas.pl\/wp-content\/uploads\/2022\/10\/6_Chodowiec_Danuta_Warszawa_Hoza_27_odboj_bok-scaled.jpg 1535w, http:\/\/lapidarium.fundacja-hereditas.pl\/wp-content\/uploads\/2022\/10\/6_Chodowiec_Danuta_Warszawa_Hoza_27_odboj_bok-180x300.jpg 180w, http:\/\/lapidarium.fundacja-hereditas.pl\/wp-content\/uploads\/2022\/10\/6_Chodowiec_Danuta_Warszawa_Hoza_27_odboj_bok-614x1024.jpg 614w, http:\/\/lapidarium.fundacja-hereditas.pl\/wp-content\/uploads\/2022\/10\/6_Chodowiec_Danuta_Warszawa_Hoza_27_odboj_bok-768x1280.jpg 768w, http:\/\/lapidarium.fundacja-hereditas.pl\/wp-content\/uploads\/2022\/10\/6_Chodowiec_Danuta_Warszawa_Hoza_27_odboj_bok-921x1536.jpg 921w, http:\/\/lapidarium.fundacja-hereditas.pl\/wp-content\/uploads\/2022\/10\/6_Chodowiec_Danuta_Warszawa_Hoza_27_odboj_bok-1228x2048.jpg 1228w, http:\/\/lapidarium.fundacja-hereditas.pl\/wp-content\/uploads\/2022\/10\/6_Chodowiec_Danuta_Warszawa_Hoza_27_odboj_bok-150x250.jpg 150w, http:\/\/lapidarium.fundacja-hereditas.pl\/wp-content\/uploads\/2022\/10\/6_Chodowiec_Danuta_Warszawa_Hoza_27_odboj_bok-300x500.jpg 300w, http:\/\/lapidarium.fundacja-hereditas.pl\/wp-content\/uploads\/2022\/10\/6_Chodowiec_Danuta_Warszawa_Hoza_27_odboj_bok-696x1160.jpg 696w, http:\/\/lapidarium.fundacja-hereditas.pl\/wp-content\/uploads\/2022\/10\/6_Chodowiec_Danuta_Warszawa_Hoza_27_odboj_bok-1068x1781.jpg 1068w\" sizes=\"auto, (max-width: 1535px) 100vw, 1535px\" \/><\/a><figcaption class=\"wp-element-caption\">Przejazd bramny. Odb\u00f3j konsolowy &#8211; od ulicy. Fot. Danuta Chodowiec 2022 r., \u017ar\u00f3d\u0142o: AOD III.<\/figcaption><\/figure>\n\n\n\n<figure class=\"wp-block-image size-large\"><a href=\"http:\/\/lapidarium.fundacja-hereditas.pl\/wp-content\/uploads\/2022\/10\/Dziubiel_Agnieszka_Warszawa_Hoza_27_przejazd_bramny_27-scaled.jpg\"><img loading=\"lazy\" decoding=\"async\" width=\"1248\" height=\"2560\" data-id=\"12203\" src=\"http:\/\/lapidarium.fundacja-hereditas.pl\/wp-content\/uploads\/2022\/10\/Dziubiel_Agnieszka_Warszawa_Hoza_27_przejazd_bramny_27-scaled.jpg\" alt=\"Wrota bramne. Widok ku ulicy. Fot. Agnieszka Dziubiel 2022 r., \u017ar\u00f3d\u0142o: AOD III.\" class=\"wp-image-12203\" srcset=\"http:\/\/lapidarium.fundacja-hereditas.pl\/wp-content\/uploads\/2022\/10\/Dziubiel_Agnieszka_Warszawa_Hoza_27_przejazd_bramny_27-scaled.jpg 1248w, http:\/\/lapidarium.fundacja-hereditas.pl\/wp-content\/uploads\/2022\/10\/Dziubiel_Agnieszka_Warszawa_Hoza_27_przejazd_bramny_27-146x300.jpg 146w, http:\/\/lapidarium.fundacja-hereditas.pl\/wp-content\/uploads\/2022\/10\/Dziubiel_Agnieszka_Warszawa_Hoza_27_przejazd_bramny_27-499x1024.jpg 499w, http:\/\/lapidarium.fundacja-hereditas.pl\/wp-content\/uploads\/2022\/10\/Dziubiel_Agnieszka_Warszawa_Hoza_27_przejazd_bramny_27-768x1575.jpg 768w, http:\/\/lapidarium.fundacja-hereditas.pl\/wp-content\/uploads\/2022\/10\/Dziubiel_Agnieszka_Warszawa_Hoza_27_przejazd_bramny_27-749x1536.jpg 749w, http:\/\/lapidarium.fundacja-hereditas.pl\/wp-content\/uploads\/2022\/10\/Dziubiel_Agnieszka_Warszawa_Hoza_27_przejazd_bramny_27-999x2048.jpg 999w, http:\/\/lapidarium.fundacja-hereditas.pl\/wp-content\/uploads\/2022\/10\/Dziubiel_Agnieszka_Warszawa_Hoza_27_przejazd_bramny_27-150x308.jpg 150w, http:\/\/lapidarium.fundacja-hereditas.pl\/wp-content\/uploads\/2022\/10\/Dziubiel_Agnieszka_Warszawa_Hoza_27_przejazd_bramny_27-300x615.jpg 300w, http:\/\/lapidarium.fundacja-hereditas.pl\/wp-content\/uploads\/2022\/10\/Dziubiel_Agnieszka_Warszawa_Hoza_27_przejazd_bramny_27-696x1427.jpg 696w, http:\/\/lapidarium.fundacja-hereditas.pl\/wp-content\/uploads\/2022\/10\/Dziubiel_Agnieszka_Warszawa_Hoza_27_przejazd_bramny_27-1068x2190.jpg 1068w\" sizes=\"auto, (max-width: 1248px) 100vw, 1248px\" \/><\/a><figcaption class=\"wp-element-caption\">Wrota bramne. Widok ku ulicy. Fot. Agnieszka Dziubiel  2022 r., \u017ar\u00f3d\u0142o: AOD III.<\/figcaption><\/figure>\n\n\n\n<figure class=\"wp-block-image size-large\"><a href=\"http:\/\/lapidarium.fundacja-hereditas.pl\/wp-content\/uploads\/2022\/10\/Dziubiel_Agnieszka_Warszawa_Hoza_27_przejazd_bramny_25-scaled.jpg\"><img loading=\"lazy\" decoding=\"async\" width=\"1283\" height=\"2560\" data-id=\"12202\" src=\"http:\/\/lapidarium.fundacja-hereditas.pl\/wp-content\/uploads\/2022\/10\/Dziubiel_Agnieszka_Warszawa_Hoza_27_przejazd_bramny_25-scaled.jpg\" alt=\"Przejazd bramny. Widok od ulicy. Fot. Agnieszka Dziubiel 2022 r., \u017ar\u00f3d\u0142o: AOD III.\" class=\"wp-image-12202\" srcset=\"http:\/\/lapidarium.fundacja-hereditas.pl\/wp-content\/uploads\/2022\/10\/Dziubiel_Agnieszka_Warszawa_Hoza_27_przejazd_bramny_25-scaled.jpg 1283w, http:\/\/lapidarium.fundacja-hereditas.pl\/wp-content\/uploads\/2022\/10\/Dziubiel_Agnieszka_Warszawa_Hoza_27_przejazd_bramny_25-150x299.jpg 150w, http:\/\/lapidarium.fundacja-hereditas.pl\/wp-content\/uploads\/2022\/10\/Dziubiel_Agnieszka_Warszawa_Hoza_27_przejazd_bramny_25-513x1024.jpg 513w, http:\/\/lapidarium.fundacja-hereditas.pl\/wp-content\/uploads\/2022\/10\/Dziubiel_Agnieszka_Warszawa_Hoza_27_przejazd_bramny_25-768x1532.jpg 768w, http:\/\/lapidarium.fundacja-hereditas.pl\/wp-content\/uploads\/2022\/10\/Dziubiel_Agnieszka_Warszawa_Hoza_27_przejazd_bramny_25-770x1536.jpg 770w, http:\/\/lapidarium.fundacja-hereditas.pl\/wp-content\/uploads\/2022\/10\/Dziubiel_Agnieszka_Warszawa_Hoza_27_przejazd_bramny_25-1026x2048.jpg 1026w, http:\/\/lapidarium.fundacja-hereditas.pl\/wp-content\/uploads\/2022\/10\/Dziubiel_Agnieszka_Warszawa_Hoza_27_przejazd_bramny_25-300x599.jpg 300w, http:\/\/lapidarium.fundacja-hereditas.pl\/wp-content\/uploads\/2022\/10\/Dziubiel_Agnieszka_Warszawa_Hoza_27_przejazd_bramny_25-696x1389.jpg 696w, http:\/\/lapidarium.fundacja-hereditas.pl\/wp-content\/uploads\/2022\/10\/Dziubiel_Agnieszka_Warszawa_Hoza_27_przejazd_bramny_25-1068x2131.jpg 1068w\" sizes=\"auto, (max-width: 1283px) 100vw, 1283px\" \/><\/a><figcaption class=\"wp-element-caption\">Przejazd bramny. Widok od ulicy. Fot. Agnieszka Dziubiel  2022 r., \u017ar\u00f3d\u0142o: AOD III.<\/figcaption><\/figure>\n\n\n\n<figure class=\"wp-block-image size-large\"><a href=\"http:\/\/lapidarium.fundacja-hereditas.pl\/wp-content\/uploads\/2022\/10\/Dziubiel_Agnieszka_Warszawa_Hoza_27_przejazd_bramny_02_detal-scaled.jpg\"><img loading=\"lazy\" decoding=\"async\" width=\"1232\" height=\"2560\" data-id=\"12201\" src=\"http:\/\/lapidarium.fundacja-hereditas.pl\/wp-content\/uploads\/2022\/10\/Dziubiel_Agnieszka_Warszawa_Hoza_27_przejazd_bramny_02_detal-scaled.jpg\" alt=\"Przejazd bramny. Aedicula. Fot. Agnieszka Dziubiel 2022 r., \u017ar\u00f3d\u0142o: AOD III.\" class=\"wp-image-12201\" srcset=\"http:\/\/lapidarium.fundacja-hereditas.pl\/wp-content\/uploads\/2022\/10\/Dziubiel_Agnieszka_Warszawa_Hoza_27_przejazd_bramny_02_detal-scaled.jpg 1232w, http:\/\/lapidarium.fundacja-hereditas.pl\/wp-content\/uploads\/2022\/10\/Dziubiel_Agnieszka_Warszawa_Hoza_27_przejazd_bramny_02_detal-144x300.jpg 144w, http:\/\/lapidarium.fundacja-hereditas.pl\/wp-content\/uploads\/2022\/10\/Dziubiel_Agnieszka_Warszawa_Hoza_27_przejazd_bramny_02_detal-493x1024.jpg 493w, http:\/\/lapidarium.fundacja-hereditas.pl\/wp-content\/uploads\/2022\/10\/Dziubiel_Agnieszka_Warszawa_Hoza_27_przejazd_bramny_02_detal-768x1595.jpg 768w, http:\/\/lapidarium.fundacja-hereditas.pl\/wp-content\/uploads\/2022\/10\/Dziubiel_Agnieszka_Warszawa_Hoza_27_przejazd_bramny_02_detal-739x1536.jpg 739w, http:\/\/lapidarium.fundacja-hereditas.pl\/wp-content\/uploads\/2022\/10\/Dziubiel_Agnieszka_Warszawa_Hoza_27_przejazd_bramny_02_detal-986x2048.jpg 986w, http:\/\/lapidarium.fundacja-hereditas.pl\/wp-content\/uploads\/2022\/10\/Dziubiel_Agnieszka_Warszawa_Hoza_27_przejazd_bramny_02_detal-150x312.jpg 150w, http:\/\/lapidarium.fundacja-hereditas.pl\/wp-content\/uploads\/2022\/10\/Dziubiel_Agnieszka_Warszawa_Hoza_27_przejazd_bramny_02_detal-300x623.jpg 300w, http:\/\/lapidarium.fundacja-hereditas.pl\/wp-content\/uploads\/2022\/10\/Dziubiel_Agnieszka_Warszawa_Hoza_27_przejazd_bramny_02_detal-696x1446.jpg 696w, http:\/\/lapidarium.fundacja-hereditas.pl\/wp-content\/uploads\/2022\/10\/Dziubiel_Agnieszka_Warszawa_Hoza_27_przejazd_bramny_02_detal-1068x2219.jpg 1068w\" sizes=\"auto, (max-width: 1232px) 100vw, 1232px\" \/><\/a><figcaption class=\"wp-element-caption\">Przejazd bramny. Aedicula. Fot. Agnieszka Dziubiel  2022 r., \u017ar\u00f3d\u0142o: AOD III.<\/figcaption><\/figure>\n\n\n\n<figure class=\"wp-block-image size-large\"><a href=\"http:\/\/lapidarium.fundacja-hereditas.pl\/wp-content\/uploads\/2022\/10\/Aga_Sienk_ul_Hoza_27_przejazd_bramny_dekroacje_scienne-scaled.jpg\"><img loading=\"lazy\" decoding=\"async\" width=\"1920\" height=\"2560\" data-id=\"12197\" src=\"http:\/\/lapidarium.fundacja-hereditas.pl\/wp-content\/uploads\/2022\/10\/Aga_Sienk_ul_Hoza_27_przejazd_bramny_dekroacje_scienne-scaled.jpg\" alt=\"Przejazd bramny. Nacz\u00f3\u0142ek nad aedicul\u0105. Fot. Agnieszka Sienkiewicz 2022 r., \u017ar\u00f3d\u0142o: AOD III.\" class=\"wp-image-12197\" srcset=\"http:\/\/lapidarium.fundacja-hereditas.pl\/wp-content\/uploads\/2022\/10\/Aga_Sienk_ul_Hoza_27_przejazd_bramny_dekroacje_scienne-scaled.jpg 1920w, http:\/\/lapidarium.fundacja-hereditas.pl\/wp-content\/uploads\/2022\/10\/Aga_Sienk_ul_Hoza_27_przejazd_bramny_dekroacje_scienne-225x300.jpg 225w, http:\/\/lapidarium.fundacja-hereditas.pl\/wp-content\/uploads\/2022\/10\/Aga_Sienk_ul_Hoza_27_przejazd_bramny_dekroacje_scienne-768x1024.jpg 768w, http:\/\/lapidarium.fundacja-hereditas.pl\/wp-content\/uploads\/2022\/10\/Aga_Sienk_ul_Hoza_27_przejazd_bramny_dekroacje_scienne-1152x1536.jpg 1152w, http:\/\/lapidarium.fundacja-hereditas.pl\/wp-content\/uploads\/2022\/10\/Aga_Sienk_ul_Hoza_27_przejazd_bramny_dekroacje_scienne-1536x2048.jpg 1536w, http:\/\/lapidarium.fundacja-hereditas.pl\/wp-content\/uploads\/2022\/10\/Aga_Sienk_ul_Hoza_27_przejazd_bramny_dekroacje_scienne-150x200.jpg 150w, http:\/\/lapidarium.fundacja-hereditas.pl\/wp-content\/uploads\/2022\/10\/Aga_Sienk_ul_Hoza_27_przejazd_bramny_dekroacje_scienne-300x400.jpg 300w, http:\/\/lapidarium.fundacja-hereditas.pl\/wp-content\/uploads\/2022\/10\/Aga_Sienk_ul_Hoza_27_przejazd_bramny_dekroacje_scienne-696x928.jpg 696w, http:\/\/lapidarium.fundacja-hereditas.pl\/wp-content\/uploads\/2022\/10\/Aga_Sienk_ul_Hoza_27_przejazd_bramny_dekroacje_scienne-1068x1424.jpg 1068w\" sizes=\"auto, (max-width: 1920px) 100vw, 1920px\" \/><\/a><figcaption class=\"wp-element-caption\">Przejazd bramny. Nacz\u00f3\u0142ek nad aedicul\u0105. Fot. Agnieszka Sienkiewicz 2022 r., \u017ar\u00f3d\u0142o: AOD III.<\/figcaption><\/figure>\n\n\n\n<figure class=\"wp-block-image size-large\"><a href=\"http:\/\/lapidarium.fundacja-hereditas.pl\/wp-content\/uploads\/2022\/10\/Dziubiel_Agnieszka_Warszawa_Hoza_27_przejazd_bramny_32_detal-scaled.jpg\"><img loading=\"lazy\" decoding=\"async\" width=\"1948\" height=\"2560\" data-id=\"12204\" src=\"http:\/\/lapidarium.fundacja-hereditas.pl\/wp-content\/uploads\/2022\/10\/Dziubiel_Agnieszka_Warszawa_Hoza_27_przejazd_bramny_32_detal-scaled.jpg\" alt=\"Esownica przy nacz\u00f3\u0142ku nad aedicul\u0105. Fot. Agnieszka Dziubiel 2022 r., \u017ar\u00f3d\u0142o: AOD III.\" class=\"wp-image-12204\" srcset=\"http:\/\/lapidarium.fundacja-hereditas.pl\/wp-content\/uploads\/2022\/10\/Dziubiel_Agnieszka_Warszawa_Hoza_27_przejazd_bramny_32_detal-scaled.jpg 1948w, http:\/\/lapidarium.fundacja-hereditas.pl\/wp-content\/uploads\/2022\/10\/Dziubiel_Agnieszka_Warszawa_Hoza_27_przejazd_bramny_32_detal-228x300.jpg 228w, http:\/\/lapidarium.fundacja-hereditas.pl\/wp-content\/uploads\/2022\/10\/Dziubiel_Agnieszka_Warszawa_Hoza_27_przejazd_bramny_32_detal-779x1024.jpg 779w, http:\/\/lapidarium.fundacja-hereditas.pl\/wp-content\/uploads\/2022\/10\/Dziubiel_Agnieszka_Warszawa_Hoza_27_przejazd_bramny_32_detal-768x1009.jpg 768w, http:\/\/lapidarium.fundacja-hereditas.pl\/wp-content\/uploads\/2022\/10\/Dziubiel_Agnieszka_Warszawa_Hoza_27_przejazd_bramny_32_detal-1169x1536.jpg 1169w, http:\/\/lapidarium.fundacja-hereditas.pl\/wp-content\/uploads\/2022\/10\/Dziubiel_Agnieszka_Warszawa_Hoza_27_przejazd_bramny_32_detal-1558x2048.jpg 1558w, http:\/\/lapidarium.fundacja-hereditas.pl\/wp-content\/uploads\/2022\/10\/Dziubiel_Agnieszka_Warszawa_Hoza_27_przejazd_bramny_32_detal-150x197.jpg 150w, http:\/\/lapidarium.fundacja-hereditas.pl\/wp-content\/uploads\/2022\/10\/Dziubiel_Agnieszka_Warszawa_Hoza_27_przejazd_bramny_32_detal-300x394.jpg 300w, http:\/\/lapidarium.fundacja-hereditas.pl\/wp-content\/uploads\/2022\/10\/Dziubiel_Agnieszka_Warszawa_Hoza_27_przejazd_bramny_32_detal-696x915.jpg 696w, http:\/\/lapidarium.fundacja-hereditas.pl\/wp-content\/uploads\/2022\/10\/Dziubiel_Agnieszka_Warszawa_Hoza_27_przejazd_bramny_32_detal-1068x1404.jpg 1068w, http:\/\/lapidarium.fundacja-hereditas.pl\/wp-content\/uploads\/2022\/10\/Dziubiel_Agnieszka_Warszawa_Hoza_27_przejazd_bramny_32_detal-1920x2524.jpg 1920w\" sizes=\"auto, (max-width: 1948px) 100vw, 1948px\" \/><\/a><figcaption class=\"wp-element-caption\">Esownica przy nacz\u00f3\u0142ku nad aedicul\u0105. Fot. Agnieszka Dziubiel  2022 r., \u017ar\u00f3d\u0142o: AOD III.<\/figcaption><\/figure>\n\n\n\n<figure class=\"wp-block-image size-large\"><a href=\"http:\/\/lapidarium.fundacja-hereditas.pl\/wp-content\/uploads\/2022\/10\/Hoza_27_Warszawa_budynek_frontowy_przejazd_bramny_cokol_pilastara_Maksymiuk_Malgorzata-1-scaled.jpg\"><img loading=\"lazy\" decoding=\"async\" width=\"1893\" height=\"2560\" data-id=\"12223\" src=\"http:\/\/lapidarium.fundacja-hereditas.pl\/wp-content\/uploads\/2022\/10\/Hoza_27_Warszawa_budynek_frontowy_przejazd_bramny_cokol_pilastara_Maksymiuk_Malgorzata-1-scaled.jpg\" alt=\"Przejazd bramny. Cok\u00f3\u0142 pilastra. Fot. Ma\u0142gorzata Maksymiuk 2022 r., \u017ar\u00f3d\u0142o: AOD III.\" class=\"wp-image-12223\" srcset=\"http:\/\/lapidarium.fundacja-hereditas.pl\/wp-content\/uploads\/2022\/10\/Hoza_27_Warszawa_budynek_frontowy_przejazd_bramny_cokol_pilastara_Maksymiuk_Malgorzata-1-scaled.jpg 1893w, http:\/\/lapidarium.fundacja-hereditas.pl\/wp-content\/uploads\/2022\/10\/Hoza_27_Warszawa_budynek_frontowy_przejazd_bramny_cokol_pilastara_Maksymiuk_Malgorzata-1-222x300.jpg 222w, http:\/\/lapidarium.fundacja-hereditas.pl\/wp-content\/uploads\/2022\/10\/Hoza_27_Warszawa_budynek_frontowy_przejazd_bramny_cokol_pilastara_Maksymiuk_Malgorzata-1-757x1024.jpg 757w, http:\/\/lapidarium.fundacja-hereditas.pl\/wp-content\/uploads\/2022\/10\/Hoza_27_Warszawa_budynek_frontowy_przejazd_bramny_cokol_pilastara_Maksymiuk_Malgorzata-1-768x1038.jpg 768w, http:\/\/lapidarium.fundacja-hereditas.pl\/wp-content\/uploads\/2022\/10\/Hoza_27_Warszawa_budynek_frontowy_przejazd_bramny_cokol_pilastara_Maksymiuk_Malgorzata-1-1136x1536.jpg 1136w, http:\/\/lapidarium.fundacja-hereditas.pl\/wp-content\/uploads\/2022\/10\/Hoza_27_Warszawa_budynek_frontowy_przejazd_bramny_cokol_pilastara_Maksymiuk_Malgorzata-1-1515x2048.jpg 1515w, http:\/\/lapidarium.fundacja-hereditas.pl\/wp-content\/uploads\/2022\/10\/Hoza_27_Warszawa_budynek_frontowy_przejazd_bramny_cokol_pilastara_Maksymiuk_Malgorzata-1-150x203.jpg 150w, http:\/\/lapidarium.fundacja-hereditas.pl\/wp-content\/uploads\/2022\/10\/Hoza_27_Warszawa_budynek_frontowy_przejazd_bramny_cokol_pilastara_Maksymiuk_Malgorzata-1-300x406.jpg 300w, http:\/\/lapidarium.fundacja-hereditas.pl\/wp-content\/uploads\/2022\/10\/Hoza_27_Warszawa_budynek_frontowy_przejazd_bramny_cokol_pilastara_Maksymiuk_Malgorzata-1-696x941.jpg 696w, http:\/\/lapidarium.fundacja-hereditas.pl\/wp-content\/uploads\/2022\/10\/Hoza_27_Warszawa_budynek_frontowy_przejazd_bramny_cokol_pilastara_Maksymiuk_Malgorzata-1-1068x1444.jpg 1068w, http:\/\/lapidarium.fundacja-hereditas.pl\/wp-content\/uploads\/2022\/10\/Hoza_27_Warszawa_budynek_frontowy_przejazd_bramny_cokol_pilastara_Maksymiuk_Malgorzata-1-1920x2596.jpg 1920w\" sizes=\"auto, (max-width: 1893px) 100vw, 1893px\" \/><\/a><figcaption class=\"wp-element-caption\">Przejazd bramny. Cok\u00f3\u0142 pilastra. Fot. Ma\u0142gorzata Maksymiuk  2022 r., \u017ar\u00f3d\u0142o: AOD III.<\/figcaption><\/figure>\n\n\n\n<figure class=\"wp-block-image size-large\"><a href=\"http:\/\/lapidarium.fundacja-hereditas.pl\/wp-content\/uploads\/2022\/10\/Hoza_27_Warszawa_budynek_frontowy_przejazd_bramny_dekoracja_impostu_pilastara3_Maksymiuk_Malgorzata-scaled.jpg\"><img loading=\"lazy\" decoding=\"async\" width=\"1943\" height=\"2560\" data-id=\"12207\" src=\"http:\/\/lapidarium.fundacja-hereditas.pl\/wp-content\/uploads\/2022\/10\/Hoza_27_Warszawa_budynek_frontowy_przejazd_bramny_dekoracja_impostu_pilastara3_Maksymiuk_Malgorzata-scaled.jpg\" alt=\"Przejazd bramny. Konsola pilastra. Fot. Ma\u0142gorzata Maksymiuk 2022 r., \u017ar\u00f3d\u0142o: AOD III.\" class=\"wp-image-12207\" srcset=\"http:\/\/lapidarium.fundacja-hereditas.pl\/wp-content\/uploads\/2022\/10\/Hoza_27_Warszawa_budynek_frontowy_przejazd_bramny_dekoracja_impostu_pilastara3_Maksymiuk_Malgorzata-scaled.jpg 1943w, http:\/\/lapidarium.fundacja-hereditas.pl\/wp-content\/uploads\/2022\/10\/Hoza_27_Warszawa_budynek_frontowy_przejazd_bramny_dekoracja_impostu_pilastara3_Maksymiuk_Malgorzata-228x300.jpg 228w, http:\/\/lapidarium.fundacja-hereditas.pl\/wp-content\/uploads\/2022\/10\/Hoza_27_Warszawa_budynek_frontowy_przejazd_bramny_dekoracja_impostu_pilastara3_Maksymiuk_Malgorzata-777x1024.jpg 777w, http:\/\/lapidarium.fundacja-hereditas.pl\/wp-content\/uploads\/2022\/10\/Hoza_27_Warszawa_budynek_frontowy_przejazd_bramny_dekoracja_impostu_pilastara3_Maksymiuk_Malgorzata-768x1012.jpg 768w, http:\/\/lapidarium.fundacja-hereditas.pl\/wp-content\/uploads\/2022\/10\/Hoza_27_Warszawa_budynek_frontowy_przejazd_bramny_dekoracja_impostu_pilastara3_Maksymiuk_Malgorzata-1166x1536.jpg 1166w, http:\/\/lapidarium.fundacja-hereditas.pl\/wp-content\/uploads\/2022\/10\/Hoza_27_Warszawa_budynek_frontowy_przejazd_bramny_dekoracja_impostu_pilastara3_Maksymiuk_Malgorzata-1554x2048.jpg 1554w, http:\/\/lapidarium.fundacja-hereditas.pl\/wp-content\/uploads\/2022\/10\/Hoza_27_Warszawa_budynek_frontowy_przejazd_bramny_dekoracja_impostu_pilastara3_Maksymiuk_Malgorzata-150x198.jpg 150w, http:\/\/lapidarium.fundacja-hereditas.pl\/wp-content\/uploads\/2022\/10\/Hoza_27_Warszawa_budynek_frontowy_przejazd_bramny_dekoracja_impostu_pilastara3_Maksymiuk_Malgorzata-300x395.jpg 300w, http:\/\/lapidarium.fundacja-hereditas.pl\/wp-content\/uploads\/2022\/10\/Hoza_27_Warszawa_budynek_frontowy_przejazd_bramny_dekoracja_impostu_pilastara3_Maksymiuk_Malgorzata-696x917.jpg 696w, http:\/\/lapidarium.fundacja-hereditas.pl\/wp-content\/uploads\/2022\/10\/Hoza_27_Warszawa_budynek_frontowy_przejazd_bramny_dekoracja_impostu_pilastara3_Maksymiuk_Malgorzata-1068x1407.jpg 1068w, http:\/\/lapidarium.fundacja-hereditas.pl\/wp-content\/uploads\/2022\/10\/Hoza_27_Warszawa_budynek_frontowy_przejazd_bramny_dekoracja_impostu_pilastara3_Maksymiuk_Malgorzata-1920x2530.jpg 1920w\" sizes=\"auto, (max-width: 1943px) 100vw, 1943px\" \/><\/a><figcaption class=\"wp-element-caption\">Przejazd bramny. Konsola pilastra. Fot. Ma\u0142gorzata Maksymiuk  2022 r., \u017ar\u00f3d\u0142o: AOD III.<\/figcaption><\/figure>\n\n\n\n<figure class=\"wp-block-image size-large\"><a href=\"http:\/\/lapidarium.fundacja-hereditas.pl\/wp-content\/uploads\/2022\/10\/badab_Warszawa_ul_Hoza_27_wejscie_bramne_prawa_srt_pilaster_glowica-scaled.jpg\"><img loading=\"lazy\" decoding=\"async\" width=\"1810\" height=\"2560\" data-id=\"12198\" src=\"http:\/\/lapidarium.fundacja-hereditas.pl\/wp-content\/uploads\/2022\/10\/badab_Warszawa_ul_Hoza_27_wejscie_bramne_prawa_srt_pilaster_glowica-scaled.jpg\" alt=\"Przejazd bramny. G\u0142owica pilastra. Fot. Agnieszka D\u0105bkowska2022 r., \u017ar\u00f3d\u0142o: AOD III.\" class=\"wp-image-12198\" srcset=\"http:\/\/lapidarium.fundacja-hereditas.pl\/wp-content\/uploads\/2022\/10\/badab_Warszawa_ul_Hoza_27_wejscie_bramne_prawa_srt_pilaster_glowica-scaled.jpg 1810w, http:\/\/lapidarium.fundacja-hereditas.pl\/wp-content\/uploads\/2022\/10\/badab_Warszawa_ul_Hoza_27_wejscie_bramne_prawa_srt_pilaster_glowica-212x300.jpg 212w, http:\/\/lapidarium.fundacja-hereditas.pl\/wp-content\/uploads\/2022\/10\/badab_Warszawa_ul_Hoza_27_wejscie_bramne_prawa_srt_pilaster_glowica-724x1024.jpg 724w, http:\/\/lapidarium.fundacja-hereditas.pl\/wp-content\/uploads\/2022\/10\/badab_Warszawa_ul_Hoza_27_wejscie_bramne_prawa_srt_pilaster_glowica-768x1086.jpg 768w, http:\/\/lapidarium.fundacja-hereditas.pl\/wp-content\/uploads\/2022\/10\/badab_Warszawa_ul_Hoza_27_wejscie_bramne_prawa_srt_pilaster_glowica-1086x1536.jpg 1086w, http:\/\/lapidarium.fundacja-hereditas.pl\/wp-content\/uploads\/2022\/10\/badab_Warszawa_ul_Hoza_27_wejscie_bramne_prawa_srt_pilaster_glowica-1448x2048.jpg 1448w, http:\/\/lapidarium.fundacja-hereditas.pl\/wp-content\/uploads\/2022\/10\/badab_Warszawa_ul_Hoza_27_wejscie_bramne_prawa_srt_pilaster_glowica-150x212.jpg 150w, http:\/\/lapidarium.fundacja-hereditas.pl\/wp-content\/uploads\/2022\/10\/badab_Warszawa_ul_Hoza_27_wejscie_bramne_prawa_srt_pilaster_glowica-300x424.jpg 300w, http:\/\/lapidarium.fundacja-hereditas.pl\/wp-content\/uploads\/2022\/10\/badab_Warszawa_ul_Hoza_27_wejscie_bramne_prawa_srt_pilaster_glowica-696x984.jpg 696w, http:\/\/lapidarium.fundacja-hereditas.pl\/wp-content\/uploads\/2022\/10\/badab_Warszawa_ul_Hoza_27_wejscie_bramne_prawa_srt_pilaster_glowica-1068x1511.jpg 1068w, http:\/\/lapidarium.fundacja-hereditas.pl\/wp-content\/uploads\/2022\/10\/badab_Warszawa_ul_Hoza_27_wejscie_bramne_prawa_srt_pilaster_glowica-1920x2716.jpg 1920w\" sizes=\"auto, (max-width: 1810px) 100vw, 1810px\" \/><\/a><figcaption class=\"wp-element-caption\">Przejazd bramny. G\u0142owica pilastra. Fot. Agnieszka D\u0105bkowska2022 r., \u017ar\u00f3d\u0142o: AOD III.<\/figcaption><\/figure>\n\n\n\n<figure class=\"wp-block-image size-large\"><a href=\"http:\/\/lapidarium.fundacja-hereditas.pl\/wp-content\/uploads\/2022\/10\/8_Chodowiec_Mariusz_Warszawa_ul_Hoza_27_brama_stopien_marmurowy-scaled.jpg\"><img loading=\"lazy\" decoding=\"async\" width=\"1947\" height=\"2560\" data-id=\"12194\" src=\"http:\/\/lapidarium.fundacja-hereditas.pl\/wp-content\/uploads\/2022\/10\/8_Chodowiec_Mariusz_Warszawa_ul_Hoza_27_brama_stopien_marmurowy-scaled.jpg\" alt=\"Przejazd bramny. Marmurowy pr\u00f3g aediculi. Fot. Mariusz Chodowiec 2022 r., \u017ar\u00f3d\u0142o: AOD III.\" class=\"wp-image-12194\" srcset=\"http:\/\/lapidarium.fundacja-hereditas.pl\/wp-content\/uploads\/2022\/10\/8_Chodowiec_Mariusz_Warszawa_ul_Hoza_27_brama_stopien_marmurowy-scaled.jpg 1947w, http:\/\/lapidarium.fundacja-hereditas.pl\/wp-content\/uploads\/2022\/10\/8_Chodowiec_Mariusz_Warszawa_ul_Hoza_27_brama_stopien_marmurowy-228x300.jpg 228w, http:\/\/lapidarium.fundacja-hereditas.pl\/wp-content\/uploads\/2022\/10\/8_Chodowiec_Mariusz_Warszawa_ul_Hoza_27_brama_stopien_marmurowy-779x1024.jpg 779w, http:\/\/lapidarium.fundacja-hereditas.pl\/wp-content\/uploads\/2022\/10\/8_Chodowiec_Mariusz_Warszawa_ul_Hoza_27_brama_stopien_marmurowy-768x1010.jpg 768w, http:\/\/lapidarium.fundacja-hereditas.pl\/wp-content\/uploads\/2022\/10\/8_Chodowiec_Mariusz_Warszawa_ul_Hoza_27_brama_stopien_marmurowy-1168x1536.jpg 1168w, http:\/\/lapidarium.fundacja-hereditas.pl\/wp-content\/uploads\/2022\/10\/8_Chodowiec_Mariusz_Warszawa_ul_Hoza_27_brama_stopien_marmurowy-1558x2048.jpg 1558w, http:\/\/lapidarium.fundacja-hereditas.pl\/wp-content\/uploads\/2022\/10\/8_Chodowiec_Mariusz_Warszawa_ul_Hoza_27_brama_stopien_marmurowy-150x197.jpg 150w, http:\/\/lapidarium.fundacja-hereditas.pl\/wp-content\/uploads\/2022\/10\/8_Chodowiec_Mariusz_Warszawa_ul_Hoza_27_brama_stopien_marmurowy-300x394.jpg 300w, http:\/\/lapidarium.fundacja-hereditas.pl\/wp-content\/uploads\/2022\/10\/8_Chodowiec_Mariusz_Warszawa_ul_Hoza_27_brama_stopien_marmurowy-696x915.jpg 696w, http:\/\/lapidarium.fundacja-hereditas.pl\/wp-content\/uploads\/2022\/10\/8_Chodowiec_Mariusz_Warszawa_ul_Hoza_27_brama_stopien_marmurowy-1068x1404.jpg 1068w, http:\/\/lapidarium.fundacja-hereditas.pl\/wp-content\/uploads\/2022\/10\/8_Chodowiec_Mariusz_Warszawa_ul_Hoza_27_brama_stopien_marmurowy-1920x2525.jpg 1920w\" sizes=\"auto, (max-width: 1947px) 100vw, 1947px\" \/><\/a><figcaption class=\"wp-element-caption\">Przejazd bramny. Marmurowy pr\u00f3g aediculi. Fot. Mariusz Chodowiec 2022 r., \u017ar\u00f3d\u0142o: AOD III.<\/figcaption><\/figure>\n\n\n\n<figure class=\"wp-block-image size-large\"><a href=\"http:\/\/lapidarium.fundacja-hereditas.pl\/wp-content\/uploads\/2022\/10\/8_Chodowiec_Danuta_Warszawa_Hoza_27_brama_posadzka-scaled.jpg\"><img loading=\"lazy\" decoding=\"async\" width=\"1316\" height=\"2560\" data-id=\"12193\" src=\"http:\/\/lapidarium.fundacja-hereditas.pl\/wp-content\/uploads\/2022\/10\/8_Chodowiec_Danuta_Warszawa_Hoza_27_brama_posadzka-scaled.jpg\" alt=\"Przejazd bramny. Posadzka. Fot. Danuta Chodowiec 2022 r., \u017ar\u00f3d\u0142o: AOD III.\" class=\"wp-image-12193\" srcset=\"http:\/\/lapidarium.fundacja-hereditas.pl\/wp-content\/uploads\/2022\/10\/8_Chodowiec_Danuta_Warszawa_Hoza_27_brama_posadzka-scaled.jpg 1316w, http:\/\/lapidarium.fundacja-hereditas.pl\/wp-content\/uploads\/2022\/10\/8_Chodowiec_Danuta_Warszawa_Hoza_27_brama_posadzka-154x300.jpg 154w, http:\/\/lapidarium.fundacja-hereditas.pl\/wp-content\/uploads\/2022\/10\/8_Chodowiec_Danuta_Warszawa_Hoza_27_brama_posadzka-526x1024.jpg 526w, http:\/\/lapidarium.fundacja-hereditas.pl\/wp-content\/uploads\/2022\/10\/8_Chodowiec_Danuta_Warszawa_Hoza_27_brama_posadzka-768x1494.jpg 768w, http:\/\/lapidarium.fundacja-hereditas.pl\/wp-content\/uploads\/2022\/10\/8_Chodowiec_Danuta_Warszawa_Hoza_27_brama_posadzka-790x1536.jpg 790w, http:\/\/lapidarium.fundacja-hereditas.pl\/wp-content\/uploads\/2022\/10\/8_Chodowiec_Danuta_Warszawa_Hoza_27_brama_posadzka-1053x2048.jpg 1053w, http:\/\/lapidarium.fundacja-hereditas.pl\/wp-content\/uploads\/2022\/10\/8_Chodowiec_Danuta_Warszawa_Hoza_27_brama_posadzka-150x292.jpg 150w, http:\/\/lapidarium.fundacja-hereditas.pl\/wp-content\/uploads\/2022\/10\/8_Chodowiec_Danuta_Warszawa_Hoza_27_brama_posadzka-300x584.jpg 300w, http:\/\/lapidarium.fundacja-hereditas.pl\/wp-content\/uploads\/2022\/10\/8_Chodowiec_Danuta_Warszawa_Hoza_27_brama_posadzka-696x1354.jpg 696w, http:\/\/lapidarium.fundacja-hereditas.pl\/wp-content\/uploads\/2022\/10\/8_Chodowiec_Danuta_Warszawa_Hoza_27_brama_posadzka-1068x2077.jpg 1068w\" sizes=\"auto, (max-width: 1316px) 100vw, 1316px\" \/><\/a><figcaption class=\"wp-element-caption\">Przejazd bramny. Posadzka. Fot. Danuta Chodowiec 2022 r., \u017ar\u00f3d\u0142o: AOD III.<\/figcaption><\/figure>\n\n\n\n<figure class=\"wp-block-image size-large\"><a href=\"http:\/\/lapidarium.fundacja-hereditas.pl\/wp-content\/uploads\/2022\/10\/BR_Warszawa_ul_Hoza_27_otwor_bramny_detal_01-scaled.jpg\"><img loading=\"lazy\" decoding=\"async\" width=\"2560\" height=\"1888\" data-id=\"12199\" src=\"http:\/\/lapidarium.fundacja-hereditas.pl\/wp-content\/uploads\/2022\/10\/BR_Warszawa_ul_Hoza_27_otwor_bramny_detal_01-scaled.jpg\" alt=\"Przejazd bramny. Sufit. Fot. Bo\u017cena Rudzisz 2022 r., \u017ar\u00f3d\u0142o: AOD III.\" class=\"wp-image-12199\" srcset=\"http:\/\/lapidarium.fundacja-hereditas.pl\/wp-content\/uploads\/2022\/10\/BR_Warszawa_ul_Hoza_27_otwor_bramny_detal_01-scaled.jpg 2560w, http:\/\/lapidarium.fundacja-hereditas.pl\/wp-content\/uploads\/2022\/10\/BR_Warszawa_ul_Hoza_27_otwor_bramny_detal_01-300x221.jpg 300w, http:\/\/lapidarium.fundacja-hereditas.pl\/wp-content\/uploads\/2022\/10\/BR_Warszawa_ul_Hoza_27_otwor_bramny_detal_01-1024x755.jpg 1024w, http:\/\/lapidarium.fundacja-hereditas.pl\/wp-content\/uploads\/2022\/10\/BR_Warszawa_ul_Hoza_27_otwor_bramny_detal_01-768x566.jpg 768w, http:\/\/lapidarium.fundacja-hereditas.pl\/wp-content\/uploads\/2022\/10\/BR_Warszawa_ul_Hoza_27_otwor_bramny_detal_01-1536x1133.jpg 1536w, http:\/\/lapidarium.fundacja-hereditas.pl\/wp-content\/uploads\/2022\/10\/BR_Warszawa_ul_Hoza_27_otwor_bramny_detal_01-2048x1511.jpg 2048w, http:\/\/lapidarium.fundacja-hereditas.pl\/wp-content\/uploads\/2022\/10\/BR_Warszawa_ul_Hoza_27_otwor_bramny_detal_01-150x111.jpg 150w, http:\/\/lapidarium.fundacja-hereditas.pl\/wp-content\/uploads\/2022\/10\/BR_Warszawa_ul_Hoza_27_otwor_bramny_detal_01-696x513.jpg 696w, http:\/\/lapidarium.fundacja-hereditas.pl\/wp-content\/uploads\/2022\/10\/BR_Warszawa_ul_Hoza_27_otwor_bramny_detal_01-1068x788.jpg 1068w, http:\/\/lapidarium.fundacja-hereditas.pl\/wp-content\/uploads\/2022\/10\/BR_Warszawa_ul_Hoza_27_otwor_bramny_detal_01-1920x1416.jpg 1920w\" sizes=\"auto, (max-width: 2560px) 100vw, 2560px\" \/><\/a><figcaption class=\"wp-element-caption\">Przejazd bramny. Sufit. Fot. Bo\u017cena Rudzisz 2022 r., \u017ar\u00f3d\u0142o: AOD III.<\/figcaption><\/figure>\n\n\n\n<figure class=\"wp-block-image size-large\"><a href=\"http:\/\/lapidarium.fundacja-hereditas.pl\/wp-content\/uploads\/2022\/10\/Aga_Sienk_ul_Hoza_27_przejazd_bramny-2.jpg\"><img loading=\"lazy\" decoding=\"async\" width=\"1930\" height=\"2555\" data-id=\"12196\" src=\"http:\/\/lapidarium.fundacja-hereditas.pl\/wp-content\/uploads\/2022\/10\/Aga_Sienk_ul_Hoza_27_przejazd_bramny-2.jpg\" alt=\"Przejazd bramny. Widok od ulicy. Fot. Agnieszka Sienkiewicz 2022 r., \u017ar\u00f3d\u0142o: AOD III.\" class=\"wp-image-12196\" srcset=\"http:\/\/lapidarium.fundacja-hereditas.pl\/wp-content\/uploads\/2022\/10\/Aga_Sienk_ul_Hoza_27_przejazd_bramny-2.jpg 1930w, http:\/\/lapidarium.fundacja-hereditas.pl\/wp-content\/uploads\/2022\/10\/Aga_Sienk_ul_Hoza_27_przejazd_bramny-2-227x300.jpg 227w, http:\/\/lapidarium.fundacja-hereditas.pl\/wp-content\/uploads\/2022\/10\/Aga_Sienk_ul_Hoza_27_przejazd_bramny-2-774x1024.jpg 774w, http:\/\/lapidarium.fundacja-hereditas.pl\/wp-content\/uploads\/2022\/10\/Aga_Sienk_ul_Hoza_27_przejazd_bramny-2-768x1017.jpg 768w, http:\/\/lapidarium.fundacja-hereditas.pl\/wp-content\/uploads\/2022\/10\/Aga_Sienk_ul_Hoza_27_przejazd_bramny-2-1160x1536.jpg 1160w, http:\/\/lapidarium.fundacja-hereditas.pl\/wp-content\/uploads\/2022\/10\/Aga_Sienk_ul_Hoza_27_przejazd_bramny-2-1547x2048.jpg 1547w, http:\/\/lapidarium.fundacja-hereditas.pl\/wp-content\/uploads\/2022\/10\/Aga_Sienk_ul_Hoza_27_przejazd_bramny-2-150x199.jpg 150w, http:\/\/lapidarium.fundacja-hereditas.pl\/wp-content\/uploads\/2022\/10\/Aga_Sienk_ul_Hoza_27_przejazd_bramny-2-300x397.jpg 300w, http:\/\/lapidarium.fundacja-hereditas.pl\/wp-content\/uploads\/2022\/10\/Aga_Sienk_ul_Hoza_27_przejazd_bramny-2-696x921.jpg 696w, http:\/\/lapidarium.fundacja-hereditas.pl\/wp-content\/uploads\/2022\/10\/Aga_Sienk_ul_Hoza_27_przejazd_bramny-2-1068x1414.jpg 1068w, http:\/\/lapidarium.fundacja-hereditas.pl\/wp-content\/uploads\/2022\/10\/Aga_Sienk_ul_Hoza_27_przejazd_bramny-2-1920x2542.jpg 1920w\" sizes=\"auto, (max-width: 1930px) 100vw, 1930px\" \/><\/a><figcaption class=\"wp-element-caption\">Przejazd bramny. Widok od ulicy. Fot. Agnieszka Sienkiewicz 2022 r., \u017ar\u00f3d\u0142o: AOD III.<\/figcaption><\/figure>\n\n\n\n<figure class=\"wp-block-image size-large\"><a href=\"http:\/\/lapidarium.fundacja-hereditas.pl\/wp-content\/uploads\/2022\/10\/BR_Warszawa_ul_Hoza_27_otwor_bramny_od_strony_podworza-scaled.jpg\"><img loading=\"lazy\" decoding=\"async\" width=\"1933\" height=\"2560\" data-id=\"12200\" src=\"http:\/\/lapidarium.fundacja-hereditas.pl\/wp-content\/uploads\/2022\/10\/BR_Warszawa_ul_Hoza_27_otwor_bramny_od_strony_podworza-scaled.jpg\" alt=\"Przejazd bramny. Widok ku ulicy. Fot. Bo\u017cena Rudzisz 2022 r., \u017ar\u00f3d\u0142o: AOD III.\" class=\"wp-image-12200\" srcset=\"http:\/\/lapidarium.fundacja-hereditas.pl\/wp-content\/uploads\/2022\/10\/BR_Warszawa_ul_Hoza_27_otwor_bramny_od_strony_podworza-scaled.jpg 1933w, http:\/\/lapidarium.fundacja-hereditas.pl\/wp-content\/uploads\/2022\/10\/BR_Warszawa_ul_Hoza_27_otwor_bramny_od_strony_podworza-226x300.jpg 226w, http:\/\/lapidarium.fundacja-hereditas.pl\/wp-content\/uploads\/2022\/10\/BR_Warszawa_ul_Hoza_27_otwor_bramny_od_strony_podworza-773x1024.jpg 773w, http:\/\/lapidarium.fundacja-hereditas.pl\/wp-content\/uploads\/2022\/10\/BR_Warszawa_ul_Hoza_27_otwor_bramny_od_strony_podworza-768x1017.jpg 768w, http:\/\/lapidarium.fundacja-hereditas.pl\/wp-content\/uploads\/2022\/10\/BR_Warszawa_ul_Hoza_27_otwor_bramny_od_strony_podworza-1160x1536.jpg 1160w, http:\/\/lapidarium.fundacja-hereditas.pl\/wp-content\/uploads\/2022\/10\/BR_Warszawa_ul_Hoza_27_otwor_bramny_od_strony_podworza-1546x2048.jpg 1546w, http:\/\/lapidarium.fundacja-hereditas.pl\/wp-content\/uploads\/2022\/10\/BR_Warszawa_ul_Hoza_27_otwor_bramny_od_strony_podworza-150x199.jpg 150w, http:\/\/lapidarium.fundacja-hereditas.pl\/wp-content\/uploads\/2022\/10\/BR_Warszawa_ul_Hoza_27_otwor_bramny_od_strony_podworza-300x397.jpg 300w, http:\/\/lapidarium.fundacja-hereditas.pl\/wp-content\/uploads\/2022\/10\/BR_Warszawa_ul_Hoza_27_otwor_bramny_od_strony_podworza-696x922.jpg 696w, http:\/\/lapidarium.fundacja-hereditas.pl\/wp-content\/uploads\/2022\/10\/BR_Warszawa_ul_Hoza_27_otwor_bramny_od_strony_podworza-1068x1415.jpg 1068w, http:\/\/lapidarium.fundacja-hereditas.pl\/wp-content\/uploads\/2022\/10\/BR_Warszawa_ul_Hoza_27_otwor_bramny_od_strony_podworza-1920x2543.jpg 1920w\" sizes=\"auto, (max-width: 1933px) 100vw, 1933px\" \/><\/a><figcaption class=\"wp-element-caption\">Przejazd bramny. Widok ku ulicy. Fot. Bo\u017cena Rudzisz 2022 r., \u017ar\u00f3d\u0142o: AOD III.<\/figcaption><\/figure>\n\n\n\n<figure class=\"wp-block-image size-large\"><a href=\"http:\/\/lapidarium.fundacja-hereditas.pl\/wp-content\/uploads\/2022\/10\/Hoza_27_Warszawa_budynek_frontowy_przejazd_bramny_odboj_z_przodu_Maksymiuk_Malgorzata-scaled.jpg\"><img loading=\"lazy\" decoding=\"async\" width=\"1719\" height=\"2560\" data-id=\"12209\" src=\"http:\/\/lapidarium.fundacja-hereditas.pl\/wp-content\/uploads\/2022\/10\/Hoza_27_Warszawa_budynek_frontowy_przejazd_bramny_odboj_z_przodu_Maksymiuk_Malgorzata-scaled.jpg\" alt=\"Przejazd bramny. Odb\u00f3j podw\u00f3rzowy. Fot. Ma\u0142gorzata Maksymiuk 2022 r., \u017ar\u00f3d\u0142o: AOD III.\" class=\"wp-image-12209\" srcset=\"http:\/\/lapidarium.fundacja-hereditas.pl\/wp-content\/uploads\/2022\/10\/Hoza_27_Warszawa_budynek_frontowy_przejazd_bramny_odboj_z_przodu_Maksymiuk_Malgorzata-scaled.jpg 1719w, http:\/\/lapidarium.fundacja-hereditas.pl\/wp-content\/uploads\/2022\/10\/Hoza_27_Warszawa_budynek_frontowy_przejazd_bramny_odboj_z_przodu_Maksymiuk_Malgorzata-201x300.jpg 201w, http:\/\/lapidarium.fundacja-hereditas.pl\/wp-content\/uploads\/2022\/10\/Hoza_27_Warszawa_budynek_frontowy_przejazd_bramny_odboj_z_przodu_Maksymiuk_Malgorzata-688x1024.jpg 688w, http:\/\/lapidarium.fundacja-hereditas.pl\/wp-content\/uploads\/2022\/10\/Hoza_27_Warszawa_budynek_frontowy_przejazd_bramny_odboj_z_przodu_Maksymiuk_Malgorzata-768x1144.jpg 768w, http:\/\/lapidarium.fundacja-hereditas.pl\/wp-content\/uploads\/2022\/10\/Hoza_27_Warszawa_budynek_frontowy_przejazd_bramny_odboj_z_przodu_Maksymiuk_Malgorzata-1031x1536.jpg 1031w, http:\/\/lapidarium.fundacja-hereditas.pl\/wp-content\/uploads\/2022\/10\/Hoza_27_Warszawa_budynek_frontowy_przejazd_bramny_odboj_z_przodu_Maksymiuk_Malgorzata-1375x2048.jpg 1375w, http:\/\/lapidarium.fundacja-hereditas.pl\/wp-content\/uploads\/2022\/10\/Hoza_27_Warszawa_budynek_frontowy_przejazd_bramny_odboj_z_przodu_Maksymiuk_Malgorzata-150x223.jpg 150w, http:\/\/lapidarium.fundacja-hereditas.pl\/wp-content\/uploads\/2022\/10\/Hoza_27_Warszawa_budynek_frontowy_przejazd_bramny_odboj_z_przodu_Maksymiuk_Malgorzata-300x447.jpg 300w, http:\/\/lapidarium.fundacja-hereditas.pl\/wp-content\/uploads\/2022\/10\/Hoza_27_Warszawa_budynek_frontowy_przejazd_bramny_odboj_z_przodu_Maksymiuk_Malgorzata-696x1036.jpg 696w, http:\/\/lapidarium.fundacja-hereditas.pl\/wp-content\/uploads\/2022\/10\/Hoza_27_Warszawa_budynek_frontowy_przejazd_bramny_odboj_z_przodu_Maksymiuk_Malgorzata-1068x1590.jpg 1068w, http:\/\/lapidarium.fundacja-hereditas.pl\/wp-content\/uploads\/2022\/10\/Hoza_27_Warszawa_budynek_frontowy_przejazd_bramny_odboj_z_przodu_Maksymiuk_Malgorzata-1920x2859.jpg 1920w\" sizes=\"auto, (max-width: 1719px) 100vw, 1719px\" \/><\/a><figcaption class=\"wp-element-caption\">Przejazd bramny. Odb\u00f3j podw\u00f3rzowy. Fot. Ma\u0142gorzata Maksymiuk  2022 r., \u017ar\u00f3d\u0142o: AOD III.<\/figcaption><\/figure>\n\n\n\n<figure class=\"wp-block-image size-large\"><a href=\"http:\/\/lapidarium.fundacja-hereditas.pl\/wp-content\/uploads\/2022\/10\/Aga_Sienk_ul_Hoza_27_elewacja_frontowa_odbojnik-2-scaled.jpg\"><img loading=\"lazy\" decoding=\"async\" width=\"1920\" height=\"2560\" data-id=\"12195\" src=\"http:\/\/lapidarium.fundacja-hereditas.pl\/wp-content\/uploads\/2022\/10\/Aga_Sienk_ul_Hoza_27_elewacja_frontowa_odbojnik-2-scaled.jpg\" alt=\"Przejazd bramny. Odb\u00f3j konsolowy - od podw\u00f3rza. Fot. Agnieszka Sienkiewicz 2022 r., \u017ar\u00f3d\u0142o: AOD III.\" class=\"wp-image-12195\" srcset=\"http:\/\/lapidarium.fundacja-hereditas.pl\/wp-content\/uploads\/2022\/10\/Aga_Sienk_ul_Hoza_27_elewacja_frontowa_odbojnik-2-scaled.jpg 1920w, http:\/\/lapidarium.fundacja-hereditas.pl\/wp-content\/uploads\/2022\/10\/Aga_Sienk_ul_Hoza_27_elewacja_frontowa_odbojnik-2-225x300.jpg 225w, http:\/\/lapidarium.fundacja-hereditas.pl\/wp-content\/uploads\/2022\/10\/Aga_Sienk_ul_Hoza_27_elewacja_frontowa_odbojnik-2-768x1024.jpg 768w, http:\/\/lapidarium.fundacja-hereditas.pl\/wp-content\/uploads\/2022\/10\/Aga_Sienk_ul_Hoza_27_elewacja_frontowa_odbojnik-2-1152x1536.jpg 1152w, http:\/\/lapidarium.fundacja-hereditas.pl\/wp-content\/uploads\/2022\/10\/Aga_Sienk_ul_Hoza_27_elewacja_frontowa_odbojnik-2-1536x2048.jpg 1536w, http:\/\/lapidarium.fundacja-hereditas.pl\/wp-content\/uploads\/2022\/10\/Aga_Sienk_ul_Hoza_27_elewacja_frontowa_odbojnik-2-150x200.jpg 150w, http:\/\/lapidarium.fundacja-hereditas.pl\/wp-content\/uploads\/2022\/10\/Aga_Sienk_ul_Hoza_27_elewacja_frontowa_odbojnik-2-300x400.jpg 300w, http:\/\/lapidarium.fundacja-hereditas.pl\/wp-content\/uploads\/2022\/10\/Aga_Sienk_ul_Hoza_27_elewacja_frontowa_odbojnik-2-696x928.jpg 696w, http:\/\/lapidarium.fundacja-hereditas.pl\/wp-content\/uploads\/2022\/10\/Aga_Sienk_ul_Hoza_27_elewacja_frontowa_odbojnik-2-1068x1424.jpg 1068w\" sizes=\"auto, (max-width: 1920px) 100vw, 1920px\" \/><\/a><figcaption class=\"wp-element-caption\">Przejazd bramny. Odb\u00f3j konsolowy &#8211; od podw\u00f3rza. Fot. Agnieszka Sienkiewicz 2022 r., \u017ar\u00f3d\u0142o: AOD III.<\/figcaption><\/figure>\n\n\n\n<figure class=\"wp-block-image size-large\"><a href=\"http:\/\/lapidarium.fundacja-hereditas.pl\/wp-content\/uploads\/2022\/10\/Hoza_27_Warszawa_budynek_frontowy_przejazd_bramny_drzwi_do_glownej_klatki_schodowej_Maksymiuk_Malgorzata-scaled.jpg\"><img loading=\"lazy\" decoding=\"async\" width=\"1878\" height=\"2560\" data-id=\"12208\" src=\"http:\/\/lapidarium.fundacja-hereditas.pl\/wp-content\/uploads\/2022\/10\/Hoza_27_Warszawa_budynek_frontowy_przejazd_bramny_drzwi_do_glownej_klatki_schodowej_Maksymiuk_Malgorzata-scaled.jpg\" alt=\"Przejazd bramny. Wej\u015bcie na g\u0142\u00f3wn\u0105 klatk\u0119 schodow\u0105. Fot. Ma\u0142gorzata Maksymiuk 2022 r., \u017ar\u00f3d\u0142o: AOD III.\" class=\"wp-image-12208\" srcset=\"http:\/\/lapidarium.fundacja-hereditas.pl\/wp-content\/uploads\/2022\/10\/Hoza_27_Warszawa_budynek_frontowy_przejazd_bramny_drzwi_do_glownej_klatki_schodowej_Maksymiuk_Malgorzata-scaled.jpg 1878w, http:\/\/lapidarium.fundacja-hereditas.pl\/wp-content\/uploads\/2022\/10\/Hoza_27_Warszawa_budynek_frontowy_przejazd_bramny_drzwi_do_glownej_klatki_schodowej_Maksymiuk_Malgorzata-220x300.jpg 220w, http:\/\/lapidarium.fundacja-hereditas.pl\/wp-content\/uploads\/2022\/10\/Hoza_27_Warszawa_budynek_frontowy_przejazd_bramny_drzwi_do_glownej_klatki_schodowej_Maksymiuk_Malgorzata-751x1024.jpg 751w, http:\/\/lapidarium.fundacja-hereditas.pl\/wp-content\/uploads\/2022\/10\/Hoza_27_Warszawa_budynek_frontowy_przejazd_bramny_drzwi_do_glownej_klatki_schodowej_Maksymiuk_Malgorzata-768x1047.jpg 768w, http:\/\/lapidarium.fundacja-hereditas.pl\/wp-content\/uploads\/2022\/10\/Hoza_27_Warszawa_budynek_frontowy_przejazd_bramny_drzwi_do_glownej_klatki_schodowej_Maksymiuk_Malgorzata-1127x1536.jpg 1127w, http:\/\/lapidarium.fundacja-hereditas.pl\/wp-content\/uploads\/2022\/10\/Hoza_27_Warszawa_budynek_frontowy_przejazd_bramny_drzwi_do_glownej_klatki_schodowej_Maksymiuk_Malgorzata-1502x2048.jpg 1502w, http:\/\/lapidarium.fundacja-hereditas.pl\/wp-content\/uploads\/2022\/10\/Hoza_27_Warszawa_budynek_frontowy_przejazd_bramny_drzwi_do_glownej_klatki_schodowej_Maksymiuk_Malgorzata-150x205.jpg 150w, http:\/\/lapidarium.fundacja-hereditas.pl\/wp-content\/uploads\/2022\/10\/Hoza_27_Warszawa_budynek_frontowy_przejazd_bramny_drzwi_do_glownej_klatki_schodowej_Maksymiuk_Malgorzata-300x409.jpg 300w, http:\/\/lapidarium.fundacja-hereditas.pl\/wp-content\/uploads\/2022\/10\/Hoza_27_Warszawa_budynek_frontowy_przejazd_bramny_drzwi_do_glownej_klatki_schodowej_Maksymiuk_Malgorzata-696x949.jpg 696w, http:\/\/lapidarium.fundacja-hereditas.pl\/wp-content\/uploads\/2022\/10\/Hoza_27_Warszawa_budynek_frontowy_przejazd_bramny_drzwi_do_glownej_klatki_schodowej_Maksymiuk_Malgorzata-1068x1456.jpg 1068w, http:\/\/lapidarium.fundacja-hereditas.pl\/wp-content\/uploads\/2022\/10\/Hoza_27_Warszawa_budynek_frontowy_przejazd_bramny_drzwi_do_glownej_klatki_schodowej_Maksymiuk_Malgorzata-1920x2618.jpg 1920w\" sizes=\"auto, (max-width: 1878px) 100vw, 1878px\" \/><\/a><figcaption class=\"wp-element-caption\">Przejazd bramny. Wej\u015bcie na g\u0142\u00f3wn\u0105 klatk\u0119 schodow\u0105. Fot. Ma\u0142gorzata Maksymiuk  2022 r., \u017ar\u00f3d\u0142o: AOD III.<\/figcaption><\/figure>\n\n\n\n<figure class=\"wp-block-image size-large\"><a href=\"http:\/\/lapidarium.fundacja-hereditas.pl\/wp-content\/uploads\/2022\/10\/Wojciech_Kmiec_Hoza_27_klatka_1_piec_na_wejsciu_3-scaled.jpg\"><img loading=\"lazy\" decoding=\"async\" width=\"1926\" height=\"2560\" data-id=\"12166\" src=\"http:\/\/lapidarium.fundacja-hereditas.pl\/wp-content\/uploads\/2022\/10\/Wojciech_Kmiec_Hoza_27_klatka_1_piec_na_wejsciu_3-scaled.jpg\" alt=\"Drzwi z g\u0142\u00f3wnej klatki schodowej do bramy. Piec przy wej\u015bciu. Fot. Wojciech Kmie\u0107 2022 r., \u017ar\u00f3d\u0142o: AOD III.\" class=\"wp-image-12166\" srcset=\"http:\/\/lapidarium.fundacja-hereditas.pl\/wp-content\/uploads\/2022\/10\/Wojciech_Kmiec_Hoza_27_klatka_1_piec_na_wejsciu_3-scaled.jpg 1926w, http:\/\/lapidarium.fundacja-hereditas.pl\/wp-content\/uploads\/2022\/10\/Wojciech_Kmiec_Hoza_27_klatka_1_piec_na_wejsciu_3-226x300.jpg 226w, http:\/\/lapidarium.fundacja-hereditas.pl\/wp-content\/uploads\/2022\/10\/Wojciech_Kmiec_Hoza_27_klatka_1_piec_na_wejsciu_3-770x1024.jpg 770w, http:\/\/lapidarium.fundacja-hereditas.pl\/wp-content\/uploads\/2022\/10\/Wojciech_Kmiec_Hoza_27_klatka_1_piec_na_wejsciu_3-768x1021.jpg 768w, http:\/\/lapidarium.fundacja-hereditas.pl\/wp-content\/uploads\/2022\/10\/Wojciech_Kmiec_Hoza_27_klatka_1_piec_na_wejsciu_3-1156x1536.jpg 1156w, http:\/\/lapidarium.fundacja-hereditas.pl\/wp-content\/uploads\/2022\/10\/Wojciech_Kmiec_Hoza_27_klatka_1_piec_na_wejsciu_3-1541x2048.jpg 1541w, http:\/\/lapidarium.fundacja-hereditas.pl\/wp-content\/uploads\/2022\/10\/Wojciech_Kmiec_Hoza_27_klatka_1_piec_na_wejsciu_3-150x199.jpg 150w, http:\/\/lapidarium.fundacja-hereditas.pl\/wp-content\/uploads\/2022\/10\/Wojciech_Kmiec_Hoza_27_klatka_1_piec_na_wejsciu_3-300x399.jpg 300w, http:\/\/lapidarium.fundacja-hereditas.pl\/wp-content\/uploads\/2022\/10\/Wojciech_Kmiec_Hoza_27_klatka_1_piec_na_wejsciu_3-696x925.jpg 696w, http:\/\/lapidarium.fundacja-hereditas.pl\/wp-content\/uploads\/2022\/10\/Wojciech_Kmiec_Hoza_27_klatka_1_piec_na_wejsciu_3-1068x1419.jpg 1068w, http:\/\/lapidarium.fundacja-hereditas.pl\/wp-content\/uploads\/2022\/10\/Wojciech_Kmiec_Hoza_27_klatka_1_piec_na_wejsciu_3-1920x2552.jpg 1920w\" sizes=\"auto, (max-width: 1926px) 100vw, 1926px\" \/><\/a><figcaption class=\"wp-element-caption\">Drzwi z g\u0142\u00f3wnej klatki schodowej do bramy. Piec przy wej\u015bciu. Fot. Wojciech Kmie\u0107 2022 r., \u017ar\u00f3d\u0142o: AOD III.<\/figcaption><\/figure>\n\n\n\n<figure class=\"wp-block-image size-large\"><a href=\"http:\/\/lapidarium.fundacja-hereditas.pl\/wp-content\/uploads\/2022\/10\/Dziubiel_Agnieszka_Warszawa_Hoza_27_przejazd_bramny_klatka_pierwsza_parter_drzwi_wejsciowe_01-scaled.jpg\"><img loading=\"lazy\" decoding=\"async\" width=\"1322\" height=\"2560\" data-id=\"12156\" src=\"http:\/\/lapidarium.fundacja-hereditas.pl\/wp-content\/uploads\/2022\/10\/Dziubiel_Agnieszka_Warszawa_Hoza_27_przejazd_bramny_klatka_pierwsza_parter_drzwi_wejsciowe_01-scaled.jpg\" alt=\"Drzwi z g\u0142\u00f3wnej klatki schodowej do bramy. Piec przy wej\u015bciu. Fot. Agnieszka Dziubiel 2022 r., \u017ar\u00f3d\u0142o: AOD III.\" class=\"wp-image-12156\" srcset=\"http:\/\/lapidarium.fundacja-hereditas.pl\/wp-content\/uploads\/2022\/10\/Dziubiel_Agnieszka_Warszawa_Hoza_27_przejazd_bramny_klatka_pierwsza_parter_drzwi_wejsciowe_01-scaled.jpg 1322w, http:\/\/lapidarium.fundacja-hereditas.pl\/wp-content\/uploads\/2022\/10\/Dziubiel_Agnieszka_Warszawa_Hoza_27_przejazd_bramny_klatka_pierwsza_parter_drzwi_wejsciowe_01-155x300.jpg 155w, http:\/\/lapidarium.fundacja-hereditas.pl\/wp-content\/uploads\/2022\/10\/Dziubiel_Agnieszka_Warszawa_Hoza_27_przejazd_bramny_klatka_pierwsza_parter_drzwi_wejsciowe_01-529x1024.jpg 529w, http:\/\/lapidarium.fundacja-hereditas.pl\/wp-content\/uploads\/2022\/10\/Dziubiel_Agnieszka_Warszawa_Hoza_27_przejazd_bramny_klatka_pierwsza_parter_drzwi_wejsciowe_01-768x1487.jpg 768w, http:\/\/lapidarium.fundacja-hereditas.pl\/wp-content\/uploads\/2022\/10\/Dziubiel_Agnieszka_Warszawa_Hoza_27_przejazd_bramny_klatka_pierwsza_parter_drzwi_wejsciowe_01-793x1536.jpg 793w, http:\/\/lapidarium.fundacja-hereditas.pl\/wp-content\/uploads\/2022\/10\/Dziubiel_Agnieszka_Warszawa_Hoza_27_przejazd_bramny_klatka_pierwsza_parter_drzwi_wejsciowe_01-1058x2048.jpg 1058w, http:\/\/lapidarium.fundacja-hereditas.pl\/wp-content\/uploads\/2022\/10\/Dziubiel_Agnieszka_Warszawa_Hoza_27_przejazd_bramny_klatka_pierwsza_parter_drzwi_wejsciowe_01-150x290.jpg 150w, http:\/\/lapidarium.fundacja-hereditas.pl\/wp-content\/uploads\/2022\/10\/Dziubiel_Agnieszka_Warszawa_Hoza_27_przejazd_bramny_klatka_pierwsza_parter_drzwi_wejsciowe_01-300x581.jpg 300w, http:\/\/lapidarium.fundacja-hereditas.pl\/wp-content\/uploads\/2022\/10\/Dziubiel_Agnieszka_Warszawa_Hoza_27_przejazd_bramny_klatka_pierwsza_parter_drzwi_wejsciowe_01-696x1347.jpg 696w, http:\/\/lapidarium.fundacja-hereditas.pl\/wp-content\/uploads\/2022\/10\/Dziubiel_Agnieszka_Warszawa_Hoza_27_przejazd_bramny_klatka_pierwsza_parter_drzwi_wejsciowe_01-1068x2068.jpg 1068w\" sizes=\"auto, (max-width: 1322px) 100vw, 1322px\" \/><\/a><figcaption class=\"wp-element-caption\">Drzwi z g\u0142\u00f3wnej klatki schodowej do bramy. Piec przy wej\u015bciu. Fot. Agnieszka Dziubiel 2022 r., \u017ar\u00f3d\u0142o: AOD III.<\/figcaption><\/figure>\n\n\n\n<figure class=\"wp-block-image size-large\"><a href=\"http:\/\/lapidarium.fundacja-hereditas.pl\/wp-content\/uploads\/2022\/10\/Wojciech_Kmiec_Hoza_27_klatka_1_piec_na_wejsciu_2-scaled.jpg\"><img loading=\"lazy\" decoding=\"async\" width=\"1829\" height=\"2560\" data-id=\"12165\" src=\"http:\/\/lapidarium.fundacja-hereditas.pl\/wp-content\/uploads\/2022\/10\/Wojciech_Kmiec_Hoza_27_klatka_1_piec_na_wejsciu_2-scaled.jpg\" alt=\"G\u0142\u00f3wna klatka schodowa. Piec przy wej\u015bciu. Fot. Wojciech Kmie\u0107 2022 r., \u017ar\u00f3d\u0142o: AOD III.\" class=\"wp-image-12165\" srcset=\"http:\/\/lapidarium.fundacja-hereditas.pl\/wp-content\/uploads\/2022\/10\/Wojciech_Kmiec_Hoza_27_klatka_1_piec_na_wejsciu_2-scaled.jpg 1829w, http:\/\/lapidarium.fundacja-hereditas.pl\/wp-content\/uploads\/2022\/10\/Wojciech_Kmiec_Hoza_27_klatka_1_piec_na_wejsciu_2-214x300.jpg 214w, http:\/\/lapidarium.fundacja-hereditas.pl\/wp-content\/uploads\/2022\/10\/Wojciech_Kmiec_Hoza_27_klatka_1_piec_na_wejsciu_2-732x1024.jpg 732w, http:\/\/lapidarium.fundacja-hereditas.pl\/wp-content\/uploads\/2022\/10\/Wojciech_Kmiec_Hoza_27_klatka_1_piec_na_wejsciu_2-768x1075.jpg 768w, http:\/\/lapidarium.fundacja-hereditas.pl\/wp-content\/uploads\/2022\/10\/Wojciech_Kmiec_Hoza_27_klatka_1_piec_na_wejsciu_2-1097x1536.jpg 1097w, http:\/\/lapidarium.fundacja-hereditas.pl\/wp-content\/uploads\/2022\/10\/Wojciech_Kmiec_Hoza_27_klatka_1_piec_na_wejsciu_2-1463x2048.jpg 1463w, http:\/\/lapidarium.fundacja-hereditas.pl\/wp-content\/uploads\/2022\/10\/Wojciech_Kmiec_Hoza_27_klatka_1_piec_na_wejsciu_2-150x210.jpg 150w, http:\/\/lapidarium.fundacja-hereditas.pl\/wp-content\/uploads\/2022\/10\/Wojciech_Kmiec_Hoza_27_klatka_1_piec_na_wejsciu_2-300x420.jpg 300w, http:\/\/lapidarium.fundacja-hereditas.pl\/wp-content\/uploads\/2022\/10\/Wojciech_Kmiec_Hoza_27_klatka_1_piec_na_wejsciu_2-696x974.jpg 696w, http:\/\/lapidarium.fundacja-hereditas.pl\/wp-content\/uploads\/2022\/10\/Wojciech_Kmiec_Hoza_27_klatka_1_piec_na_wejsciu_2-1068x1495.jpg 1068w, http:\/\/lapidarium.fundacja-hereditas.pl\/wp-content\/uploads\/2022\/10\/Wojciech_Kmiec_Hoza_27_klatka_1_piec_na_wejsciu_2-1920x2688.jpg 1920w\" sizes=\"auto, (max-width: 1829px) 100vw, 1829px\" \/><\/a><figcaption class=\"wp-element-caption\">G\u0142\u00f3wna klatka schodowa. Piec przy wej\u015bciu. Fot. Wojciech Kmie\u0107 2022 r., \u017ar\u00f3d\u0142o: AOD III.<\/figcaption><\/figure>\n\n\n\n<figure class=\"wp-block-image size-large\"><a href=\"http:\/\/lapidarium.fundacja-hereditas.pl\/wp-content\/uploads\/2022\/10\/Wojciech_Kmiec_Hoza_27_klatka_1_piec_na_wejsciu_9-scaled.jpg\"><img loading=\"lazy\" decoding=\"async\" width=\"2560\" height=\"1697\" data-id=\"12169\" src=\"http:\/\/lapidarium.fundacja-hereditas.pl\/wp-content\/uploads\/2022\/10\/Wojciech_Kmiec_Hoza_27_klatka_1_piec_na_wejsciu_9-scaled.jpg\" alt=\"G\u0142\u00f3wna klatka schodowa. Piec przy wej\u015bciu - detal. Fot. Wojciech Kmie\u0107 2022 r., \u017ar\u00f3d\u0142o: AOD III.\" class=\"wp-image-12169\" srcset=\"http:\/\/lapidarium.fundacja-hereditas.pl\/wp-content\/uploads\/2022\/10\/Wojciech_Kmiec_Hoza_27_klatka_1_piec_na_wejsciu_9-scaled.jpg 2560w, http:\/\/lapidarium.fundacja-hereditas.pl\/wp-content\/uploads\/2022\/10\/Wojciech_Kmiec_Hoza_27_klatka_1_piec_na_wejsciu_9-300x199.jpg 300w, http:\/\/lapidarium.fundacja-hereditas.pl\/wp-content\/uploads\/2022\/10\/Wojciech_Kmiec_Hoza_27_klatka_1_piec_na_wejsciu_9-1024x679.jpg 1024w, http:\/\/lapidarium.fundacja-hereditas.pl\/wp-content\/uploads\/2022\/10\/Wojciech_Kmiec_Hoza_27_klatka_1_piec_na_wejsciu_9-768x509.jpg 768w, http:\/\/lapidarium.fundacja-hereditas.pl\/wp-content\/uploads\/2022\/10\/Wojciech_Kmiec_Hoza_27_klatka_1_piec_na_wejsciu_9-1536x1018.jpg 1536w, http:\/\/lapidarium.fundacja-hereditas.pl\/wp-content\/uploads\/2022\/10\/Wojciech_Kmiec_Hoza_27_klatka_1_piec_na_wejsciu_9-2048x1358.jpg 2048w, http:\/\/lapidarium.fundacja-hereditas.pl\/wp-content\/uploads\/2022\/10\/Wojciech_Kmiec_Hoza_27_klatka_1_piec_na_wejsciu_9-150x99.jpg 150w, http:\/\/lapidarium.fundacja-hereditas.pl\/wp-content\/uploads\/2022\/10\/Wojciech_Kmiec_Hoza_27_klatka_1_piec_na_wejsciu_9-696x461.jpg 696w, http:\/\/lapidarium.fundacja-hereditas.pl\/wp-content\/uploads\/2022\/10\/Wojciech_Kmiec_Hoza_27_klatka_1_piec_na_wejsciu_9-1068x708.jpg 1068w, http:\/\/lapidarium.fundacja-hereditas.pl\/wp-content\/uploads\/2022\/10\/Wojciech_Kmiec_Hoza_27_klatka_1_piec_na_wejsciu_9-1920x1273.jpg 1920w\" sizes=\"auto, (max-width: 2560px) 100vw, 2560px\" \/><\/a><figcaption class=\"wp-element-caption\">G\u0142\u00f3wna klatka schodowa. Piec przy wej\u015bciu &#8211; detal. Fot. Wojciech Kmie\u0107 2022 r., \u017ar\u00f3d\u0142o: AOD III.<\/figcaption><\/figure>\n\n\n\n<figure class=\"wp-block-image size-large\"><a href=\"http:\/\/lapidarium.fundacja-hereditas.pl\/wp-content\/uploads\/2022\/10\/Wojciech_Kmiec_Hoza_27_klatka_1_piec_na_wejsciu_8-scaled.jpg\"><img loading=\"lazy\" decoding=\"async\" width=\"2519\" height=\"2560\" data-id=\"12168\" src=\"http:\/\/lapidarium.fundacja-hereditas.pl\/wp-content\/uploads\/2022\/10\/Wojciech_Kmiec_Hoza_27_klatka_1_piec_na_wejsciu_8-scaled.jpg\" alt=\"G\u0142\u00f3wna klatka schodowa. Piec przy wej\u015bciu - detal. Fot. Wojciech Kmie\u0107 2022 r., \u017ar\u00f3d\u0142o: AOD III.\" class=\"wp-image-12168\" srcset=\"http:\/\/lapidarium.fundacja-hereditas.pl\/wp-content\/uploads\/2022\/10\/Wojciech_Kmiec_Hoza_27_klatka_1_piec_na_wejsciu_8-scaled.jpg 2519w, http:\/\/lapidarium.fundacja-hereditas.pl\/wp-content\/uploads\/2022\/10\/Wojciech_Kmiec_Hoza_27_klatka_1_piec_na_wejsciu_8-295x300.jpg 295w, http:\/\/lapidarium.fundacja-hereditas.pl\/wp-content\/uploads\/2022\/10\/Wojciech_Kmiec_Hoza_27_klatka_1_piec_na_wejsciu_8-1008x1024.jpg 1008w, http:\/\/lapidarium.fundacja-hereditas.pl\/wp-content\/uploads\/2022\/10\/Wojciech_Kmiec_Hoza_27_klatka_1_piec_na_wejsciu_8-768x780.jpg 768w, http:\/\/lapidarium.fundacja-hereditas.pl\/wp-content\/uploads\/2022\/10\/Wojciech_Kmiec_Hoza_27_klatka_1_piec_na_wejsciu_8-1512x1536.jpg 1512w, http:\/\/lapidarium.fundacja-hereditas.pl\/wp-content\/uploads\/2022\/10\/Wojciech_Kmiec_Hoza_27_klatka_1_piec_na_wejsciu_8-2015x2048.jpg 2015w, http:\/\/lapidarium.fundacja-hereditas.pl\/wp-content\/uploads\/2022\/10\/Wojciech_Kmiec_Hoza_27_klatka_1_piec_na_wejsciu_8-150x152.jpg 150w, http:\/\/lapidarium.fundacja-hereditas.pl\/wp-content\/uploads\/2022\/10\/Wojciech_Kmiec_Hoza_27_klatka_1_piec_na_wejsciu_8-300x305.jpg 300w, http:\/\/lapidarium.fundacja-hereditas.pl\/wp-content\/uploads\/2022\/10\/Wojciech_Kmiec_Hoza_27_klatka_1_piec_na_wejsciu_8-696x707.jpg 696w, http:\/\/lapidarium.fundacja-hereditas.pl\/wp-content\/uploads\/2022\/10\/Wojciech_Kmiec_Hoza_27_klatka_1_piec_na_wejsciu_8-1068x1085.jpg 1068w, http:\/\/lapidarium.fundacja-hereditas.pl\/wp-content\/uploads\/2022\/10\/Wojciech_Kmiec_Hoza_27_klatka_1_piec_na_wejsciu_8-1920x1951.jpg 1920w\" sizes=\"auto, (max-width: 2519px) 100vw, 2519px\" \/><\/a><figcaption class=\"wp-element-caption\">G\u0142\u00f3wna klatka schodowa. Piec przy wej\u015bciu &#8211; detal. Fot. Wojciech Kmie\u0107 2022 r., \u017ar\u00f3d\u0142o: AOD III.<\/figcaption><\/figure>\n\n\n\n<figure class=\"wp-block-image size-large\"><a href=\"http:\/\/lapidarium.fundacja-hereditas.pl\/wp-content\/uploads\/2022\/10\/Aga_Sienk_ul_Hoza_27_klatka_schodowa_fafel_pieca-scaled.jpg\"><img loading=\"lazy\" decoding=\"async\" width=\"1920\" height=\"2560\" data-id=\"12142\" src=\"http:\/\/lapidarium.fundacja-hereditas.pl\/wp-content\/uploads\/2022\/10\/Aga_Sienk_ul_Hoza_27_klatka_schodowa_fafel_pieca-scaled.jpg\" alt=\"G\u0142\u00f3wna klatka schodowa. Piec przy wej\u015bciu - detal. Fot. Agnieszka Sienkiewicz 2022 r., \u017ar\u00f3d\u0142o: AOD III.\" class=\"wp-image-12142\" srcset=\"http:\/\/lapidarium.fundacja-hereditas.pl\/wp-content\/uploads\/2022\/10\/Aga_Sienk_ul_Hoza_27_klatka_schodowa_fafel_pieca-scaled.jpg 1920w, http:\/\/lapidarium.fundacja-hereditas.pl\/wp-content\/uploads\/2022\/10\/Aga_Sienk_ul_Hoza_27_klatka_schodowa_fafel_pieca-225x300.jpg 225w, http:\/\/lapidarium.fundacja-hereditas.pl\/wp-content\/uploads\/2022\/10\/Aga_Sienk_ul_Hoza_27_klatka_schodowa_fafel_pieca-768x1024.jpg 768w, http:\/\/lapidarium.fundacja-hereditas.pl\/wp-content\/uploads\/2022\/10\/Aga_Sienk_ul_Hoza_27_klatka_schodowa_fafel_pieca-1152x1536.jpg 1152w, http:\/\/lapidarium.fundacja-hereditas.pl\/wp-content\/uploads\/2022\/10\/Aga_Sienk_ul_Hoza_27_klatka_schodowa_fafel_pieca-1536x2048.jpg 1536w, http:\/\/lapidarium.fundacja-hereditas.pl\/wp-content\/uploads\/2022\/10\/Aga_Sienk_ul_Hoza_27_klatka_schodowa_fafel_pieca-150x200.jpg 150w, http:\/\/lapidarium.fundacja-hereditas.pl\/wp-content\/uploads\/2022\/10\/Aga_Sienk_ul_Hoza_27_klatka_schodowa_fafel_pieca-300x400.jpg 300w, http:\/\/lapidarium.fundacja-hereditas.pl\/wp-content\/uploads\/2022\/10\/Aga_Sienk_ul_Hoza_27_klatka_schodowa_fafel_pieca-696x928.jpg 696w, http:\/\/lapidarium.fundacja-hereditas.pl\/wp-content\/uploads\/2022\/10\/Aga_Sienk_ul_Hoza_27_klatka_schodowa_fafel_pieca-1068x1424.jpg 1068w\" sizes=\"auto, (max-width: 1920px) 100vw, 1920px\" \/><\/a><figcaption class=\"wp-element-caption\">G\u0142\u00f3wna klatka schodowa. Piec przy wej\u015bciu &#8211; detal. Fot. Agnieszka Sienkiewicz 2022 r., \u017ar\u00f3d\u0142o: AOD III.<\/figcaption><\/figure>\n\n\n\n<figure class=\"wp-block-image size-large\"><a href=\"http:\/\/lapidarium.fundacja-hereditas.pl\/wp-content\/uploads\/2022\/10\/Wojciech_Kmiec_Hoza_27_klatka_1_piec_na_wejsciu_5-scaled.jpg\"><img loading=\"lazy\" decoding=\"async\" width=\"2560\" height=\"1906\" data-id=\"12167\" src=\"http:\/\/lapidarium.fundacja-hereditas.pl\/wp-content\/uploads\/2022\/10\/Wojciech_Kmiec_Hoza_27_klatka_1_piec_na_wejsciu_5-scaled.jpg\" alt=\"G\u0142\u00f3wna klatka schodowa. Piec przy wej\u015bciu - drzwiczki. Fot. Wojciech Kmie\u0107 2022 r., \u017ar\u00f3d\u0142o: AOD III.\" class=\"wp-image-12167\" srcset=\"http:\/\/lapidarium.fundacja-hereditas.pl\/wp-content\/uploads\/2022\/10\/Wojciech_Kmiec_Hoza_27_klatka_1_piec_na_wejsciu_5-scaled.jpg 2560w, http:\/\/lapidarium.fundacja-hereditas.pl\/wp-content\/uploads\/2022\/10\/Wojciech_Kmiec_Hoza_27_klatka_1_piec_na_wejsciu_5-300x223.jpg 300w, http:\/\/lapidarium.fundacja-hereditas.pl\/wp-content\/uploads\/2022\/10\/Wojciech_Kmiec_Hoza_27_klatka_1_piec_na_wejsciu_5-1024x763.jpg 1024w, http:\/\/lapidarium.fundacja-hereditas.pl\/wp-content\/uploads\/2022\/10\/Wojciech_Kmiec_Hoza_27_klatka_1_piec_na_wejsciu_5-768x572.jpg 768w, http:\/\/lapidarium.fundacja-hereditas.pl\/wp-content\/uploads\/2022\/10\/Wojciech_Kmiec_Hoza_27_klatka_1_piec_na_wejsciu_5-1536x1144.jpg 1536w\" sizes=\"auto, (max-width: 2560px) 100vw, 2560px\" \/><\/a><figcaption class=\"wp-element-caption\">G\u0142\u00f3wna klatka schodowa. Piec przy wej\u015bciu &#8211; drzwiczki. Fot. Wojciech Kmie\u0107 2022 r., \u017ar\u00f3d\u0142o: AOD III.<\/figcaption><\/figure>\n\n\n\n<figure class=\"wp-block-image size-large\"><a href=\"http:\/\/lapidarium.fundacja-hereditas.pl\/wp-content\/uploads\/2022\/10\/Dziubiel_Agnieszka_Warszawa_Hoza_27_przejazd_bramny_klatka_pierwsza_parter_schody_01-scaled.jpg\"><img loading=\"lazy\" decoding=\"async\" width=\"1206\" height=\"2560\" data-id=\"12158\" src=\"http:\/\/lapidarium.fundacja-hereditas.pl\/wp-content\/uploads\/2022\/10\/Dziubiel_Agnieszka_Warszawa_Hoza_27_przejazd_bramny_klatka_pierwsza_parter_schody_01-scaled.jpg\" alt=\"G\u0142\u00f3wna klatka schodowa. Marmurowe schody. Fot. Agnieszka Dziubiel 2022 r., \u017ar\u00f3d\u0142o: AOD III.\" class=\"wp-image-12158\" srcset=\"http:\/\/lapidarium.fundacja-hereditas.pl\/wp-content\/uploads\/2022\/10\/Dziubiel_Agnieszka_Warszawa_Hoza_27_przejazd_bramny_klatka_pierwsza_parter_schody_01-scaled.jpg 1206w, http:\/\/lapidarium.fundacja-hereditas.pl\/wp-content\/uploads\/2022\/10\/Dziubiel_Agnieszka_Warszawa_Hoza_27_przejazd_bramny_klatka_pierwsza_parter_schody_01-141x300.jpg 141w, http:\/\/lapidarium.fundacja-hereditas.pl\/wp-content\/uploads\/2022\/10\/Dziubiel_Agnieszka_Warszawa_Hoza_27_przejazd_bramny_klatka_pierwsza_parter_schody_01-483x1024.jpg 483w, http:\/\/lapidarium.fundacja-hereditas.pl\/wp-content\/uploads\/2022\/10\/Dziubiel_Agnieszka_Warszawa_Hoza_27_przejazd_bramny_klatka_pierwsza_parter_schody_01-768x1630.jpg 768w, http:\/\/lapidarium.fundacja-hereditas.pl\/wp-content\/uploads\/2022\/10\/Dziubiel_Agnieszka_Warszawa_Hoza_27_przejazd_bramny_klatka_pierwsza_parter_schody_01-724x1536.jpg 724w, http:\/\/lapidarium.fundacja-hereditas.pl\/wp-content\/uploads\/2022\/10\/Dziubiel_Agnieszka_Warszawa_Hoza_27_przejazd_bramny_klatka_pierwsza_parter_schody_01-965x2048.jpg 965w, http:\/\/lapidarium.fundacja-hereditas.pl\/wp-content\/uploads\/2022\/10\/Dziubiel_Agnieszka_Warszawa_Hoza_27_przejazd_bramny_klatka_pierwsza_parter_schody_01-150x318.jpg 150w, http:\/\/lapidarium.fundacja-hereditas.pl\/wp-content\/uploads\/2022\/10\/Dziubiel_Agnieszka_Warszawa_Hoza_27_przejazd_bramny_klatka_pierwsza_parter_schody_01-300x637.jpg 300w, http:\/\/lapidarium.fundacja-hereditas.pl\/wp-content\/uploads\/2022\/10\/Dziubiel_Agnieszka_Warszawa_Hoza_27_przejazd_bramny_klatka_pierwsza_parter_schody_01-696x1477.jpg 696w, http:\/\/lapidarium.fundacja-hereditas.pl\/wp-content\/uploads\/2022\/10\/Dziubiel_Agnieszka_Warszawa_Hoza_27_przejazd_bramny_klatka_pierwsza_parter_schody_01-1068x2266.jpg 1068w\" sizes=\"auto, (max-width: 1206px) 100vw, 1206px\" \/><\/a><figcaption class=\"wp-element-caption\">G\u0142\u00f3wna klatka schodowa. Marmurowe schody. Fot. Agnieszka Dziubiel 2022 r., \u017ar\u00f3d\u0142o: AOD III.<\/figcaption><\/figure>\n\n\n\n<figure class=\"wp-block-image size-large\"><a href=\"http:\/\/lapidarium.fundacja-hereditas.pl\/wp-content\/uploads\/2022\/10\/Wojciech_Kmiec_Hoza_27_klatka_1_schody_5-scaled.jpg\"><img loading=\"lazy\" decoding=\"async\" width=\"2560\" height=\"2135\" data-id=\"12174\" src=\"http:\/\/lapidarium.fundacja-hereditas.pl\/wp-content\/uploads\/2022\/10\/Wojciech_Kmiec_Hoza_27_klatka_1_schody_5-scaled.jpg\" alt=\"G\u0142\u00f3wna klatka schodowa. Balustrada (kuta). Policzki marmurowych schod\u00f3w. Fot. Wojciech Kmie\u0107 2022 r., \u017ar\u00f3d\u0142o: AOD III.\" class=\"wp-image-12174\" srcset=\"http:\/\/lapidarium.fundacja-hereditas.pl\/wp-content\/uploads\/2022\/10\/Wojciech_Kmiec_Hoza_27_klatka_1_schody_5-scaled.jpg 2560w, http:\/\/lapidarium.fundacja-hereditas.pl\/wp-content\/uploads\/2022\/10\/Wojciech_Kmiec_Hoza_27_klatka_1_schody_5-300x250.jpg 300w, http:\/\/lapidarium.fundacja-hereditas.pl\/wp-content\/uploads\/2022\/10\/Wojciech_Kmiec_Hoza_27_klatka_1_schody_5-1024x854.jpg 1024w, http:\/\/lapidarium.fundacja-hereditas.pl\/wp-content\/uploads\/2022\/10\/Wojciech_Kmiec_Hoza_27_klatka_1_schody_5-768x640.jpg 768w, http:\/\/lapidarium.fundacja-hereditas.pl\/wp-content\/uploads\/2022\/10\/Wojciech_Kmiec_Hoza_27_klatka_1_schody_5-1536x1281.jpg 1536w, http:\/\/lapidarium.fundacja-hereditas.pl\/wp-content\/uploads\/2022\/10\/Wojciech_Kmiec_Hoza_27_klatka_1_schody_5-2048x1708.jpg 2048w, http:\/\/lapidarium.fundacja-hereditas.pl\/wp-content\/uploads\/2022\/10\/Wojciech_Kmiec_Hoza_27_klatka_1_schody_5-150x125.jpg 150w, http:\/\/lapidarium.fundacja-hereditas.pl\/wp-content\/uploads\/2022\/10\/Wojciech_Kmiec_Hoza_27_klatka_1_schody_5-696x580.jpg 696w, http:\/\/lapidarium.fundacja-hereditas.pl\/wp-content\/uploads\/2022\/10\/Wojciech_Kmiec_Hoza_27_klatka_1_schody_5-1068x891.jpg 1068w, http:\/\/lapidarium.fundacja-hereditas.pl\/wp-content\/uploads\/2022\/10\/Wojciech_Kmiec_Hoza_27_klatka_1_schody_5-1920x1601.jpg 1920w\" sizes=\"auto, (max-width: 2560px) 100vw, 2560px\" \/><\/a><figcaption class=\"wp-element-caption\">G\u0142\u00f3wna klatka schodowa. Balustrada (kuta). Policzki marmurowych schod\u00f3w. Fot. Wojciech Kmie\u0107 2022 r., \u017ar\u00f3d\u0142o: AOD III.<\/figcaption><\/figure>\n\n\n\n<figure class=\"wp-block-image size-large\"><a href=\"http:\/\/lapidarium.fundacja-hereditas.pl\/wp-content\/uploads\/2022\/10\/Aga_Sienk_ul_Hoza_27_klatka_schodowa_mocowanie_balustrady_schodow-scaled.jpg\"><img loading=\"lazy\" decoding=\"async\" width=\"2560\" height=\"1920\" data-id=\"12143\" src=\"http:\/\/lapidarium.fundacja-hereditas.pl\/wp-content\/uploads\/2022\/10\/Aga_Sienk_ul_Hoza_27_klatka_schodowa_mocowanie_balustrady_schodow-scaled.jpg\" alt=\"G\u0142\u00f3wna klatka schodowa. Policzki schod\u00f3w, Stopnie z marmuru. Fot. Agnieszka Sienkiewicz 2022 r., \u017ar\u00f3d\u0142o: AOD III.\" class=\"wp-image-12143\" srcset=\"http:\/\/lapidarium.fundacja-hereditas.pl\/wp-content\/uploads\/2022\/10\/Aga_Sienk_ul_Hoza_27_klatka_schodowa_mocowanie_balustrady_schodow-scaled.jpg 2560w, http:\/\/lapidarium.fundacja-hereditas.pl\/wp-content\/uploads\/2022\/10\/Aga_Sienk_ul_Hoza_27_klatka_schodowa_mocowanie_balustrady_schodow-300x225.jpg 300w, http:\/\/lapidarium.fundacja-hereditas.pl\/wp-content\/uploads\/2022\/10\/Aga_Sienk_ul_Hoza_27_klatka_schodowa_mocowanie_balustrady_schodow-1024x768.jpg 1024w, http:\/\/lapidarium.fundacja-hereditas.pl\/wp-content\/uploads\/2022\/10\/Aga_Sienk_ul_Hoza_27_klatka_schodowa_mocowanie_balustrady_schodow-768x576.jpg 768w, http:\/\/lapidarium.fundacja-hereditas.pl\/wp-content\/uploads\/2022\/10\/Aga_Sienk_ul_Hoza_27_klatka_schodowa_mocowanie_balustrady_schodow-1536x1152.jpg 1536w, http:\/\/lapidarium.fundacja-hereditas.pl\/wp-content\/uploads\/2022\/10\/Aga_Sienk_ul_Hoza_27_klatka_schodowa_mocowanie_balustrady_schodow-2048x1536.jpg 2048w, http:\/\/lapidarium.fundacja-hereditas.pl\/wp-content\/uploads\/2022\/10\/Aga_Sienk_ul_Hoza_27_klatka_schodowa_mocowanie_balustrady_schodow-150x113.jpg 150w, http:\/\/lapidarium.fundacja-hereditas.pl\/wp-content\/uploads\/2022\/10\/Aga_Sienk_ul_Hoza_27_klatka_schodowa_mocowanie_balustrady_schodow-696x522.jpg 696w, http:\/\/lapidarium.fundacja-hereditas.pl\/wp-content\/uploads\/2022\/10\/Aga_Sienk_ul_Hoza_27_klatka_schodowa_mocowanie_balustrady_schodow-1068x801.jpg 1068w, http:\/\/lapidarium.fundacja-hereditas.pl\/wp-content\/uploads\/2022\/10\/Aga_Sienk_ul_Hoza_27_klatka_schodowa_mocowanie_balustrady_schodow-1920x1440.jpg 1920w\" sizes=\"auto, (max-width: 2560px) 100vw, 2560px\" \/><\/a><figcaption class=\"wp-element-caption\">G\u0142\u00f3wna klatka schodowa. Policzki schod\u00f3w, Stopnie z marmuru. Fot. Agnieszka Sienkiewicz 2022 r., \u017ar\u00f3d\u0142o: AOD III.<\/figcaption><\/figure>\n\n\n\n<figure class=\"wp-block-image size-large\"><a href=\"http:\/\/lapidarium.fundacja-hereditas.pl\/wp-content\/uploads\/2022\/10\/Wojciech_Kmiec_Hoza_27_klatka_1_schody_2-scaled.jpg\"><img loading=\"lazy\" decoding=\"async\" width=\"1930\" height=\"2560\" data-id=\"12171\" src=\"http:\/\/lapidarium.fundacja-hereditas.pl\/wp-content\/uploads\/2022\/10\/Wojciech_Kmiec_Hoza_27_klatka_1_schody_2-scaled.jpg\" alt=\"G\u0142\u00f3wna klatka schodowa. Balustrada (kuta). Marmurowe schody. Fot. Wojciech Kmie\u0107 2022 r., \u017ar\u00f3d\u0142o: AOD III.\" class=\"wp-image-12171\" srcset=\"http:\/\/lapidarium.fundacja-hereditas.pl\/wp-content\/uploads\/2022\/10\/Wojciech_Kmiec_Hoza_27_klatka_1_schody_2-scaled.jpg 1930w, http:\/\/lapidarium.fundacja-hereditas.pl\/wp-content\/uploads\/2022\/10\/Wojciech_Kmiec_Hoza_27_klatka_1_schody_2-226x300.jpg 226w, http:\/\/lapidarium.fundacja-hereditas.pl\/wp-content\/uploads\/2022\/10\/Wojciech_Kmiec_Hoza_27_klatka_1_schody_2-772x1024.jpg 772w, http:\/\/lapidarium.fundacja-hereditas.pl\/wp-content\/uploads\/2022\/10\/Wojciech_Kmiec_Hoza_27_klatka_1_schody_2-768x1019.jpg 768w, http:\/\/lapidarium.fundacja-hereditas.pl\/wp-content\/uploads\/2022\/10\/Wojciech_Kmiec_Hoza_27_klatka_1_schody_2-1158x1536.jpg 1158w, http:\/\/lapidarium.fundacja-hereditas.pl\/wp-content\/uploads\/2022\/10\/Wojciech_Kmiec_Hoza_27_klatka_1_schody_2-1544x2048.jpg 1544w, http:\/\/lapidarium.fundacja-hereditas.pl\/wp-content\/uploads\/2022\/10\/Wojciech_Kmiec_Hoza_27_klatka_1_schody_2-150x199.jpg 150w, http:\/\/lapidarium.fundacja-hereditas.pl\/wp-content\/uploads\/2022\/10\/Wojciech_Kmiec_Hoza_27_klatka_1_schody_2-300x398.jpg 300w, http:\/\/lapidarium.fundacja-hereditas.pl\/wp-content\/uploads\/2022\/10\/Wojciech_Kmiec_Hoza_27_klatka_1_schody_2-696x923.jpg 696w, http:\/\/lapidarium.fundacja-hereditas.pl\/wp-content\/uploads\/2022\/10\/Wojciech_Kmiec_Hoza_27_klatka_1_schody_2-1068x1417.jpg 1068w, http:\/\/lapidarium.fundacja-hereditas.pl\/wp-content\/uploads\/2022\/10\/Wojciech_Kmiec_Hoza_27_klatka_1_schody_2-1920x2547.jpg 1920w\" sizes=\"auto, (max-width: 1930px) 100vw, 1930px\" \/><\/a><figcaption class=\"wp-element-caption\">G\u0142\u00f3wna klatka schodowa. Balustrada (kuta). Marmurowe schody. Fot. Wojciech Kmie\u0107 2022 r., \u017ar\u00f3d\u0142o: AOD III.<\/figcaption><\/figure>\n\n\n\n<figure class=\"wp-block-image size-large\"><a href=\"http:\/\/lapidarium.fundacja-hereditas.pl\/wp-content\/uploads\/2022\/10\/17_Chodowiec_Danuta_Warszawa_Hoza_27_zakret_balustrady-scaled.jpg\"><img loading=\"lazy\" decoding=\"async\" width=\"1291\" height=\"2560\" data-id=\"12141\" src=\"http:\/\/lapidarium.fundacja-hereditas.pl\/wp-content\/uploads\/2022\/10\/17_Chodowiec_Danuta_Warszawa_Hoza_27_zakret_balustrady-scaled.jpg\" alt=\"G\u0142\u00f3wna klatka schodowa. Zakr\u0119t balustrady na spoczniku. Fot. Danuta Chodowiec 2022 r., \u017ar\u00f3d\u0142o: AOD III.\" class=\"wp-image-12141\" srcset=\"http:\/\/lapidarium.fundacja-hereditas.pl\/wp-content\/uploads\/2022\/10\/17_Chodowiec_Danuta_Warszawa_Hoza_27_zakret_balustrady-scaled.jpg 1291w, http:\/\/lapidarium.fundacja-hereditas.pl\/wp-content\/uploads\/2022\/10\/17_Chodowiec_Danuta_Warszawa_Hoza_27_zakret_balustrady-151x300.jpg 151w, http:\/\/lapidarium.fundacja-hereditas.pl\/wp-content\/uploads\/2022\/10\/17_Chodowiec_Danuta_Warszawa_Hoza_27_zakret_balustrady-516x1024.jpg 516w, http:\/\/lapidarium.fundacja-hereditas.pl\/wp-content\/uploads\/2022\/10\/17_Chodowiec_Danuta_Warszawa_Hoza_27_zakret_balustrady-768x1523.jpg 768w, http:\/\/lapidarium.fundacja-hereditas.pl\/wp-content\/uploads\/2022\/10\/17_Chodowiec_Danuta_Warszawa_Hoza_27_zakret_balustrady-775x1536.jpg 775w, http:\/\/lapidarium.fundacja-hereditas.pl\/wp-content\/uploads\/2022\/10\/17_Chodowiec_Danuta_Warszawa_Hoza_27_zakret_balustrady-1033x2048.jpg 1033w, http:\/\/lapidarium.fundacja-hereditas.pl\/wp-content\/uploads\/2022\/10\/17_Chodowiec_Danuta_Warszawa_Hoza_27_zakret_balustrady-150x297.jpg 150w, http:\/\/lapidarium.fundacja-hereditas.pl\/wp-content\/uploads\/2022\/10\/17_Chodowiec_Danuta_Warszawa_Hoza_27_zakret_balustrady-300x595.jpg 300w, http:\/\/lapidarium.fundacja-hereditas.pl\/wp-content\/uploads\/2022\/10\/17_Chodowiec_Danuta_Warszawa_Hoza_27_zakret_balustrady-696x1380.jpg 696w, http:\/\/lapidarium.fundacja-hereditas.pl\/wp-content\/uploads\/2022\/10\/17_Chodowiec_Danuta_Warszawa_Hoza_27_zakret_balustrady-1068x2118.jpg 1068w\" sizes=\"auto, (max-width: 1291px) 100vw, 1291px\" \/><\/a><figcaption class=\"wp-element-caption\">G\u0142\u00f3wna klatka schodowa. Zakr\u0119t balustrady na spoczniku. Fot. Danuta Chodowiec 2022 r., \u017ar\u00f3d\u0142o: AOD III.<\/figcaption><\/figure>\n\n\n\n<figure class=\"wp-block-image size-large\"><a href=\"http:\/\/lapidarium.fundacja-hereditas.pl\/wp-content\/uploads\/2022\/10\/Wojciech_Kmiec_Hoza_27_klatka_1_schody_3-scaled.jpg\"><img loading=\"lazy\" decoding=\"async\" width=\"1886\" height=\"2560\" data-id=\"12172\" src=\"http:\/\/lapidarium.fundacja-hereditas.pl\/wp-content\/uploads\/2022\/10\/Wojciech_Kmiec_Hoza_27_klatka_1_schody_3-scaled.jpg\" alt=\"G\u0142\u00f3wna klatka schodowa. Balustrada (kuta). Marmurowe schody. Fot. Wojciech Kmie\u0107 2022 r., \u017ar\u00f3d\u0142o: AOD III.\" class=\"wp-image-12172\" srcset=\"http:\/\/lapidarium.fundacja-hereditas.pl\/wp-content\/uploads\/2022\/10\/Wojciech_Kmiec_Hoza_27_klatka_1_schody_3-scaled.jpg 1886w, http:\/\/lapidarium.fundacja-hereditas.pl\/wp-content\/uploads\/2022\/10\/Wojciech_Kmiec_Hoza_27_klatka_1_schody_3-221x300.jpg 221w, http:\/\/lapidarium.fundacja-hereditas.pl\/wp-content\/uploads\/2022\/10\/Wojciech_Kmiec_Hoza_27_klatka_1_schody_3-755x1024.jpg 755w, http:\/\/lapidarium.fundacja-hereditas.pl\/wp-content\/uploads\/2022\/10\/Wojciech_Kmiec_Hoza_27_klatka_1_schody_3-768x1042.jpg 768w, http:\/\/lapidarium.fundacja-hereditas.pl\/wp-content\/uploads\/2022\/10\/Wojciech_Kmiec_Hoza_27_klatka_1_schody_3-1132x1536.jpg 1132w, http:\/\/lapidarium.fundacja-hereditas.pl\/wp-content\/uploads\/2022\/10\/Wojciech_Kmiec_Hoza_27_klatka_1_schody_3-1509x2048.jpg 1509w, http:\/\/lapidarium.fundacja-hereditas.pl\/wp-content\/uploads\/2022\/10\/Wojciech_Kmiec_Hoza_27_klatka_1_schody_3-150x204.jpg 150w, http:\/\/lapidarium.fundacja-hereditas.pl\/wp-content\/uploads\/2022\/10\/Wojciech_Kmiec_Hoza_27_klatka_1_schody_3-300x407.jpg 300w, http:\/\/lapidarium.fundacja-hereditas.pl\/wp-content\/uploads\/2022\/10\/Wojciech_Kmiec_Hoza_27_klatka_1_schody_3-696x945.jpg 696w, http:\/\/lapidarium.fundacja-hereditas.pl\/wp-content\/uploads\/2022\/10\/Wojciech_Kmiec_Hoza_27_klatka_1_schody_3-1068x1449.jpg 1068w, http:\/\/lapidarium.fundacja-hereditas.pl\/wp-content\/uploads\/2022\/10\/Wojciech_Kmiec_Hoza_27_klatka_1_schody_3-1920x2606.jpg 1920w\" sizes=\"auto, (max-width: 1886px) 100vw, 1886px\" \/><\/a><figcaption class=\"wp-element-caption\">G\u0142\u00f3wna klatka schodowa. Balustrada (kuta). Marmurowe schody. Fot. Wojciech Kmie\u0107 2022 r., \u017ar\u00f3d\u0142o: AOD III.<\/figcaption><\/figure>\n\n\n\n<figure class=\"wp-block-image size-large\"><a href=\"http:\/\/lapidarium.fundacja-hereditas.pl\/wp-content\/uploads\/2022\/10\/Dziubiel_Agnieszka_Warszawa_Hoza_27_przejazd_bramny_klatka_pierwsza_trzecie_pietro_schody_02-scaled.jpg\"><img loading=\"lazy\" decoding=\"async\" width=\"1184\" height=\"2560\" data-id=\"12161\" src=\"http:\/\/lapidarium.fundacja-hereditas.pl\/wp-content\/uploads\/2022\/10\/Dziubiel_Agnieszka_Warszawa_Hoza_27_przejazd_bramny_klatka_pierwsza_trzecie_pietro_schody_02-scaled.jpg\" alt=\"G\u0142\u00f3wna klatka schodowa. Balustrada (kuta). Marmurowe schody. Fot. Agnieszka Dziubiel 2022 r., \u017ar\u00f3d\u0142o: AOD III.\" class=\"wp-image-12161\" srcset=\"http:\/\/lapidarium.fundacja-hereditas.pl\/wp-content\/uploads\/2022\/10\/Dziubiel_Agnieszka_Warszawa_Hoza_27_przejazd_bramny_klatka_pierwsza_trzecie_pietro_schody_02-scaled.jpg 1184w, http:\/\/lapidarium.fundacja-hereditas.pl\/wp-content\/uploads\/2022\/10\/Dziubiel_Agnieszka_Warszawa_Hoza_27_przejazd_bramny_klatka_pierwsza_trzecie_pietro_schody_02-139x300.jpg 139w, http:\/\/lapidarium.fundacja-hereditas.pl\/wp-content\/uploads\/2022\/10\/Dziubiel_Agnieszka_Warszawa_Hoza_27_przejazd_bramny_klatka_pierwsza_trzecie_pietro_schody_02-474x1024.jpg 474w, http:\/\/lapidarium.fundacja-hereditas.pl\/wp-content\/uploads\/2022\/10\/Dziubiel_Agnieszka_Warszawa_Hoza_27_przejazd_bramny_klatka_pierwsza_trzecie_pietro_schody_02-768x1660.jpg 768w, http:\/\/lapidarium.fundacja-hereditas.pl\/wp-content\/uploads\/2022\/10\/Dziubiel_Agnieszka_Warszawa_Hoza_27_przejazd_bramny_klatka_pierwsza_trzecie_pietro_schody_02-710x1536.jpg 710w, http:\/\/lapidarium.fundacja-hereditas.pl\/wp-content\/uploads\/2022\/10\/Dziubiel_Agnieszka_Warszawa_Hoza_27_przejazd_bramny_klatka_pierwsza_trzecie_pietro_schody_02-947x2048.jpg 947w, http:\/\/lapidarium.fundacja-hereditas.pl\/wp-content\/uploads\/2022\/10\/Dziubiel_Agnieszka_Warszawa_Hoza_27_przejazd_bramny_klatka_pierwsza_trzecie_pietro_schody_02-150x324.jpg 150w, http:\/\/lapidarium.fundacja-hereditas.pl\/wp-content\/uploads\/2022\/10\/Dziubiel_Agnieszka_Warszawa_Hoza_27_przejazd_bramny_klatka_pierwsza_trzecie_pietro_schody_02-300x649.jpg 300w, http:\/\/lapidarium.fundacja-hereditas.pl\/wp-content\/uploads\/2022\/10\/Dziubiel_Agnieszka_Warszawa_Hoza_27_przejazd_bramny_klatka_pierwsza_trzecie_pietro_schody_02-696x1505.jpg 696w, http:\/\/lapidarium.fundacja-hereditas.pl\/wp-content\/uploads\/2022\/10\/Dziubiel_Agnieszka_Warszawa_Hoza_27_przejazd_bramny_klatka_pierwsza_trzecie_pietro_schody_02-1068x2309.jpg 1068w\" sizes=\"auto, (max-width: 1184px) 100vw, 1184px\" \/><\/a><figcaption class=\"wp-element-caption\">G\u0142\u00f3wna klatka schodowa. Balustrada (kuta). Marmurowe schody. Fot. Agnieszka Dziubiel 2022 r., \u017ar\u00f3d\u0142o: AOD III.<\/figcaption><\/figure>\n\n\n\n<figure class=\"wp-block-image size-large\"><a href=\"http:\/\/lapidarium.fundacja-hereditas.pl\/wp-content\/uploads\/2022\/10\/Wojciech_Kmiec_Hoza_27_klatka_1_schody-scaled.jpg\"><img loading=\"lazy\" decoding=\"async\" width=\"1905\" height=\"2560\" data-id=\"12170\" src=\"http:\/\/lapidarium.fundacja-hereditas.pl\/wp-content\/uploads\/2022\/10\/Wojciech_Kmiec_Hoza_27_klatka_1_schody-scaled.jpg\" alt=\"G\u0142\u00f3wna klatka schodowa. Balustrada (kuta). Marmurowe schody. Fot. Wojciech Kmie\u0107 2022 r., \u017ar\u00f3d\u0142o: AOD III.\" class=\"wp-image-12170\" srcset=\"http:\/\/lapidarium.fundacja-hereditas.pl\/wp-content\/uploads\/2022\/10\/Wojciech_Kmiec_Hoza_27_klatka_1_schody-scaled.jpg 1905w, http:\/\/lapidarium.fundacja-hereditas.pl\/wp-content\/uploads\/2022\/10\/Wojciech_Kmiec_Hoza_27_klatka_1_schody-223x300.jpg 223w, http:\/\/lapidarium.fundacja-hereditas.pl\/wp-content\/uploads\/2022\/10\/Wojciech_Kmiec_Hoza_27_klatka_1_schody-762x1024.jpg 762w, http:\/\/lapidarium.fundacja-hereditas.pl\/wp-content\/uploads\/2022\/10\/Wojciech_Kmiec_Hoza_27_klatka_1_schody-768x1032.jpg 768w, http:\/\/lapidarium.fundacja-hereditas.pl\/wp-content\/uploads\/2022\/10\/Wojciech_Kmiec_Hoza_27_klatka_1_schody-1143x1536.jpg 1143w\" sizes=\"auto, (max-width: 1905px) 100vw, 1905px\" \/><\/a><figcaption class=\"wp-element-caption\">G\u0142\u00f3wna klatka schodowa. Balustrada (kuta). Marmurowe schody. Fot. Wojciech Kmie\u0107 2022 r., \u017ar\u00f3d\u0142o: AOD III.<\/figcaption><\/figure>\n\n\n\n<figure class=\"wp-block-image size-large\"><a href=\"http:\/\/lapidarium.fundacja-hereditas.pl\/wp-content\/uploads\/2022\/10\/Dziubiel_Agnieszka_Warszawa_Hoza_27_przejazd_bramny_klatka_pierwsza_drugie_pietro_nisza_02-scaled.jpg\"><img loading=\"lazy\" decoding=\"async\" width=\"1686\" height=\"2560\" data-id=\"12153\" src=\"http:\/\/lapidarium.fundacja-hereditas.pl\/wp-content\/uploads\/2022\/10\/Dziubiel_Agnieszka_Warszawa_Hoza_27_przejazd_bramny_klatka_pierwsza_drugie_pietro_nisza_02-scaled.jpg\" alt=\"G\u0142\u00f3wna klatka schodowa. Nisza na pi\u0119trze. Fot. Agnieszka Dziubiel 2022 r., \u017ar\u00f3d\u0142o: AOD III.\" class=\"wp-image-12153\" srcset=\"http:\/\/lapidarium.fundacja-hereditas.pl\/wp-content\/uploads\/2022\/10\/Dziubiel_Agnieszka_Warszawa_Hoza_27_przejazd_bramny_klatka_pierwsza_drugie_pietro_nisza_02-scaled.jpg 1686w, http:\/\/lapidarium.fundacja-hereditas.pl\/wp-content\/uploads\/2022\/10\/Dziubiel_Agnieszka_Warszawa_Hoza_27_przejazd_bramny_klatka_pierwsza_drugie_pietro_nisza_02-198x300.jpg 198w, http:\/\/lapidarium.fundacja-hereditas.pl\/wp-content\/uploads\/2022\/10\/Dziubiel_Agnieszka_Warszawa_Hoza_27_przejazd_bramny_klatka_pierwsza_drugie_pietro_nisza_02-674x1024.jpg 674w, http:\/\/lapidarium.fundacja-hereditas.pl\/wp-content\/uploads\/2022\/10\/Dziubiel_Agnieszka_Warszawa_Hoza_27_przejazd_bramny_klatka_pierwsza_drugie_pietro_nisza_02-768x1166.jpg 768w, http:\/\/lapidarium.fundacja-hereditas.pl\/wp-content\/uploads\/2022\/10\/Dziubiel_Agnieszka_Warszawa_Hoza_27_przejazd_bramny_klatka_pierwsza_drugie_pietro_nisza_02-1011x1536.jpg 1011w, http:\/\/lapidarium.fundacja-hereditas.pl\/wp-content\/uploads\/2022\/10\/Dziubiel_Agnieszka_Warszawa_Hoza_27_przejazd_bramny_klatka_pierwsza_drugie_pietro_nisza_02-1349x2048.jpg 1349w, http:\/\/lapidarium.fundacja-hereditas.pl\/wp-content\/uploads\/2022\/10\/Dziubiel_Agnieszka_Warszawa_Hoza_27_przejazd_bramny_klatka_pierwsza_drugie_pietro_nisza_02-150x228.jpg 150w, http:\/\/lapidarium.fundacja-hereditas.pl\/wp-content\/uploads\/2022\/10\/Dziubiel_Agnieszka_Warszawa_Hoza_27_przejazd_bramny_klatka_pierwsza_drugie_pietro_nisza_02-300x456.jpg 300w, http:\/\/lapidarium.fundacja-hereditas.pl\/wp-content\/uploads\/2022\/10\/Dziubiel_Agnieszka_Warszawa_Hoza_27_przejazd_bramny_klatka_pierwsza_drugie_pietro_nisza_02-696x1057.jpg 696w, http:\/\/lapidarium.fundacja-hereditas.pl\/wp-content\/uploads\/2022\/10\/Dziubiel_Agnieszka_Warszawa_Hoza_27_przejazd_bramny_klatka_pierwsza_drugie_pietro_nisza_02-1068x1622.jpg 1068w, http:\/\/lapidarium.fundacja-hereditas.pl\/wp-content\/uploads\/2022\/10\/Dziubiel_Agnieszka_Warszawa_Hoza_27_przejazd_bramny_klatka_pierwsza_drugie_pietro_nisza_02-1920x2916.jpg 1920w\" sizes=\"auto, (max-width: 1686px) 100vw, 1686px\" \/><\/a><figcaption class=\"wp-element-caption\">G\u0142\u00f3wna klatka schodowa. Nisza na pi\u0119trze. Fot. Agnieszka Dziubiel 2022 r., \u017ar\u00f3d\u0142o: AOD III.<\/figcaption><\/figure>\n\n\n\n<figure class=\"wp-block-image size-large\"><a href=\"http:\/\/lapidarium.fundacja-hereditas.pl\/wp-content\/uploads\/2022\/10\/Wojciech_Kmiec_Hoza_27_klatka_1_zwornik_niszy-scaled.jpg\"><img loading=\"lazy\" decoding=\"async\" width=\"2560\" height=\"1710\" data-id=\"12175\" src=\"http:\/\/lapidarium.fundacja-hereditas.pl\/wp-content\/uploads\/2022\/10\/Wojciech_Kmiec_Hoza_27_klatka_1_zwornik_niszy-scaled.jpg\" alt=\"Przejazd bramny. Zwornik niszy. Fot. Wojciech Kmie\u0107 2022 r., \u017ar\u00f3d\u0142o: AOD III.\" class=\"wp-image-12175\" srcset=\"http:\/\/lapidarium.fundacja-hereditas.pl\/wp-content\/uploads\/2022\/10\/Wojciech_Kmiec_Hoza_27_klatka_1_zwornik_niszy-scaled.jpg 2560w, http:\/\/lapidarium.fundacja-hereditas.pl\/wp-content\/uploads\/2022\/10\/Wojciech_Kmiec_Hoza_27_klatka_1_zwornik_niszy-300x200.jpg 300w, http:\/\/lapidarium.fundacja-hereditas.pl\/wp-content\/uploads\/2022\/10\/Wojciech_Kmiec_Hoza_27_klatka_1_zwornik_niszy-1024x684.jpg 1024w, http:\/\/lapidarium.fundacja-hereditas.pl\/wp-content\/uploads\/2022\/10\/Wojciech_Kmiec_Hoza_27_klatka_1_zwornik_niszy-768x513.jpg 768w, http:\/\/lapidarium.fundacja-hereditas.pl\/wp-content\/uploads\/2022\/10\/Wojciech_Kmiec_Hoza_27_klatka_1_zwornik_niszy-1536x1026.jpg 1536w, http:\/\/lapidarium.fundacja-hereditas.pl\/wp-content\/uploads\/2022\/10\/Wojciech_Kmiec_Hoza_27_klatka_1_zwornik_niszy-2048x1368.jpg 2048w, http:\/\/lapidarium.fundacja-hereditas.pl\/wp-content\/uploads\/2022\/10\/Wojciech_Kmiec_Hoza_27_klatka_1_zwornik_niszy-150x100.jpg 150w, http:\/\/lapidarium.fundacja-hereditas.pl\/wp-content\/uploads\/2022\/10\/Wojciech_Kmiec_Hoza_27_klatka_1_zwornik_niszy-696x465.jpg 696w, http:\/\/lapidarium.fundacja-hereditas.pl\/wp-content\/uploads\/2022\/10\/Wojciech_Kmiec_Hoza_27_klatka_1_zwornik_niszy-1068x714.jpg 1068w, http:\/\/lapidarium.fundacja-hereditas.pl\/wp-content\/uploads\/2022\/10\/Wojciech_Kmiec_Hoza_27_klatka_1_zwornik_niszy-1920x1283.jpg 1920w\" sizes=\"auto, (max-width: 2560px) 100vw, 2560px\" \/><\/a><figcaption class=\"wp-element-caption\">Przejazd bramny. Zwornik niszy. Fot. Wojciech Kmie\u0107 2022 r., \u017ar\u00f3d\u0142o: AOD III.<\/figcaption><\/figure>\n\n\n\n<figure class=\"wp-block-image size-large\"><a href=\"http:\/\/lapidarium.fundacja-hereditas.pl\/wp-content\/uploads\/2022\/10\/Dziubiel_Agnieszka_Warszawa_Hoza_27_przejazd_bramny_klatka_pierwsza_drugie_pietro_schody_04-scaled.jpg\"><img loading=\"lazy\" decoding=\"async\" width=\"1190\" height=\"2560\" data-id=\"12155\" src=\"http:\/\/lapidarium.fundacja-hereditas.pl\/wp-content\/uploads\/2022\/10\/Dziubiel_Agnieszka_Warszawa_Hoza_27_przejazd_bramny_klatka_pierwsza_drugie_pietro_schody_04-scaled.jpg\" alt=\"G\u0142\u00f3wna klatka schodowa. Balustrada (kuta). Marmurowe schody. Fot. Agnieszka Dziubiel 2022 r., \u017ar\u00f3d\u0142o: AOD III.\" class=\"wp-image-12155\" srcset=\"http:\/\/lapidarium.fundacja-hereditas.pl\/wp-content\/uploads\/2022\/10\/Dziubiel_Agnieszka_Warszawa_Hoza_27_przejazd_bramny_klatka_pierwsza_drugie_pietro_schody_04-scaled.jpg 1190w, http:\/\/lapidarium.fundacja-hereditas.pl\/wp-content\/uploads\/2022\/10\/Dziubiel_Agnieszka_Warszawa_Hoza_27_przejazd_bramny_klatka_pierwsza_drugie_pietro_schody_04-139x300.jpg 139w, http:\/\/lapidarium.fundacja-hereditas.pl\/wp-content\/uploads\/2022\/10\/Dziubiel_Agnieszka_Warszawa_Hoza_27_przejazd_bramny_klatka_pierwsza_drugie_pietro_schody_04-476x1024.jpg 476w, http:\/\/lapidarium.fundacja-hereditas.pl\/wp-content\/uploads\/2022\/10\/Dziubiel_Agnieszka_Warszawa_Hoza_27_przejazd_bramny_klatka_pierwsza_drugie_pietro_schody_04-768x1652.jpg 768w, http:\/\/lapidarium.fundacja-hereditas.pl\/wp-content\/uploads\/2022\/10\/Dziubiel_Agnieszka_Warszawa_Hoza_27_przejazd_bramny_klatka_pierwsza_drugie_pietro_schody_04-714x1536.jpg 714w, http:\/\/lapidarium.fundacja-hereditas.pl\/wp-content\/uploads\/2022\/10\/Dziubiel_Agnieszka_Warszawa_Hoza_27_przejazd_bramny_klatka_pierwsza_drugie_pietro_schody_04-952x2048.jpg 952w, http:\/\/lapidarium.fundacja-hereditas.pl\/wp-content\/uploads\/2022\/10\/Dziubiel_Agnieszka_Warszawa_Hoza_27_przejazd_bramny_klatka_pierwsza_drugie_pietro_schody_04-150x323.jpg 150w, http:\/\/lapidarium.fundacja-hereditas.pl\/wp-content\/uploads\/2022\/10\/Dziubiel_Agnieszka_Warszawa_Hoza_27_przejazd_bramny_klatka_pierwsza_drugie_pietro_schody_04-300x645.jpg 300w, http:\/\/lapidarium.fundacja-hereditas.pl\/wp-content\/uploads\/2022\/10\/Dziubiel_Agnieszka_Warszawa_Hoza_27_przejazd_bramny_klatka_pierwsza_drugie_pietro_schody_04-696x1497.jpg 696w, http:\/\/lapidarium.fundacja-hereditas.pl\/wp-content\/uploads\/2022\/10\/Dziubiel_Agnieszka_Warszawa_Hoza_27_przejazd_bramny_klatka_pierwsza_drugie_pietro_schody_04-1068x2297.jpg 1068w\" sizes=\"auto, (max-width: 1190px) 100vw, 1190px\" \/><\/a><figcaption class=\"wp-element-caption\">G\u0142\u00f3wna klatka schodowa. Balustrada (kuta). Marmurowe schody. Fot. Agnieszka Dziubiel 2022 r., \u017ar\u00f3d\u0142o: AOD III.<\/figcaption><\/figure>\n\n\n\n<figure class=\"wp-block-image size-large\"><a href=\"http:\/\/lapidarium.fundacja-hereditas.pl\/wp-content\/uploads\/2022\/10\/Dziubiel_Agnieszka_Warszawa_Hoza_27_przejazd_bramny_klatka_pierwsza_czwarte_pietro_schody_02-scaled.jpg\"><img loading=\"lazy\" decoding=\"async\" width=\"1361\" height=\"2560\" data-id=\"12151\" src=\"http:\/\/lapidarium.fundacja-hereditas.pl\/wp-content\/uploads\/2022\/10\/Dziubiel_Agnieszka_Warszawa_Hoza_27_przejazd_bramny_klatka_pierwsza_czwarte_pietro_schody_02-scaled.jpg\" alt=\"G\u0142\u00f3wna klatka schodowa - ostatnie pi\u0119tro. Balustrada (kuta). Marmurowe schody. Fot. Agnieszka Dziubiel 2022 r., \u017ar\u00f3d\u0142o: AOD III.\" class=\"wp-image-12151\" srcset=\"http:\/\/lapidarium.fundacja-hereditas.pl\/wp-content\/uploads\/2022\/10\/Dziubiel_Agnieszka_Warszawa_Hoza_27_przejazd_bramny_klatka_pierwsza_czwarte_pietro_schody_02-scaled.jpg 1361w, http:\/\/lapidarium.fundacja-hereditas.pl\/wp-content\/uploads\/2022\/10\/Dziubiel_Agnieszka_Warszawa_Hoza_27_przejazd_bramny_klatka_pierwsza_czwarte_pietro_schody_02-160x300.jpg 160w, http:\/\/lapidarium.fundacja-hereditas.pl\/wp-content\/uploads\/2022\/10\/Dziubiel_Agnieszka_Warszawa_Hoza_27_przejazd_bramny_klatka_pierwsza_czwarte_pietro_schody_02-544x1024.jpg 544w, http:\/\/lapidarium.fundacja-hereditas.pl\/wp-content\/uploads\/2022\/10\/Dziubiel_Agnieszka_Warszawa_Hoza_27_przejazd_bramny_klatka_pierwsza_czwarte_pietro_schody_02-768x1444.jpg 768w, http:\/\/lapidarium.fundacja-hereditas.pl\/wp-content\/uploads\/2022\/10\/Dziubiel_Agnieszka_Warszawa_Hoza_27_przejazd_bramny_klatka_pierwsza_czwarte_pietro_schody_02-817x1536.jpg 817w, http:\/\/lapidarium.fundacja-hereditas.pl\/wp-content\/uploads\/2022\/10\/Dziubiel_Agnieszka_Warszawa_Hoza_27_przejazd_bramny_klatka_pierwsza_czwarte_pietro_schody_02-1089x2048.jpg 1089w, http:\/\/lapidarium.fundacja-hereditas.pl\/wp-content\/uploads\/2022\/10\/Dziubiel_Agnieszka_Warszawa_Hoza_27_przejazd_bramny_klatka_pierwsza_czwarte_pietro_schody_02-150x282.jpg 150w, http:\/\/lapidarium.fundacja-hereditas.pl\/wp-content\/uploads\/2022\/10\/Dziubiel_Agnieszka_Warszawa_Hoza_27_przejazd_bramny_klatka_pierwsza_czwarte_pietro_schody_02-300x564.jpg 300w, http:\/\/lapidarium.fundacja-hereditas.pl\/wp-content\/uploads\/2022\/10\/Dziubiel_Agnieszka_Warszawa_Hoza_27_przejazd_bramny_klatka_pierwsza_czwarte_pietro_schody_02-696x1309.jpg 696w, http:\/\/lapidarium.fundacja-hereditas.pl\/wp-content\/uploads\/2022\/10\/Dziubiel_Agnieszka_Warszawa_Hoza_27_przejazd_bramny_klatka_pierwsza_czwarte_pietro_schody_02-1068x2009.jpg 1068w\" sizes=\"auto, (max-width: 1361px) 100vw, 1361px\" \/><\/a><figcaption class=\"wp-element-caption\">G\u0142\u00f3wna klatka schodowa &#8211; ostatnie pi\u0119tro. Balustrada (kuta). Marmurowe schody. Fot. Agnieszka Dziubiel 2022 r., \u017ar\u00f3d\u0142o: AOD III.<\/figcaption><\/figure>\n\n\n\n<figure class=\"wp-block-image size-large\"><a href=\"http:\/\/lapidarium.fundacja-hereditas.pl\/wp-content\/uploads\/2022\/10\/BR_Warszawa_ul_Hoza_27_balustrada_detal_02-scaled.jpg\"><img loading=\"lazy\" decoding=\"async\" width=\"2198\" height=\"2560\" data-id=\"12145\" src=\"http:\/\/lapidarium.fundacja-hereditas.pl\/wp-content\/uploads\/2022\/10\/BR_Warszawa_ul_Hoza_27_balustrada_detal_02-scaled.jpg\" alt=\"G\u0142\u00f3wna klatka schodowa - ostatnie pi\u0119tro. Balustrada (kuta). Marmurowe schody. Fot. Bo\u017cena Rudzisz 2022 r., \u017ar\u00f3d\u0142o: AOD III.\" class=\"wp-image-12145\" srcset=\"http:\/\/lapidarium.fundacja-hereditas.pl\/wp-content\/uploads\/2022\/10\/BR_Warszawa_ul_Hoza_27_balustrada_detal_02-scaled.jpg 2198w, http:\/\/lapidarium.fundacja-hereditas.pl\/wp-content\/uploads\/2022\/10\/BR_Warszawa_ul_Hoza_27_balustrada_detal_02-258x300.jpg 258w, http:\/\/lapidarium.fundacja-hereditas.pl\/wp-content\/uploads\/2022\/10\/BR_Warszawa_ul_Hoza_27_balustrada_detal_02-879x1024.jpg 879w, http:\/\/lapidarium.fundacja-hereditas.pl\/wp-content\/uploads\/2022\/10\/BR_Warszawa_ul_Hoza_27_balustrada_detal_02-768x895.jpg 768w, http:\/\/lapidarium.fundacja-hereditas.pl\/wp-content\/uploads\/2022\/10\/BR_Warszawa_ul_Hoza_27_balustrada_detal_02-1319x1536.jpg 1319w, http:\/\/lapidarium.fundacja-hereditas.pl\/wp-content\/uploads\/2022\/10\/BR_Warszawa_ul_Hoza_27_balustrada_detal_02-1758x2048.jpg 1758w, http:\/\/lapidarium.fundacja-hereditas.pl\/wp-content\/uploads\/2022\/10\/BR_Warszawa_ul_Hoza_27_balustrada_detal_02-150x175.jpg 150w, http:\/\/lapidarium.fundacja-hereditas.pl\/wp-content\/uploads\/2022\/10\/BR_Warszawa_ul_Hoza_27_balustrada_detal_02-300x349.jpg 300w, http:\/\/lapidarium.fundacja-hereditas.pl\/wp-content\/uploads\/2022\/10\/BR_Warszawa_ul_Hoza_27_balustrada_detal_02-696x811.jpg 696w, http:\/\/lapidarium.fundacja-hereditas.pl\/wp-content\/uploads\/2022\/10\/BR_Warszawa_ul_Hoza_27_balustrada_detal_02-1068x1244.jpg 1068w, http:\/\/lapidarium.fundacja-hereditas.pl\/wp-content\/uploads\/2022\/10\/BR_Warszawa_ul_Hoza_27_balustrada_detal_02-1920x2236.jpg 1920w\" sizes=\"auto, (max-width: 2198px) 100vw, 2198px\" \/><\/a><figcaption class=\"wp-element-caption\">G\u0142\u00f3wna klatka schodowa &#8211; ostatnie pi\u0119tro. Balustrada (kuta). Marmurowe schody. Fot. Bo\u017cena Rudzisz 2022 r., \u017ar\u00f3d\u0142o: AOD III.<\/figcaption><\/figure>\n\n\n\n<figure class=\"wp-block-image size-large\"><a href=\"http:\/\/lapidarium.fundacja-hereditas.pl\/wp-content\/uploads\/2022\/10\/30_Chodowiec_Danuta_Warszawa_Hoza_27_podworko_dachy-scaled.jpg\"><img loading=\"lazy\" decoding=\"async\" width=\"1936\" height=\"2560\" data-id=\"12212\" src=\"http:\/\/lapidarium.fundacja-hereditas.pl\/wp-content\/uploads\/2022\/10\/30_Chodowiec_Danuta_Warszawa_Hoza_27_podworko_dachy-scaled.jpg\" alt=\"Podw\u00f3rko. Widok og\u00f3lny. Fot. Danuta Chodowiec 2022 r., \u017ar\u00f3d\u0142o: AOD III.\" class=\"wp-image-12212\" srcset=\"http:\/\/lapidarium.fundacja-hereditas.pl\/wp-content\/uploads\/2022\/10\/30_Chodowiec_Danuta_Warszawa_Hoza_27_podworko_dachy-scaled.jpg 1936w, http:\/\/lapidarium.fundacja-hereditas.pl\/wp-content\/uploads\/2022\/10\/30_Chodowiec_Danuta_Warszawa_Hoza_27_podworko_dachy-227x300.jpg 227w, http:\/\/lapidarium.fundacja-hereditas.pl\/wp-content\/uploads\/2022\/10\/30_Chodowiec_Danuta_Warszawa_Hoza_27_podworko_dachy-774x1024.jpg 774w, http:\/\/lapidarium.fundacja-hereditas.pl\/wp-content\/uploads\/2022\/10\/30_Chodowiec_Danuta_Warszawa_Hoza_27_podworko_dachy-768x1016.jpg 768w, http:\/\/lapidarium.fundacja-hereditas.pl\/wp-content\/uploads\/2022\/10\/30_Chodowiec_Danuta_Warszawa_Hoza_27_podworko_dachy-1161x1536.jpg 1161w, http:\/\/lapidarium.fundacja-hereditas.pl\/wp-content\/uploads\/2022\/10\/30_Chodowiec_Danuta_Warszawa_Hoza_27_podworko_dachy-1549x2048.jpg 1549w, http:\/\/lapidarium.fundacja-hereditas.pl\/wp-content\/uploads\/2022\/10\/30_Chodowiec_Danuta_Warszawa_Hoza_27_podworko_dachy-150x198.jpg 150w, http:\/\/lapidarium.fundacja-hereditas.pl\/wp-content\/uploads\/2022\/10\/30_Chodowiec_Danuta_Warszawa_Hoza_27_podworko_dachy-300x397.jpg 300w, http:\/\/lapidarium.fundacja-hereditas.pl\/wp-content\/uploads\/2022\/10\/30_Chodowiec_Danuta_Warszawa_Hoza_27_podworko_dachy-696x920.jpg 696w, http:\/\/lapidarium.fundacja-hereditas.pl\/wp-content\/uploads\/2022\/10\/30_Chodowiec_Danuta_Warszawa_Hoza_27_podworko_dachy-1068x1412.jpg 1068w, http:\/\/lapidarium.fundacja-hereditas.pl\/wp-content\/uploads\/2022\/10\/30_Chodowiec_Danuta_Warszawa_Hoza_27_podworko_dachy-1920x2539.jpg 1920w\" sizes=\"auto, (max-width: 1936px) 100vw, 1936px\" \/><\/a><figcaption class=\"wp-element-caption\">Podw\u00f3rko. Widok og\u00f3lny. Fot. Danuta Chodowiec 2022 r., \u017ar\u00f3d\u0142o: AOD III.<\/figcaption><\/figure>\n\n\n\n<figure class=\"wp-block-image size-large\"><a href=\"http:\/\/lapidarium.fundacja-hereditas.pl\/wp-content\/uploads\/2022\/10\/Wojciech_Kmiec_Hoza_27_elewacja_podworzowa_zach_pln_2-scaled.jpg\"><img loading=\"lazy\" decoding=\"async\" width=\"2251\" height=\"2560\" data-id=\"12191\" src=\"http:\/\/lapidarium.fundacja-hereditas.pl\/wp-content\/uploads\/2022\/10\/Wojciech_Kmiec_Hoza_27_elewacja_podworzowa_zach_pln_2-scaled.jpg\" alt=\"Podw\u00f3rze - widok na zach\u00f3d. Fot. Wojciech Kmie\u0107 2022 r., \u017ar\u00f3d\u0142o: AOD III.\" class=\"wp-image-12191\" srcset=\"http:\/\/lapidarium.fundacja-hereditas.pl\/wp-content\/uploads\/2022\/10\/Wojciech_Kmiec_Hoza_27_elewacja_podworzowa_zach_pln_2-scaled.jpg 2251w, http:\/\/lapidarium.fundacja-hereditas.pl\/wp-content\/uploads\/2022\/10\/Wojciech_Kmiec_Hoza_27_elewacja_podworzowa_zach_pln_2-264x300.jpg 264w, http:\/\/lapidarium.fundacja-hereditas.pl\/wp-content\/uploads\/2022\/10\/Wojciech_Kmiec_Hoza_27_elewacja_podworzowa_zach_pln_2-901x1024.jpg 901w, http:\/\/lapidarium.fundacja-hereditas.pl\/wp-content\/uploads\/2022\/10\/Wojciech_Kmiec_Hoza_27_elewacja_podworzowa_zach_pln_2-768x873.jpg 768w, http:\/\/lapidarium.fundacja-hereditas.pl\/wp-content\/uploads\/2022\/10\/Wojciech_Kmiec_Hoza_27_elewacja_podworzowa_zach_pln_2-1351x1536.jpg 1351w, http:\/\/lapidarium.fundacja-hereditas.pl\/wp-content\/uploads\/2022\/10\/Wojciech_Kmiec_Hoza_27_elewacja_podworzowa_zach_pln_2-1801x2048.jpg 1801w, http:\/\/lapidarium.fundacja-hereditas.pl\/wp-content\/uploads\/2022\/10\/Wojciech_Kmiec_Hoza_27_elewacja_podworzowa_zach_pln_2-150x171.jpg 150w, http:\/\/lapidarium.fundacja-hereditas.pl\/wp-content\/uploads\/2022\/10\/Wojciech_Kmiec_Hoza_27_elewacja_podworzowa_zach_pln_2-300x341.jpg 300w, http:\/\/lapidarium.fundacja-hereditas.pl\/wp-content\/uploads\/2022\/10\/Wojciech_Kmiec_Hoza_27_elewacja_podworzowa_zach_pln_2-696x791.jpg 696w, http:\/\/lapidarium.fundacja-hereditas.pl\/wp-content\/uploads\/2022\/10\/Wojciech_Kmiec_Hoza_27_elewacja_podworzowa_zach_pln_2-1068x1214.jpg 1068w, http:\/\/lapidarium.fundacja-hereditas.pl\/wp-content\/uploads\/2022\/10\/Wojciech_Kmiec_Hoza_27_elewacja_podworzowa_zach_pln_2-1920x2183.jpg 1920w\" sizes=\"auto, (max-width: 2251px) 100vw, 2251px\" \/><\/a><figcaption class=\"wp-element-caption\">Podw\u00f3rze &#8211; widok na zach\u00f3d. Fot. Wojciech Kmie\u0107 2022 r., \u017ar\u00f3d\u0142o: AOD III.<\/figcaption><\/figure>\n\n\n\n<figure class=\"wp-block-image size-large\"><a href=\"http:\/\/lapidarium.fundacja-hereditas.pl\/wp-content\/uploads\/2022\/10\/Wojciech_Kmiec_Hoza_27_elewacja_podworzowa_widok_na_wschod-scaled.jpg\"><img loading=\"lazy\" decoding=\"async\" width=\"2560\" height=\"2036\" data-id=\"12190\" src=\"http:\/\/lapidarium.fundacja-hereditas.pl\/wp-content\/uploads\/2022\/10\/Wojciech_Kmiec_Hoza_27_elewacja_podworzowa_widok_na_wschod-scaled.jpg\" alt=\"Podw\u00f3rze - widok na wsch\u00f3d. Fot. Wojciech Kmie\u0107 2022 r., \u017ar\u00f3d\u0142o: AOD III.\" class=\"wp-image-12190\" srcset=\"http:\/\/lapidarium.fundacja-hereditas.pl\/wp-content\/uploads\/2022\/10\/Wojciech_Kmiec_Hoza_27_elewacja_podworzowa_widok_na_wschod-scaled.jpg 2560w, http:\/\/lapidarium.fundacja-hereditas.pl\/wp-content\/uploads\/2022\/10\/Wojciech_Kmiec_Hoza_27_elewacja_podworzowa_widok_na_wschod-300x239.jpg 300w, http:\/\/lapidarium.fundacja-hereditas.pl\/wp-content\/uploads\/2022\/10\/Wojciech_Kmiec_Hoza_27_elewacja_podworzowa_widok_na_wschod-1024x815.jpg 1024w, http:\/\/lapidarium.fundacja-hereditas.pl\/wp-content\/uploads\/2022\/10\/Wojciech_Kmiec_Hoza_27_elewacja_podworzowa_widok_na_wschod-768x611.jpg 768w, http:\/\/lapidarium.fundacja-hereditas.pl\/wp-content\/uploads\/2022\/10\/Wojciech_Kmiec_Hoza_27_elewacja_podworzowa_widok_na_wschod-1536x1222.jpg 1536w, http:\/\/lapidarium.fundacja-hereditas.pl\/wp-content\/uploads\/2022\/10\/Wojciech_Kmiec_Hoza_27_elewacja_podworzowa_widok_na_wschod-2048x1629.jpg 2048w, http:\/\/lapidarium.fundacja-hereditas.pl\/wp-content\/uploads\/2022\/10\/Wojciech_Kmiec_Hoza_27_elewacja_podworzowa_widok_na_wschod-150x119.jpg 150w, http:\/\/lapidarium.fundacja-hereditas.pl\/wp-content\/uploads\/2022\/10\/Wojciech_Kmiec_Hoza_27_elewacja_podworzowa_widok_na_wschod-696x554.jpg 696w, http:\/\/lapidarium.fundacja-hereditas.pl\/wp-content\/uploads\/2022\/10\/Wojciech_Kmiec_Hoza_27_elewacja_podworzowa_widok_na_wschod-1068x850.jpg 1068w, http:\/\/lapidarium.fundacja-hereditas.pl\/wp-content\/uploads\/2022\/10\/Wojciech_Kmiec_Hoza_27_elewacja_podworzowa_widok_na_wschod-1920x1527.jpg 1920w\" sizes=\"auto, (max-width: 2560px) 100vw, 2560px\" \/><\/a><figcaption class=\"wp-element-caption\">Podw\u00f3rze &#8211; widok na wsch\u00f3d. Fot. Wojciech Kmie\u0107 2022 r., \u017ar\u00f3d\u0142o: AOD III.<\/figcaption><\/figure>\n\n\n\n<figure class=\"wp-block-image size-large\"><a href=\"http:\/\/lapidarium.fundacja-hereditas.pl\/wp-content\/uploads\/2022\/10\/Hoza_27_Warszawa_naroznik_miedzy_budynkiem_frontowym_i_oficyna_tylna_balkon_Maksymiuk_Malgorzata-scaled.jpg\"><img loading=\"lazy\" decoding=\"async\" width=\"2560\" height=\"1952\" data-id=\"12189\" src=\"http:\/\/lapidarium.fundacja-hereditas.pl\/wp-content\/uploads\/2022\/10\/Hoza_27_Warszawa_naroznik_miedzy_budynkiem_frontowym_i_oficyna_tylna_balkon_Maksymiuk_Malgorzata-scaled.jpg\" alt=\"Podw\u00f3rze. Balkon naro\u017cny. W po\u0142udniowo-wschodnim k\u0105cie podw\u00f3rza, na I-szym pi\u0119trze. Fot. Ma\u0142gorzata Maksymiuk 2022 r., \u017ar\u00f3d\u0142o: AOD III.\" class=\"wp-image-12189\" srcset=\"http:\/\/lapidarium.fundacja-hereditas.pl\/wp-content\/uploads\/2022\/10\/Hoza_27_Warszawa_naroznik_miedzy_budynkiem_frontowym_i_oficyna_tylna_balkon_Maksymiuk_Malgorzata-scaled.jpg 2560w, http:\/\/lapidarium.fundacja-hereditas.pl\/wp-content\/uploads\/2022\/10\/Hoza_27_Warszawa_naroznik_miedzy_budynkiem_frontowym_i_oficyna_tylna_balkon_Maksymiuk_Malgorzata-300x229.jpg 300w, http:\/\/lapidarium.fundacja-hereditas.pl\/wp-content\/uploads\/2022\/10\/Hoza_27_Warszawa_naroznik_miedzy_budynkiem_frontowym_i_oficyna_tylna_balkon_Maksymiuk_Malgorzata-1024x781.jpg 1024w, http:\/\/lapidarium.fundacja-hereditas.pl\/wp-content\/uploads\/2022\/10\/Hoza_27_Warszawa_naroznik_miedzy_budynkiem_frontowym_i_oficyna_tylna_balkon_Maksymiuk_Malgorzata-768x585.jpg 768w, http:\/\/lapidarium.fundacja-hereditas.pl\/wp-content\/uploads\/2022\/10\/Hoza_27_Warszawa_naroznik_miedzy_budynkiem_frontowym_i_oficyna_tylna_balkon_Maksymiuk_Malgorzata-1536x1171.jpg 1536w, http:\/\/lapidarium.fundacja-hereditas.pl\/wp-content\/uploads\/2022\/10\/Hoza_27_Warszawa_naroznik_miedzy_budynkiem_frontowym_i_oficyna_tylna_balkon_Maksymiuk_Malgorzata-2048x1561.jpg 2048w, http:\/\/lapidarium.fundacja-hereditas.pl\/wp-content\/uploads\/2022\/10\/Hoza_27_Warszawa_naroznik_miedzy_budynkiem_frontowym_i_oficyna_tylna_balkon_Maksymiuk_Malgorzata-150x114.jpg 150w, http:\/\/lapidarium.fundacja-hereditas.pl\/wp-content\/uploads\/2022\/10\/Hoza_27_Warszawa_naroznik_miedzy_budynkiem_frontowym_i_oficyna_tylna_balkon_Maksymiuk_Malgorzata-696x531.jpg 696w, http:\/\/lapidarium.fundacja-hereditas.pl\/wp-content\/uploads\/2022\/10\/Hoza_27_Warszawa_naroznik_miedzy_budynkiem_frontowym_i_oficyna_tylna_balkon_Maksymiuk_Malgorzata-1068x814.jpg 1068w, http:\/\/lapidarium.fundacja-hereditas.pl\/wp-content\/uploads\/2022\/10\/Hoza_27_Warszawa_naroznik_miedzy_budynkiem_frontowym_i_oficyna_tylna_balkon_Maksymiuk_Malgorzata-1920x1464.jpg 1920w\" sizes=\"auto, (max-width: 2560px) 100vw, 2560px\" \/><\/a><figcaption class=\"wp-element-caption\">Podw\u00f3rze. Balkon naro\u017cny. W po\u0142udniowo-wschodnim k\u0105cie podw\u00f3rza, na I-szym pi\u0119trze. Fot. Ma\u0142gorzata Maksymiuk 2022 r., \u017ar\u00f3d\u0142o: AOD III.<\/figcaption><\/figure>\n\n\n\n<figure class=\"wp-block-image size-large\"><a href=\"http:\/\/lapidarium.fundacja-hereditas.pl\/wp-content\/uploads\/2022\/10\/Hoza_27_Warszawa_naroznik_miedzy_budynkiem_frontowym_i_oficyna_gzyms_kordonowy_Maksymiuk_Malgorzata-scaled.jpg\"><img loading=\"lazy\" decoding=\"async\" width=\"1951\" height=\"2560\" data-id=\"12188\" src=\"http:\/\/lapidarium.fundacja-hereditas.pl\/wp-content\/uploads\/2022\/10\/Hoza_27_Warszawa_naroznik_miedzy_budynkiem_frontowym_i_oficyna_gzyms_kordonowy_Maksymiuk_Malgorzata-scaled.jpg\" alt=\"Podw\u00f3rze.Po\u0142udniowo-zachodni k\u0105t. Fot. Ma\u0142gorzata Maksymiuk 2022 r., \u017ar\u00f3d\u0142o: AOD III.\" class=\"wp-image-12188\" srcset=\"http:\/\/lapidarium.fundacja-hereditas.pl\/wp-content\/uploads\/2022\/10\/Hoza_27_Warszawa_naroznik_miedzy_budynkiem_frontowym_i_oficyna_gzyms_kordonowy_Maksymiuk_Malgorzata-scaled.jpg 1951w, http:\/\/lapidarium.fundacja-hereditas.pl\/wp-content\/uploads\/2022\/10\/Hoza_27_Warszawa_naroznik_miedzy_budynkiem_frontowym_i_oficyna_gzyms_kordonowy_Maksymiuk_Malgorzata-229x300.jpg 229w, http:\/\/lapidarium.fundacja-hereditas.pl\/wp-content\/uploads\/2022\/10\/Hoza_27_Warszawa_naroznik_miedzy_budynkiem_frontowym_i_oficyna_gzyms_kordonowy_Maksymiuk_Malgorzata-780x1024.jpg 780w, http:\/\/lapidarium.fundacja-hereditas.pl\/wp-content\/uploads\/2022\/10\/Hoza_27_Warszawa_naroznik_miedzy_budynkiem_frontowym_i_oficyna_gzyms_kordonowy_Maksymiuk_Malgorzata-768x1008.jpg 768w, http:\/\/lapidarium.fundacja-hereditas.pl\/wp-content\/uploads\/2022\/10\/Hoza_27_Warszawa_naroznik_miedzy_budynkiem_frontowym_i_oficyna_gzyms_kordonowy_Maksymiuk_Malgorzata-1171x1536.jpg 1171w, http:\/\/lapidarium.fundacja-hereditas.pl\/wp-content\/uploads\/2022\/10\/Hoza_27_Warszawa_naroznik_miedzy_budynkiem_frontowym_i_oficyna_gzyms_kordonowy_Maksymiuk_Malgorzata-1561x2048.jpg 1561w, http:\/\/lapidarium.fundacja-hereditas.pl\/wp-content\/uploads\/2022\/10\/Hoza_27_Warszawa_naroznik_miedzy_budynkiem_frontowym_i_oficyna_gzyms_kordonowy_Maksymiuk_Malgorzata-150x197.jpg 150w, http:\/\/lapidarium.fundacja-hereditas.pl\/wp-content\/uploads\/2022\/10\/Hoza_27_Warszawa_naroznik_miedzy_budynkiem_frontowym_i_oficyna_gzyms_kordonowy_Maksymiuk_Malgorzata-300x394.jpg 300w, http:\/\/lapidarium.fundacja-hereditas.pl\/wp-content\/uploads\/2022\/10\/Hoza_27_Warszawa_naroznik_miedzy_budynkiem_frontowym_i_oficyna_gzyms_kordonowy_Maksymiuk_Malgorzata-696x913.jpg 696w, http:\/\/lapidarium.fundacja-hereditas.pl\/wp-content\/uploads\/2022\/10\/Hoza_27_Warszawa_naroznik_miedzy_budynkiem_frontowym_i_oficyna_gzyms_kordonowy_Maksymiuk_Malgorzata-1068x1401.jpg 1068w, http:\/\/lapidarium.fundacja-hereditas.pl\/wp-content\/uploads\/2022\/10\/Hoza_27_Warszawa_naroznik_miedzy_budynkiem_frontowym_i_oficyna_gzyms_kordonowy_Maksymiuk_Malgorzata-1920x2519.jpg 1920w\" sizes=\"auto, (max-width: 1951px) 100vw, 1951px\" \/><\/a><figcaption class=\"wp-element-caption\">Podw\u00f3rze.Po\u0142udniowo-zachodni k\u0105t. Fot. Ma\u0142gorzata Maksymiuk 2022 r., \u017ar\u00f3d\u0142o: AOD III.<\/figcaption><\/figure>\n\n\n\n<figure class=\"wp-block-image size-large\"><a href=\"http:\/\/lapidarium.fundacja-hereditas.pl\/wp-content\/uploads\/2022\/10\/Hoza_27_Warszawa_budyneki_frontowe_gzyms_kordonowy_Maksymiuk_Malgorzata-scaled.jpg\"><img loading=\"lazy\" decoding=\"async\" width=\"2560\" height=\"1932\" data-id=\"12224\" src=\"http:\/\/lapidarium.fundacja-hereditas.pl\/wp-content\/uploads\/2022\/10\/Hoza_27_Warszawa_budyneki_frontowe_gzyms_kordonowy_Maksymiuk_Malgorzata-scaled.jpg\" alt=\"Podw\u00f3rze. P\u00f3\u0142nocno-wschodni k\u0105t. Fot. Ma\u0142gorzata Maksymiuk 2022 r., \u017ar\u00f3d\u0142o: AOD III.\" class=\"wp-image-12224\" srcset=\"http:\/\/lapidarium.fundacja-hereditas.pl\/wp-content\/uploads\/2022\/10\/Hoza_27_Warszawa_budyneki_frontowe_gzyms_kordonowy_Maksymiuk_Malgorzata-scaled.jpg 2560w, http:\/\/lapidarium.fundacja-hereditas.pl\/wp-content\/uploads\/2022\/10\/Hoza_27_Warszawa_budyneki_frontowe_gzyms_kordonowy_Maksymiuk_Malgorzata-300x226.jpg 300w, http:\/\/lapidarium.fundacja-hereditas.pl\/wp-content\/uploads\/2022\/10\/Hoza_27_Warszawa_budyneki_frontowe_gzyms_kordonowy_Maksymiuk_Malgorzata-1024x773.jpg 1024w, http:\/\/lapidarium.fundacja-hereditas.pl\/wp-content\/uploads\/2022\/10\/Hoza_27_Warszawa_budyneki_frontowe_gzyms_kordonowy_Maksymiuk_Malgorzata-768x580.jpg 768w, http:\/\/lapidarium.fundacja-hereditas.pl\/wp-content\/uploads\/2022\/10\/Hoza_27_Warszawa_budyneki_frontowe_gzyms_kordonowy_Maksymiuk_Malgorzata-1536x1159.jpg 1536w, http:\/\/lapidarium.fundacja-hereditas.pl\/wp-content\/uploads\/2022\/10\/Hoza_27_Warszawa_budyneki_frontowe_gzyms_kordonowy_Maksymiuk_Malgorzata-2048x1545.jpg 2048w, http:\/\/lapidarium.fundacja-hereditas.pl\/wp-content\/uploads\/2022\/10\/Hoza_27_Warszawa_budyneki_frontowe_gzyms_kordonowy_Maksymiuk_Malgorzata-150x113.jpg 150w, http:\/\/lapidarium.fundacja-hereditas.pl\/wp-content\/uploads\/2022\/10\/Hoza_27_Warszawa_budyneki_frontowe_gzyms_kordonowy_Maksymiuk_Malgorzata-696x525.jpg 696w, http:\/\/lapidarium.fundacja-hereditas.pl\/wp-content\/uploads\/2022\/10\/Hoza_27_Warszawa_budyneki_frontowe_gzyms_kordonowy_Maksymiuk_Malgorzata-1068x806.jpg 1068w, http:\/\/lapidarium.fundacja-hereditas.pl\/wp-content\/uploads\/2022\/10\/Hoza_27_Warszawa_budyneki_frontowe_gzyms_kordonowy_Maksymiuk_Malgorzata-1920x1449.jpg 1920w\" sizes=\"auto, (max-width: 2560px) 100vw, 2560px\" \/><\/a><figcaption class=\"wp-element-caption\">Podw\u00f3rze. P\u00f3\u0142nocno-wschodni k\u0105t. Fot. Ma\u0142gorzata Maksymiuk 2022 r., \u017ar\u00f3d\u0142o: AOD III.<\/figcaption><\/figure>\n\n\n\n<figure class=\"wp-block-image size-large\"><a href=\"http:\/\/lapidarium.fundacja-hereditas.pl\/wp-content\/uploads\/2022\/10\/Hoza_27_Warszawa_budynki_frontowe_balkon_w_narozu_Maksymiuk_Malgorzata-scaled.jpg\"><img loading=\"lazy\" decoding=\"async\" width=\"2560\" height=\"2117\" data-id=\"12187\" src=\"http:\/\/lapidarium.fundacja-hereditas.pl\/wp-content\/uploads\/2022\/10\/Hoza_27_Warszawa_budynki_frontowe_balkon_w_narozu_Maksymiuk_Malgorzata-scaled.jpg\" alt=\"Podw\u00f3rze. Balkon naro\u017cny. W po\u0142udniowo-wschodnim k\u0105cie podw\u00f3rza, na I-szym pi\u0119trze. Fot. Ma\u0142gorzata Maksymiuk 2022 r., \u017ar\u00f3d\u0142o: AOD III.\" class=\"wp-image-12187\" srcset=\"http:\/\/lapidarium.fundacja-hereditas.pl\/wp-content\/uploads\/2022\/10\/Hoza_27_Warszawa_budynki_frontowe_balkon_w_narozu_Maksymiuk_Malgorzata-scaled.jpg 2560w, http:\/\/lapidarium.fundacja-hereditas.pl\/wp-content\/uploads\/2022\/10\/Hoza_27_Warszawa_budynki_frontowe_balkon_w_narozu_Maksymiuk_Malgorzata-300x248.jpg 300w, http:\/\/lapidarium.fundacja-hereditas.pl\/wp-content\/uploads\/2022\/10\/Hoza_27_Warszawa_budynki_frontowe_balkon_w_narozu_Maksymiuk_Malgorzata-1024x847.jpg 1024w, http:\/\/lapidarium.fundacja-hereditas.pl\/wp-content\/uploads\/2022\/10\/Hoza_27_Warszawa_budynki_frontowe_balkon_w_narozu_Maksymiuk_Malgorzata-768x635.jpg 768w, http:\/\/lapidarium.fundacja-hereditas.pl\/wp-content\/uploads\/2022\/10\/Hoza_27_Warszawa_budynki_frontowe_balkon_w_narozu_Maksymiuk_Malgorzata-1536x1270.jpg 1536w, http:\/\/lapidarium.fundacja-hereditas.pl\/wp-content\/uploads\/2022\/10\/Hoza_27_Warszawa_budynki_frontowe_balkon_w_narozu_Maksymiuk_Malgorzata-2048x1694.jpg 2048w, http:\/\/lapidarium.fundacja-hereditas.pl\/wp-content\/uploads\/2022\/10\/Hoza_27_Warszawa_budynki_frontowe_balkon_w_narozu_Maksymiuk_Malgorzata-150x124.jpg 150w, http:\/\/lapidarium.fundacja-hereditas.pl\/wp-content\/uploads\/2022\/10\/Hoza_27_Warszawa_budynki_frontowe_balkon_w_narozu_Maksymiuk_Malgorzata-696x576.jpg 696w, http:\/\/lapidarium.fundacja-hereditas.pl\/wp-content\/uploads\/2022\/10\/Hoza_27_Warszawa_budynki_frontowe_balkon_w_narozu_Maksymiuk_Malgorzata-1068x883.jpg 1068w, http:\/\/lapidarium.fundacja-hereditas.pl\/wp-content\/uploads\/2022\/10\/Hoza_27_Warszawa_budynki_frontowe_balkon_w_narozu_Maksymiuk_Malgorzata-1920x1588.jpg 1920w\" sizes=\"auto, (max-width: 2560px) 100vw, 2560px\" \/><\/a><figcaption class=\"wp-element-caption\">Podw\u00f3rze. Balkon naro\u017cny. W po\u0142udniowo-wschodnim k\u0105cie podw\u00f3rza, na I-szym pi\u0119trze. Fot. Ma\u0142gorzata Maksymiuk 2022 r., \u017ar\u00f3d\u0142o: AOD III.<\/figcaption><\/figure>\n\n\n\n<figure class=\"wp-block-image size-large\"><a href=\"http:\/\/lapidarium.fundacja-hereditas.pl\/wp-content\/uploads\/2022\/10\/Dziubiel_Agnieszka_Warszawa_Hoza_27_przejazd_bramny_klatka_pierwsza_widok_podworza_01-scaled.jpg\"><img loading=\"lazy\" decoding=\"async\" width=\"1429\" height=\"2560\" data-id=\"12185\" src=\"http:\/\/lapidarium.fundacja-hereditas.pl\/wp-content\/uploads\/2022\/10\/Dziubiel_Agnieszka_Warszawa_Hoza_27_przejazd_bramny_klatka_pierwsza_widok_podworza_01-scaled.jpg\" alt=\"Podw\u00f3rze. Widok na po\u0142udnie. Fot. Agnieszka Dziubiel 2022 r., \u017ar\u00f3d\u0142o: AOD III.\" class=\"wp-image-12185\" srcset=\"http:\/\/lapidarium.fundacja-hereditas.pl\/wp-content\/uploads\/2022\/10\/Dziubiel_Agnieszka_Warszawa_Hoza_27_przejazd_bramny_klatka_pierwsza_widok_podworza_01-scaled.jpg 1429w, http:\/\/lapidarium.fundacja-hereditas.pl\/wp-content\/uploads\/2022\/10\/Dziubiel_Agnieszka_Warszawa_Hoza_27_przejazd_bramny_klatka_pierwsza_widok_podworza_01-167x300.jpg 167w, http:\/\/lapidarium.fundacja-hereditas.pl\/wp-content\/uploads\/2022\/10\/Dziubiel_Agnieszka_Warszawa_Hoza_27_przejazd_bramny_klatka_pierwsza_widok_podworza_01-572x1024.jpg 572w, http:\/\/lapidarium.fundacja-hereditas.pl\/wp-content\/uploads\/2022\/10\/Dziubiel_Agnieszka_Warszawa_Hoza_27_przejazd_bramny_klatka_pierwsza_widok_podworza_01-768x1376.jpg 768w, http:\/\/lapidarium.fundacja-hereditas.pl\/wp-content\/uploads\/2022\/10\/Dziubiel_Agnieszka_Warszawa_Hoza_27_przejazd_bramny_klatka_pierwsza_widok_podworza_01-858x1536.jpg 858w, http:\/\/lapidarium.fundacja-hereditas.pl\/wp-content\/uploads\/2022\/10\/Dziubiel_Agnieszka_Warszawa_Hoza_27_przejazd_bramny_klatka_pierwsza_widok_podworza_01-1143x2048.jpg 1143w, http:\/\/lapidarium.fundacja-hereditas.pl\/wp-content\/uploads\/2022\/10\/Dziubiel_Agnieszka_Warszawa_Hoza_27_przejazd_bramny_klatka_pierwsza_widok_podworza_01-150x269.jpg 150w, http:\/\/lapidarium.fundacja-hereditas.pl\/wp-content\/uploads\/2022\/10\/Dziubiel_Agnieszka_Warszawa_Hoza_27_przejazd_bramny_klatka_pierwsza_widok_podworza_01-300x537.jpg 300w, http:\/\/lapidarium.fundacja-hereditas.pl\/wp-content\/uploads\/2022\/10\/Dziubiel_Agnieszka_Warszawa_Hoza_27_przejazd_bramny_klatka_pierwsza_widok_podworza_01-696x1247.jpg 696w, http:\/\/lapidarium.fundacja-hereditas.pl\/wp-content\/uploads\/2022\/10\/Dziubiel_Agnieszka_Warszawa_Hoza_27_przejazd_bramny_klatka_pierwsza_widok_podworza_01-1068x1913.jpg 1068w\" sizes=\"auto, (max-width: 1429px) 100vw, 1429px\" \/><\/a><figcaption class=\"wp-element-caption\">Podw\u00f3rze. Widok na po\u0142udnie. Fot. Agnieszka Dziubiel 2022 r., \u017ar\u00f3d\u0142o: AOD III.<\/figcaption><\/figure>\n\n\n\n<figure class=\"wp-block-image size-large\"><a href=\"http:\/\/lapidarium.fundacja-hereditas.pl\/wp-content\/uploads\/2022\/10\/BR_Warszawa_ul_Hoza_27_podworze-scaled.jpg\"><img loading=\"lazy\" decoding=\"async\" width=\"1881\" height=\"2560\" data-id=\"12184\" src=\"http:\/\/lapidarium.fundacja-hereditas.pl\/wp-content\/uploads\/2022\/10\/BR_Warszawa_ul_Hoza_27_podworze-scaled.jpg\" alt=\"Podw\u00f3rze. Widok na po\u0142udnie. Fot. Bo\u017cena Rudzisz 2022 r., \u017ar\u00f3d\u0142o: AOD III.\" class=\"wp-image-12184\" srcset=\"http:\/\/lapidarium.fundacja-hereditas.pl\/wp-content\/uploads\/2022\/10\/BR_Warszawa_ul_Hoza_27_podworze-scaled.jpg 1881w, http:\/\/lapidarium.fundacja-hereditas.pl\/wp-content\/uploads\/2022\/10\/BR_Warszawa_ul_Hoza_27_podworze-220x300.jpg 220w, http:\/\/lapidarium.fundacja-hereditas.pl\/wp-content\/uploads\/2022\/10\/BR_Warszawa_ul_Hoza_27_podworze-753x1024.jpg 753w, http:\/\/lapidarium.fundacja-hereditas.pl\/wp-content\/uploads\/2022\/10\/BR_Warszawa_ul_Hoza_27_podworze-768x1045.jpg 768w, http:\/\/lapidarium.fundacja-hereditas.pl\/wp-content\/uploads\/2022\/10\/BR_Warszawa_ul_Hoza_27_podworze-1129x1536.jpg 1129w, http:\/\/lapidarium.fundacja-hereditas.pl\/wp-content\/uploads\/2022\/10\/BR_Warszawa_ul_Hoza_27_podworze-1505x2048.jpg 1505w, http:\/\/lapidarium.fundacja-hereditas.pl\/wp-content\/uploads\/2022\/10\/BR_Warszawa_ul_Hoza_27_podworze-150x204.jpg 150w, http:\/\/lapidarium.fundacja-hereditas.pl\/wp-content\/uploads\/2022\/10\/BR_Warszawa_ul_Hoza_27_podworze-300x408.jpg 300w, http:\/\/lapidarium.fundacja-hereditas.pl\/wp-content\/uploads\/2022\/10\/BR_Warszawa_ul_Hoza_27_podworze-696x947.jpg 696w, http:\/\/lapidarium.fundacja-hereditas.pl\/wp-content\/uploads\/2022\/10\/BR_Warszawa_ul_Hoza_27_podworze-1068x1453.jpg 1068w, http:\/\/lapidarium.fundacja-hereditas.pl\/wp-content\/uploads\/2022\/10\/BR_Warszawa_ul_Hoza_27_podworze-1920x2613.jpg 1920w\" sizes=\"auto, (max-width: 1881px) 100vw, 1881px\" \/><\/a><figcaption class=\"wp-element-caption\">Podw\u00f3rze. Widok na po\u0142udnie. Fot. Bo\u017cena Rudzisz 2022 r., \u017ar\u00f3d\u0142o: AOD III.<\/figcaption><\/figure>\n\n\n\n<figure class=\"wp-block-image size-large\"><a href=\"http:\/\/lapidarium.fundacja-hereditas.pl\/wp-content\/uploads\/2022\/10\/BR_Warszawa_ul_Hoza_27_klatka_II_schody_wejsciowe-scaled.jpg\"><img loading=\"lazy\" decoding=\"async\" width=\"2021\" height=\"2560\" data-id=\"12183\" src=\"http:\/\/lapidarium.fundacja-hereditas.pl\/wp-content\/uploads\/2022\/10\/BR_Warszawa_ul_Hoza_27_klatka_II_schody_wejsciowe-scaled.jpg\" alt=\"Podw\u00f3rze. P\u00f3\u0142nocno-wschodni k\u0105t. klatka druga. Fot. Bo\u017cena Rudzisz 2022 r., \u017ar\u00f3d\u0142o: AOD III.\" class=\"wp-image-12183\" srcset=\"http:\/\/lapidarium.fundacja-hereditas.pl\/wp-content\/uploads\/2022\/10\/BR_Warszawa_ul_Hoza_27_klatka_II_schody_wejsciowe-scaled.jpg 2021w, http:\/\/lapidarium.fundacja-hereditas.pl\/wp-content\/uploads\/2022\/10\/BR_Warszawa_ul_Hoza_27_klatka_II_schody_wejsciowe-237x300.jpg 237w, http:\/\/lapidarium.fundacja-hereditas.pl\/wp-content\/uploads\/2022\/10\/BR_Warszawa_ul_Hoza_27_klatka_II_schody_wejsciowe-808x1024.jpg 808w, http:\/\/lapidarium.fundacja-hereditas.pl\/wp-content\/uploads\/2022\/10\/BR_Warszawa_ul_Hoza_27_klatka_II_schody_wejsciowe-768x973.jpg 768w, http:\/\/lapidarium.fundacja-hereditas.pl\/wp-content\/uploads\/2022\/10\/BR_Warszawa_ul_Hoza_27_klatka_II_schody_wejsciowe-1212x1536.jpg 1212w, http:\/\/lapidarium.fundacja-hereditas.pl\/wp-content\/uploads\/2022\/10\/BR_Warszawa_ul_Hoza_27_klatka_II_schody_wejsciowe-1617x2048.jpg 1617w, http:\/\/lapidarium.fundacja-hereditas.pl\/wp-content\/uploads\/2022\/10\/BR_Warszawa_ul_Hoza_27_klatka_II_schody_wejsciowe-150x190.jpg 150w, http:\/\/lapidarium.fundacja-hereditas.pl\/wp-content\/uploads\/2022\/10\/BR_Warszawa_ul_Hoza_27_klatka_II_schody_wejsciowe-300x380.jpg 300w, http:\/\/lapidarium.fundacja-hereditas.pl\/wp-content\/uploads\/2022\/10\/BR_Warszawa_ul_Hoza_27_klatka_II_schody_wejsciowe-696x882.jpg 696w, http:\/\/lapidarium.fundacja-hereditas.pl\/wp-content\/uploads\/2022\/10\/BR_Warszawa_ul_Hoza_27_klatka_II_schody_wejsciowe-1068x1353.jpg 1068w, http:\/\/lapidarium.fundacja-hereditas.pl\/wp-content\/uploads\/2022\/10\/BR_Warszawa_ul_Hoza_27_klatka_II_schody_wejsciowe-1920x2432.jpg 1920w\" sizes=\"auto, (max-width: 2021px) 100vw, 2021px\" \/><\/a><figcaption class=\"wp-element-caption\">Podw\u00f3rze. P\u00f3\u0142nocno-wschodni k\u0105t. klatka druga. Fot. Bo\u017cena Rudzisz 2022 r., \u017ar\u00f3d\u0142o: AOD III.<\/figcaption><\/figure>\n\n\n\n<figure class=\"wp-block-image size-large\"><a href=\"http:\/\/lapidarium.fundacja-hereditas.pl\/wp-content\/uploads\/2022\/10\/BR_Warszawa_ul_Hoza_27_elewacja_wewnetrzna_fragment-scaled.jpg\"><img loading=\"lazy\" decoding=\"async\" width=\"1937\" height=\"2560\" data-id=\"12182\" src=\"http:\/\/lapidarium.fundacja-hereditas.pl\/wp-content\/uploads\/2022\/10\/BR_Warszawa_ul_Hoza_27_elewacja_wewnetrzna_fragment-scaled.jpg\" alt=\"Podw\u00f3rze. P\u00f3\u0142nocno-wschodni k\u0105t. Fot. Bo\u017cena Rudzisz 2022 r., \u017ar\u00f3d\u0142o: AOD III.\" class=\"wp-image-12182\" srcset=\"http:\/\/lapidarium.fundacja-hereditas.pl\/wp-content\/uploads\/2022\/10\/BR_Warszawa_ul_Hoza_27_elewacja_wewnetrzna_fragment-scaled.jpg 1937w, http:\/\/lapidarium.fundacja-hereditas.pl\/wp-content\/uploads\/2022\/10\/BR_Warszawa_ul_Hoza_27_elewacja_wewnetrzna_fragment-227x300.jpg 227w, http:\/\/lapidarium.fundacja-hereditas.pl\/wp-content\/uploads\/2022\/10\/BR_Warszawa_ul_Hoza_27_elewacja_wewnetrzna_fragment-775x1024.jpg 775w, http:\/\/lapidarium.fundacja-hereditas.pl\/wp-content\/uploads\/2022\/10\/BR_Warszawa_ul_Hoza_27_elewacja_wewnetrzna_fragment-768x1015.jpg 768w, http:\/\/lapidarium.fundacja-hereditas.pl\/wp-content\/uploads\/2022\/10\/BR_Warszawa_ul_Hoza_27_elewacja_wewnetrzna_fragment-1162x1536.jpg 1162w, http:\/\/lapidarium.fundacja-hereditas.pl\/wp-content\/uploads\/2022\/10\/BR_Warszawa_ul_Hoza_27_elewacja_wewnetrzna_fragment-1550x2048.jpg 1550w, http:\/\/lapidarium.fundacja-hereditas.pl\/wp-content\/uploads\/2022\/10\/BR_Warszawa_ul_Hoza_27_elewacja_wewnetrzna_fragment-150x198.jpg 150w, http:\/\/lapidarium.fundacja-hereditas.pl\/wp-content\/uploads\/2022\/10\/BR_Warszawa_ul_Hoza_27_elewacja_wewnetrzna_fragment-300x396.jpg 300w, http:\/\/lapidarium.fundacja-hereditas.pl\/wp-content\/uploads\/2022\/10\/BR_Warszawa_ul_Hoza_27_elewacja_wewnetrzna_fragment-696x920.jpg 696w, http:\/\/lapidarium.fundacja-hereditas.pl\/wp-content\/uploads\/2022\/10\/BR_Warszawa_ul_Hoza_27_elewacja_wewnetrzna_fragment-1068x1412.jpg 1068w, http:\/\/lapidarium.fundacja-hereditas.pl\/wp-content\/uploads\/2022\/10\/BR_Warszawa_ul_Hoza_27_elewacja_wewnetrzna_fragment-1920x2538.jpg 1920w\" sizes=\"auto, (max-width: 1937px) 100vw, 1937px\" \/><\/a><figcaption class=\"wp-element-caption\">Podw\u00f3rze. P\u00f3\u0142nocno-wschodni k\u0105t. Fot. Bo\u017cena Rudzisz 2022 r., \u017ar\u00f3d\u0142o: AOD III.<\/figcaption><\/figure>\n\n\n\n<figure class=\"wp-block-image size-large\"><a href=\"http:\/\/lapidarium.fundacja-hereditas.pl\/wp-content\/uploads\/2022\/10\/badab_Warszawa_ul_Hoza_27_dziedziniec_gzyms_wienczacy_w_narozu_budynku-scaled.jpg\"><img loading=\"lazy\" decoding=\"async\" width=\"1895\" height=\"2560\" data-id=\"12181\" src=\"http:\/\/lapidarium.fundacja-hereditas.pl\/wp-content\/uploads\/2022\/10\/badab_Warszawa_ul_Hoza_27_dziedziniec_gzyms_wienczacy_w_narozu_budynku-scaled.jpg\" alt=\"Podw\u00f3rze. P\u00f3\u0142nocno-zachodni k\u0105t. Balkon III-go pi\u0119tra. Fot. Agnieszka D\u0105bkowska 2022 r., \u017ar\u00f3d\u0142o: AOD III.\" class=\"wp-image-12181\" srcset=\"http:\/\/lapidarium.fundacja-hereditas.pl\/wp-content\/uploads\/2022\/10\/badab_Warszawa_ul_Hoza_27_dziedziniec_gzyms_wienczacy_w_narozu_budynku-scaled.jpg 1895w, http:\/\/lapidarium.fundacja-hereditas.pl\/wp-content\/uploads\/2022\/10\/badab_Warszawa_ul_Hoza_27_dziedziniec_gzyms_wienczacy_w_narozu_budynku-222x300.jpg 222w, http:\/\/lapidarium.fundacja-hereditas.pl\/wp-content\/uploads\/2022\/10\/badab_Warszawa_ul_Hoza_27_dziedziniec_gzyms_wienczacy_w_narozu_budynku-758x1024.jpg 758w, http:\/\/lapidarium.fundacja-hereditas.pl\/wp-content\/uploads\/2022\/10\/badab_Warszawa_ul_Hoza_27_dziedziniec_gzyms_wienczacy_w_narozu_budynku-768x1038.jpg 768w, http:\/\/lapidarium.fundacja-hereditas.pl\/wp-content\/uploads\/2022\/10\/badab_Warszawa_ul_Hoza_27_dziedziniec_gzyms_wienczacy_w_narozu_budynku-1137x1536.jpg 1137w, http:\/\/lapidarium.fundacja-hereditas.pl\/wp-content\/uploads\/2022\/10\/badab_Warszawa_ul_Hoza_27_dziedziniec_gzyms_wienczacy_w_narozu_budynku-1516x2048.jpg 1516w, http:\/\/lapidarium.fundacja-hereditas.pl\/wp-content\/uploads\/2022\/10\/badab_Warszawa_ul_Hoza_27_dziedziniec_gzyms_wienczacy_w_narozu_budynku-150x203.jpg 150w, http:\/\/lapidarium.fundacja-hereditas.pl\/wp-content\/uploads\/2022\/10\/badab_Warszawa_ul_Hoza_27_dziedziniec_gzyms_wienczacy_w_narozu_budynku-300x405.jpg 300w, http:\/\/lapidarium.fundacja-hereditas.pl\/wp-content\/uploads\/2022\/10\/badab_Warszawa_ul_Hoza_27_dziedziniec_gzyms_wienczacy_w_narozu_budynku-696x940.jpg 696w, http:\/\/lapidarium.fundacja-hereditas.pl\/wp-content\/uploads\/2022\/10\/badab_Warszawa_ul_Hoza_27_dziedziniec_gzyms_wienczacy_w_narozu_budynku-1068x1443.jpg 1068w, http:\/\/lapidarium.fundacja-hereditas.pl\/wp-content\/uploads\/2022\/10\/badab_Warszawa_ul_Hoza_27_dziedziniec_gzyms_wienczacy_w_narozu_budynku-1920x2594.jpg 1920w\" sizes=\"auto, (max-width: 1895px) 100vw, 1895px\" \/><\/a><figcaption class=\"wp-element-caption\">Podw\u00f3rze. P\u00f3\u0142nocno-zachodni k\u0105t. Balkon III-go pi\u0119tra. Fot. Agnieszka D\u0105bkowska 2022 r., \u017ar\u00f3d\u0142o: AOD III.<\/figcaption><\/figure>\n\n\n\n<figure class=\"wp-block-image size-large\"><a href=\"http:\/\/lapidarium.fundacja-hereditas.pl\/wp-content\/uploads\/2022\/10\/badab_Warszawa_ul_Hoza_27_dziedziniec_deakoracje_zewnetrze_okien-scaled.jpg\"><img loading=\"lazy\" decoding=\"async\" width=\"1943\" height=\"2560\" data-id=\"12180\" src=\"http:\/\/lapidarium.fundacja-hereditas.pl\/wp-content\/uploads\/2022\/10\/badab_Warszawa_ul_Hoza_27_dziedziniec_deakoracje_zewnetrze_okien-scaled.jpg\" alt=\"Podw\u00f3rze. Oprawa okna I-go pi\u0119tra. Fot. Agnieszka D\u0105bkowska 2022 r., \u017ar\u00f3d\u0142o: AOD III.\" class=\"wp-image-12180\" srcset=\"http:\/\/lapidarium.fundacja-hereditas.pl\/wp-content\/uploads\/2022\/10\/badab_Warszawa_ul_Hoza_27_dziedziniec_deakoracje_zewnetrze_okien-scaled.jpg 1943w, http:\/\/lapidarium.fundacja-hereditas.pl\/wp-content\/uploads\/2022\/10\/badab_Warszawa_ul_Hoza_27_dziedziniec_deakoracje_zewnetrze_okien-228x300.jpg 228w, http:\/\/lapidarium.fundacja-hereditas.pl\/wp-content\/uploads\/2022\/10\/badab_Warszawa_ul_Hoza_27_dziedziniec_deakoracje_zewnetrze_okien-777x1024.jpg 777w, http:\/\/lapidarium.fundacja-hereditas.pl\/wp-content\/uploads\/2022\/10\/badab_Warszawa_ul_Hoza_27_dziedziniec_deakoracje_zewnetrze_okien-768x1012.jpg 768w, http:\/\/lapidarium.fundacja-hereditas.pl\/wp-content\/uploads\/2022\/10\/badab_Warszawa_ul_Hoza_27_dziedziniec_deakoracje_zewnetrze_okien-1166x1536.jpg 1166w\" sizes=\"auto, (max-width: 1943px) 100vw, 1943px\" \/><\/a><figcaption class=\"wp-element-caption\">Podw\u00f3rze. Oprawa okna I-go pi\u0119tra. Fot. Agnieszka D\u0105bkowska 2022 r., \u017ar\u00f3d\u0142o: AOD III.<\/figcaption><\/figure>\n\n\n\n<figure class=\"wp-block-image size-large\"><a href=\"http:\/\/lapidarium.fundacja-hereditas.pl\/wp-content\/uploads\/2022\/10\/Aga_Sienk_ul_Hoza_27_podworze_kapliczka-scaled.jpg\"><img loading=\"lazy\" decoding=\"async\" width=\"1902\" height=\"2560\" data-id=\"12179\" src=\"http:\/\/lapidarium.fundacja-hereditas.pl\/wp-content\/uploads\/2022\/10\/Aga_Sienk_ul_Hoza_27_podworze_kapliczka-scaled.jpg\" alt=\"Podw\u00f3rze. Kapliczka. Widok na po\u0142udnie. Fot. Agnieszka Sienkiewicz 2022 r., \u017ar\u00f3d\u0142o: AOD III.\" class=\"wp-image-12179\" srcset=\"http:\/\/lapidarium.fundacja-hereditas.pl\/wp-content\/uploads\/2022\/10\/Aga_Sienk_ul_Hoza_27_podworze_kapliczka-scaled.jpg 1902w, http:\/\/lapidarium.fundacja-hereditas.pl\/wp-content\/uploads\/2022\/10\/Aga_Sienk_ul_Hoza_27_podworze_kapliczka-223x300.jpg 223w, http:\/\/lapidarium.fundacja-hereditas.pl\/wp-content\/uploads\/2022\/10\/Aga_Sienk_ul_Hoza_27_podworze_kapliczka-761x1024.jpg 761w, http:\/\/lapidarium.fundacja-hereditas.pl\/wp-content\/uploads\/2022\/10\/Aga_Sienk_ul_Hoza_27_podworze_kapliczka-768x1033.jpg 768w, http:\/\/lapidarium.fundacja-hereditas.pl\/wp-content\/uploads\/2022\/10\/Aga_Sienk_ul_Hoza_27_podworze_kapliczka-1141x1536.jpg 1141w, http:\/\/lapidarium.fundacja-hereditas.pl\/wp-content\/uploads\/2022\/10\/Aga_Sienk_ul_Hoza_27_podworze_kapliczka-1522x2048.jpg 1522w, http:\/\/lapidarium.fundacja-hereditas.pl\/wp-content\/uploads\/2022\/10\/Aga_Sienk_ul_Hoza_27_podworze_kapliczka-150x202.jpg 150w, http:\/\/lapidarium.fundacja-hereditas.pl\/wp-content\/uploads\/2022\/10\/Aga_Sienk_ul_Hoza_27_podworze_kapliczka-300x404.jpg 300w, http:\/\/lapidarium.fundacja-hereditas.pl\/wp-content\/uploads\/2022\/10\/Aga_Sienk_ul_Hoza_27_podworze_kapliczka-696x937.jpg 696w, http:\/\/lapidarium.fundacja-hereditas.pl\/wp-content\/uploads\/2022\/10\/Aga_Sienk_ul_Hoza_27_podworze_kapliczka-1068x1437.jpg 1068w, http:\/\/lapidarium.fundacja-hereditas.pl\/wp-content\/uploads\/2022\/10\/Aga_Sienk_ul_Hoza_27_podworze_kapliczka-1920x2584.jpg 1920w\" sizes=\"auto, (max-width: 1902px) 100vw, 1902px\" \/><\/a><figcaption class=\"wp-element-caption\">Podw\u00f3rze. Kapliczka. Widok na po\u0142udnie. Fot. Agnieszka Sienkiewicz 2022 r., \u017ar\u00f3d\u0142o: AOD III.<\/figcaption><\/figure>\n\n\n\n<figure class=\"wp-block-image size-large\"><a href=\"http:\/\/lapidarium.fundacja-hereditas.pl\/wp-content\/uploads\/2022\/10\/Aga_Sienk_ul_Hoza_27_podworze_dekoracja_okna-scaled.jpg\"><img loading=\"lazy\" decoding=\"async\" width=\"2247\" height=\"2560\" data-id=\"12178\" src=\"http:\/\/lapidarium.fundacja-hereditas.pl\/wp-content\/uploads\/2022\/10\/Aga_Sienk_ul_Hoza_27_podworze_dekoracja_okna-scaled.jpg\" alt=\"Podw\u00f3rze. Detal nad oknem I-go pi\u0119tra. Fot. Agnieszka Sienkiewicz 2022 r., \u017ar\u00f3d\u0142o: AOD III.\" class=\"wp-image-12178\" srcset=\"http:\/\/lapidarium.fundacja-hereditas.pl\/wp-content\/uploads\/2022\/10\/Aga_Sienk_ul_Hoza_27_podworze_dekoracja_okna-scaled.jpg 2247w, http:\/\/lapidarium.fundacja-hereditas.pl\/wp-content\/uploads\/2022\/10\/Aga_Sienk_ul_Hoza_27_podworze_dekoracja_okna-263x300.jpg 263w, http:\/\/lapidarium.fundacja-hereditas.pl\/wp-content\/uploads\/2022\/10\/Aga_Sienk_ul_Hoza_27_podworze_dekoracja_okna-899x1024.jpg 899w, http:\/\/lapidarium.fundacja-hereditas.pl\/wp-content\/uploads\/2022\/10\/Aga_Sienk_ul_Hoza_27_podworze_dekoracja_okna-768x875.jpg 768w, http:\/\/lapidarium.fundacja-hereditas.pl\/wp-content\/uploads\/2022\/10\/Aga_Sienk_ul_Hoza_27_podworze_dekoracja_okna-1348x1536.jpg 1348w, http:\/\/lapidarium.fundacja-hereditas.pl\/wp-content\/uploads\/2022\/10\/Aga_Sienk_ul_Hoza_27_podworze_dekoracja_okna-1798x2048.jpg 1798w, http:\/\/lapidarium.fundacja-hereditas.pl\/wp-content\/uploads\/2022\/10\/Aga_Sienk_ul_Hoza_27_podworze_dekoracja_okna-150x171.jpg 150w, http:\/\/lapidarium.fundacja-hereditas.pl\/wp-content\/uploads\/2022\/10\/Aga_Sienk_ul_Hoza_27_podworze_dekoracja_okna-300x342.jpg 300w, http:\/\/lapidarium.fundacja-hereditas.pl\/wp-content\/uploads\/2022\/10\/Aga_Sienk_ul_Hoza_27_podworze_dekoracja_okna-696x793.jpg 696w, http:\/\/lapidarium.fundacja-hereditas.pl\/wp-content\/uploads\/2022\/10\/Aga_Sienk_ul_Hoza_27_podworze_dekoracja_okna-1068x1217.jpg 1068w, http:\/\/lapidarium.fundacja-hereditas.pl\/wp-content\/uploads\/2022\/10\/Aga_Sienk_ul_Hoza_27_podworze_dekoracja_okna-1920x2188.jpg 1920w\" sizes=\"auto, (max-width: 2247px) 100vw, 2247px\" \/><\/a><figcaption class=\"wp-element-caption\">Podw\u00f3rze. Detal nad oknem I-go pi\u0119tra. Fot. Agnieszka Sienkiewicz 2022 r., \u017ar\u00f3d\u0142o: AOD III.<\/figcaption><\/figure>\n\n\n\n<figure class=\"wp-block-image size-large\"><a href=\"http:\/\/lapidarium.fundacja-hereditas.pl\/wp-content\/uploads\/2022\/10\/Aga_Sienk_ul_Hoza_27_podworze_dekoracja_okna-4-scaled.jpg\"><img loading=\"lazy\" decoding=\"async\" width=\"1893\" height=\"2560\" data-id=\"12177\" src=\"http:\/\/lapidarium.fundacja-hereditas.pl\/wp-content\/uploads\/2022\/10\/Aga_Sienk_ul_Hoza_27_podworze_dekoracja_okna-4-scaled.jpg\" alt=\"Podw\u00f3rze. Oprawa okna I-go pi\u0119tra. Fot. Agnieszka Sienkiewicz 2022 r., \u017ar\u00f3d\u0142o: AOD III.\" class=\"wp-image-12177\" srcset=\"http:\/\/lapidarium.fundacja-hereditas.pl\/wp-content\/uploads\/2022\/10\/Aga_Sienk_ul_Hoza_27_podworze_dekoracja_okna-4-scaled.jpg 1893w, http:\/\/lapidarium.fundacja-hereditas.pl\/wp-content\/uploads\/2022\/10\/Aga_Sienk_ul_Hoza_27_podworze_dekoracja_okna-4-222x300.jpg 222w, http:\/\/lapidarium.fundacja-hereditas.pl\/wp-content\/uploads\/2022\/10\/Aga_Sienk_ul_Hoza_27_podworze_dekoracja_okna-4-757x1024.jpg 757w, http:\/\/lapidarium.fundacja-hereditas.pl\/wp-content\/uploads\/2022\/10\/Aga_Sienk_ul_Hoza_27_podworze_dekoracja_okna-4-768x1038.jpg 768w, http:\/\/lapidarium.fundacja-hereditas.pl\/wp-content\/uploads\/2022\/10\/Aga_Sienk_ul_Hoza_27_podworze_dekoracja_okna-4-1136x1536.jpg 1136w, http:\/\/lapidarium.fundacja-hereditas.pl\/wp-content\/uploads\/2022\/10\/Aga_Sienk_ul_Hoza_27_podworze_dekoracja_okna-4-1515x2048.jpg 1515w, http:\/\/lapidarium.fundacja-hereditas.pl\/wp-content\/uploads\/2022\/10\/Aga_Sienk_ul_Hoza_27_podworze_dekoracja_okna-4-150x203.jpg 150w, http:\/\/lapidarium.fundacja-hereditas.pl\/wp-content\/uploads\/2022\/10\/Aga_Sienk_ul_Hoza_27_podworze_dekoracja_okna-4-300x406.jpg 300w, http:\/\/lapidarium.fundacja-hereditas.pl\/wp-content\/uploads\/2022\/10\/Aga_Sienk_ul_Hoza_27_podworze_dekoracja_okna-4-696x941.jpg 696w, http:\/\/lapidarium.fundacja-hereditas.pl\/wp-content\/uploads\/2022\/10\/Aga_Sienk_ul_Hoza_27_podworze_dekoracja_okna-4-1068x1444.jpg 1068w, http:\/\/lapidarium.fundacja-hereditas.pl\/wp-content\/uploads\/2022\/10\/Aga_Sienk_ul_Hoza_27_podworze_dekoracja_okna-4-1920x2596.jpg 1920w\" sizes=\"auto, (max-width: 1893px) 100vw, 1893px\" \/><\/a><figcaption class=\"wp-element-caption\">Podw\u00f3rze. Oprawa okna I-go pi\u0119tra. Fot. Agnieszka Sienkiewicz 2022 r., \u017ar\u00f3d\u0142o: AOD III.<\/figcaption><\/figure>\n\n\n\n<figure class=\"wp-block-image size-large\"><a href=\"http:\/\/lapidarium.fundacja-hereditas.pl\/wp-content\/uploads\/2022\/10\/Wojciech_Kmiec_Hoza_27_klatka_1_ozdoba_drzwi_do_mieszkania_2-scaled.jpg\"><img loading=\"lazy\" decoding=\"async\" width=\"2560\" height=\"1689\" data-id=\"12164\" src=\"http:\/\/lapidarium.fundacja-hereditas.pl\/wp-content\/uploads\/2022\/10\/Wojciech_Kmiec_Hoza_27_klatka_1_ozdoba_drzwi_do_mieszkania_2-scaled.jpg\" alt=\"G\u0142\u00f3wna klatka schodowa. Drzwi do mieszkania - detal. Fot. Wojciech Kmie\u0107 2022 r., \u017ar\u00f3d\u0142o: AOD III.\" class=\"wp-image-12164\" srcset=\"http:\/\/lapidarium.fundacja-hereditas.pl\/wp-content\/uploads\/2022\/10\/Wojciech_Kmiec_Hoza_27_klatka_1_ozdoba_drzwi_do_mieszkania_2-scaled.jpg 2560w, http:\/\/lapidarium.fundacja-hereditas.pl\/wp-content\/uploads\/2022\/10\/Wojciech_Kmiec_Hoza_27_klatka_1_ozdoba_drzwi_do_mieszkania_2-300x198.jpg 300w, http:\/\/lapidarium.fundacja-hereditas.pl\/wp-content\/uploads\/2022\/10\/Wojciech_Kmiec_Hoza_27_klatka_1_ozdoba_drzwi_do_mieszkania_2-1024x676.jpg 1024w, http:\/\/lapidarium.fundacja-hereditas.pl\/wp-content\/uploads\/2022\/10\/Wojciech_Kmiec_Hoza_27_klatka_1_ozdoba_drzwi_do_mieszkania_2-768x507.jpg 768w, http:\/\/lapidarium.fundacja-hereditas.pl\/wp-content\/uploads\/2022\/10\/Wojciech_Kmiec_Hoza_27_klatka_1_ozdoba_drzwi_do_mieszkania_2-1536x1013.jpg 1536w, http:\/\/lapidarium.fundacja-hereditas.pl\/wp-content\/uploads\/2022\/10\/Wojciech_Kmiec_Hoza_27_klatka_1_ozdoba_drzwi_do_mieszkania_2-2048x1351.jpg 2048w, http:\/\/lapidarium.fundacja-hereditas.pl\/wp-content\/uploads\/2022\/10\/Wojciech_Kmiec_Hoza_27_klatka_1_ozdoba_drzwi_do_mieszkania_2-150x99.jpg 150w, http:\/\/lapidarium.fundacja-hereditas.pl\/wp-content\/uploads\/2022\/10\/Wojciech_Kmiec_Hoza_27_klatka_1_ozdoba_drzwi_do_mieszkania_2-696x459.jpg 696w, http:\/\/lapidarium.fundacja-hereditas.pl\/wp-content\/uploads\/2022\/10\/Wojciech_Kmiec_Hoza_27_klatka_1_ozdoba_drzwi_do_mieszkania_2-1068x705.jpg 1068w, http:\/\/lapidarium.fundacja-hereditas.pl\/wp-content\/uploads\/2022\/10\/Wojciech_Kmiec_Hoza_27_klatka_1_ozdoba_drzwi_do_mieszkania_2-1920x1267.jpg 1920w\" sizes=\"auto, (max-width: 2560px) 100vw, 2560px\" \/><\/a><figcaption class=\"wp-element-caption\">G\u0142\u00f3wna klatka schodowa. Drzwi do mieszkania &#8211; detal. Fot. Wojciech Kmie\u0107 2022 r., \u017ar\u00f3d\u0142o: AOD III.<\/figcaption><\/figure>\n\n\n\n<figure class=\"wp-block-image size-large\"><a href=\"http:\/\/lapidarium.fundacja-hereditas.pl\/wp-content\/uploads\/2022\/10\/Wojciech_Kmiec_Hoza_27_klatka_1_ozdoba_drzwi_do_mieszkania-scaled.jpg\"><img loading=\"lazy\" decoding=\"async\" width=\"2560\" height=\"2021\" data-id=\"12163\" src=\"http:\/\/lapidarium.fundacja-hereditas.pl\/wp-content\/uploads\/2022\/10\/Wojciech_Kmiec_Hoza_27_klatka_1_ozdoba_drzwi_do_mieszkania-scaled.jpg\" alt=\"G\u0142\u00f3wna klatka schodowa. Drzwi do mieszkania - detal. Fot. Wojciech Kmie\u0107 2022 r., \u017ar\u00f3d\u0142o: AOD III.\" class=\"wp-image-12163\" srcset=\"http:\/\/lapidarium.fundacja-hereditas.pl\/wp-content\/uploads\/2022\/10\/Wojciech_Kmiec_Hoza_27_klatka_1_ozdoba_drzwi_do_mieszkania-scaled.jpg 2560w, http:\/\/lapidarium.fundacja-hereditas.pl\/wp-content\/uploads\/2022\/10\/Wojciech_Kmiec_Hoza_27_klatka_1_ozdoba_drzwi_do_mieszkania-300x237.jpg 300w, http:\/\/lapidarium.fundacja-hereditas.pl\/wp-content\/uploads\/2022\/10\/Wojciech_Kmiec_Hoza_27_klatka_1_ozdoba_drzwi_do_mieszkania-1024x808.jpg 1024w, http:\/\/lapidarium.fundacja-hereditas.pl\/wp-content\/uploads\/2022\/10\/Wojciech_Kmiec_Hoza_27_klatka_1_ozdoba_drzwi_do_mieszkania-768x606.jpg 768w, http:\/\/lapidarium.fundacja-hereditas.pl\/wp-content\/uploads\/2022\/10\/Wojciech_Kmiec_Hoza_27_klatka_1_ozdoba_drzwi_do_mieszkania-1536x1213.jpg 1536w, http:\/\/lapidarium.fundacja-hereditas.pl\/wp-content\/uploads\/2022\/10\/Wojciech_Kmiec_Hoza_27_klatka_1_ozdoba_drzwi_do_mieszkania-2048x1617.jpg 2048w, http:\/\/lapidarium.fundacja-hereditas.pl\/wp-content\/uploads\/2022\/10\/Wojciech_Kmiec_Hoza_27_klatka_1_ozdoba_drzwi_do_mieszkania-150x118.jpg 150w, http:\/\/lapidarium.fundacja-hereditas.pl\/wp-content\/uploads\/2022\/10\/Wojciech_Kmiec_Hoza_27_klatka_1_ozdoba_drzwi_do_mieszkania-696x550.jpg 696w, http:\/\/lapidarium.fundacja-hereditas.pl\/wp-content\/uploads\/2022\/10\/Wojciech_Kmiec_Hoza_27_klatka_1_ozdoba_drzwi_do_mieszkania-1068x843.jpg 1068w, http:\/\/lapidarium.fundacja-hereditas.pl\/wp-content\/uploads\/2022\/10\/Wojciech_Kmiec_Hoza_27_klatka_1_ozdoba_drzwi_do_mieszkania-1920x1516.jpg 1920w\" sizes=\"auto, (max-width: 2560px) 100vw, 2560px\" \/><\/a><figcaption class=\"wp-element-caption\">G\u0142\u00f3wna klatka schodowa. Drzwi do mieszkania &#8211; detal. Fot. Wojciech Kmie\u0107 2022 r., \u017ar\u00f3d\u0142o: AOD III.<\/figcaption><\/figure>\n\n\n\n<figure class=\"wp-block-image size-large\"><a href=\"http:\/\/lapidarium.fundacja-hereditas.pl\/wp-content\/uploads\/2022\/10\/Wojciech_Kmiec_Hoza_27_klatka_1_drzwi_do_mieszkania-scaled.jpg\"><img loading=\"lazy\" decoding=\"async\" width=\"1932\" height=\"2560\" data-id=\"12162\" src=\"http:\/\/lapidarium.fundacja-hereditas.pl\/wp-content\/uploads\/2022\/10\/Wojciech_Kmiec_Hoza_27_klatka_1_drzwi_do_mieszkania-scaled.jpg\" alt=\"G\u0142\u00f3wna klatka schodowa. Drzwi do mieszkania - detal. Fot. Wojciech Kmie\u0107 2022 r., \u017ar\u00f3d\u0142o: AOD III.\" class=\"wp-image-12162\" srcset=\"http:\/\/lapidarium.fundacja-hereditas.pl\/wp-content\/uploads\/2022\/10\/Wojciech_Kmiec_Hoza_27_klatka_1_drzwi_do_mieszkania-scaled.jpg 1932w, http:\/\/lapidarium.fundacja-hereditas.pl\/wp-content\/uploads\/2022\/10\/Wojciech_Kmiec_Hoza_27_klatka_1_drzwi_do_mieszkania-226x300.jpg 226w, http:\/\/lapidarium.fundacja-hereditas.pl\/wp-content\/uploads\/2022\/10\/Wojciech_Kmiec_Hoza_27_klatka_1_drzwi_do_mieszkania-773x1024.jpg 773w, http:\/\/lapidarium.fundacja-hereditas.pl\/wp-content\/uploads\/2022\/10\/Wojciech_Kmiec_Hoza_27_klatka_1_drzwi_do_mieszkania-768x1017.jpg 768w, http:\/\/lapidarium.fundacja-hereditas.pl\/wp-content\/uploads\/2022\/10\/Wojciech_Kmiec_Hoza_27_klatka_1_drzwi_do_mieszkania-1159x1536.jpg 1159w, http:\/\/lapidarium.fundacja-hereditas.pl\/wp-content\/uploads\/2022\/10\/Wojciech_Kmiec_Hoza_27_klatka_1_drzwi_do_mieszkania-1546x2048.jpg 1546w, http:\/\/lapidarium.fundacja-hereditas.pl\/wp-content\/uploads\/2022\/10\/Wojciech_Kmiec_Hoza_27_klatka_1_drzwi_do_mieszkania-150x199.jpg 150w, http:\/\/lapidarium.fundacja-hereditas.pl\/wp-content\/uploads\/2022\/10\/Wojciech_Kmiec_Hoza_27_klatka_1_drzwi_do_mieszkania-300x397.jpg 300w, http:\/\/lapidarium.fundacja-hereditas.pl\/wp-content\/uploads\/2022\/10\/Wojciech_Kmiec_Hoza_27_klatka_1_drzwi_do_mieszkania-696x922.jpg 696w, http:\/\/lapidarium.fundacja-hereditas.pl\/wp-content\/uploads\/2022\/10\/Wojciech_Kmiec_Hoza_27_klatka_1_drzwi_do_mieszkania-1068x1415.jpg 1068w, http:\/\/lapidarium.fundacja-hereditas.pl\/wp-content\/uploads\/2022\/10\/Wojciech_Kmiec_Hoza_27_klatka_1_drzwi_do_mieszkania-1920x2543.jpg 1920w\" sizes=\"auto, (max-width: 1932px) 100vw, 1932px\" \/><\/a><figcaption class=\"wp-element-caption\">G\u0142\u00f3wna klatka schodowa. Drzwi do mieszkania &#8211; detal. Fot. Wojciech Kmie\u0107 2022 r., \u017ar\u00f3d\u0142o: AOD III.<\/figcaption><\/figure>\n\n\n\n<figure class=\"wp-block-image size-large\"><a href=\"http:\/\/lapidarium.fundacja-hereditas.pl\/wp-content\/uploads\/2022\/10\/Dziubiel_Agnieszka_Warszawa_Hoza_27_przejazd_bramny_klatka_pierwsza_pierwsze_pietro_drzwi_dzwonek_04-scaled.jpg\"><img loading=\"lazy\" decoding=\"async\" width=\"2560\" height=\"1191\" data-id=\"12160\" src=\"http:\/\/lapidarium.fundacja-hereditas.pl\/wp-content\/uploads\/2022\/10\/Dziubiel_Agnieszka_Warszawa_Hoza_27_przejazd_bramny_klatka_pierwsza_pierwsze_pietro_drzwi_dzwonek_04-scaled.jpg\" alt=\"G\u0142\u00f3wna klatka schodowa. Drzwi do mieszkania. Dzwonek typu &quot;prosz\u0119 kr\u0119ci\u0107&quot;. Fot. Agnieszka Dziubiel 2022 r., \u017ar\u00f3d\u0142o: AOD III.\" class=\"wp-image-12160\" srcset=\"http:\/\/lapidarium.fundacja-hereditas.pl\/wp-content\/uploads\/2022\/10\/Dziubiel_Agnieszka_Warszawa_Hoza_27_przejazd_bramny_klatka_pierwsza_pierwsze_pietro_drzwi_dzwonek_04-scaled.jpg 2560w, http:\/\/lapidarium.fundacja-hereditas.pl\/wp-content\/uploads\/2022\/10\/Dziubiel_Agnieszka_Warszawa_Hoza_27_przejazd_bramny_klatka_pierwsza_pierwsze_pietro_drzwi_dzwonek_04-300x140.jpg 300w, http:\/\/lapidarium.fundacja-hereditas.pl\/wp-content\/uploads\/2022\/10\/Dziubiel_Agnieszka_Warszawa_Hoza_27_przejazd_bramny_klatka_pierwsza_pierwsze_pietro_drzwi_dzwonek_04-1024x476.jpg 1024w, http:\/\/lapidarium.fundacja-hereditas.pl\/wp-content\/uploads\/2022\/10\/Dziubiel_Agnieszka_Warszawa_Hoza_27_przejazd_bramny_klatka_pierwsza_pierwsze_pietro_drzwi_dzwonek_04-768x357.jpg 768w, http:\/\/lapidarium.fundacja-hereditas.pl\/wp-content\/uploads\/2022\/10\/Dziubiel_Agnieszka_Warszawa_Hoza_27_przejazd_bramny_klatka_pierwsza_pierwsze_pietro_drzwi_dzwonek_04-1536x715.jpg 1536w, http:\/\/lapidarium.fundacja-hereditas.pl\/wp-content\/uploads\/2022\/10\/Dziubiel_Agnieszka_Warszawa_Hoza_27_przejazd_bramny_klatka_pierwsza_pierwsze_pietro_drzwi_dzwonek_04-2048x953.jpg 2048w, http:\/\/lapidarium.fundacja-hereditas.pl\/wp-content\/uploads\/2022\/10\/Dziubiel_Agnieszka_Warszawa_Hoza_27_przejazd_bramny_klatka_pierwsza_pierwsze_pietro_drzwi_dzwonek_04-150x70.jpg 150w, http:\/\/lapidarium.fundacja-hereditas.pl\/wp-content\/uploads\/2022\/10\/Dziubiel_Agnieszka_Warszawa_Hoza_27_przejazd_bramny_klatka_pierwsza_pierwsze_pietro_drzwi_dzwonek_04-696x324.jpg 696w, http:\/\/lapidarium.fundacja-hereditas.pl\/wp-content\/uploads\/2022\/10\/Dziubiel_Agnieszka_Warszawa_Hoza_27_przejazd_bramny_klatka_pierwsza_pierwsze_pietro_drzwi_dzwonek_04-1068x497.jpg 1068w, http:\/\/lapidarium.fundacja-hereditas.pl\/wp-content\/uploads\/2022\/10\/Dziubiel_Agnieszka_Warszawa_Hoza_27_przejazd_bramny_klatka_pierwsza_pierwsze_pietro_drzwi_dzwonek_04-1920x893.jpg 1920w\" sizes=\"auto, (max-width: 2560px) 100vw, 2560px\" \/><\/a><figcaption class=\"wp-element-caption\">G\u0142\u00f3wna klatka schodowa. Drzwi do mieszkania. Dzwonek typu &#8222;prosz\u0119 kr\u0119ci\u0107&#8221;. Fot. Agnieszka Dziubiel 2022 r., \u017ar\u00f3d\u0142o: AOD III.<\/figcaption><\/figure>\n\n\n\n<figure class=\"wp-block-image size-large\"><a href=\"http:\/\/lapidarium.fundacja-hereditas.pl\/wp-content\/uploads\/2022\/10\/Dziubiel_Agnieszka_Warszawa_Hoza_27_przejazd_bramny_klatka_pierwsza_pierwsze_pietro_drzwi_dzwonek_01.jpg\"><img loading=\"lazy\" decoding=\"async\" width=\"1435\" height=\"1762\" data-id=\"12159\" src=\"http:\/\/lapidarium.fundacja-hereditas.pl\/wp-content\/uploads\/2022\/10\/Dziubiel_Agnieszka_Warszawa_Hoza_27_przejazd_bramny_klatka_pierwsza_pierwsze_pietro_drzwi_dzwonek_01.jpg\" alt=\"G\u0142\u00f3wna klatka schodowa. Drzwi do mieszkania. Dzwonek elektryczny. Fot. Agnieszka Dziubiel 2022 r., \u017ar\u00f3d\u0142o: AOD III.\" class=\"wp-image-12159\" srcset=\"http:\/\/lapidarium.fundacja-hereditas.pl\/wp-content\/uploads\/2022\/10\/Dziubiel_Agnieszka_Warszawa_Hoza_27_przejazd_bramny_klatka_pierwsza_pierwsze_pietro_drzwi_dzwonek_01.jpg 1435w, http:\/\/lapidarium.fundacja-hereditas.pl\/wp-content\/uploads\/2022\/10\/Dziubiel_Agnieszka_Warszawa_Hoza_27_przejazd_bramny_klatka_pierwsza_pierwsze_pietro_drzwi_dzwonek_01-244x300.jpg 244w, http:\/\/lapidarium.fundacja-hereditas.pl\/wp-content\/uploads\/2022\/10\/Dziubiel_Agnieszka_Warszawa_Hoza_27_przejazd_bramny_klatka_pierwsza_pierwsze_pietro_drzwi_dzwonek_01-834x1024.jpg 834w, http:\/\/lapidarium.fundacja-hereditas.pl\/wp-content\/uploads\/2022\/10\/Dziubiel_Agnieszka_Warszawa_Hoza_27_przejazd_bramny_klatka_pierwsza_pierwsze_pietro_drzwi_dzwonek_01-768x943.jpg 768w, http:\/\/lapidarium.fundacja-hereditas.pl\/wp-content\/uploads\/2022\/10\/Dziubiel_Agnieszka_Warszawa_Hoza_27_przejazd_bramny_klatka_pierwsza_pierwsze_pietro_drzwi_dzwonek_01-1251x1536.jpg 1251w, http:\/\/lapidarium.fundacja-hereditas.pl\/wp-content\/uploads\/2022\/10\/Dziubiel_Agnieszka_Warszawa_Hoza_27_przejazd_bramny_klatka_pierwsza_pierwsze_pietro_drzwi_dzwonek_01-150x184.jpg 150w, http:\/\/lapidarium.fundacja-hereditas.pl\/wp-content\/uploads\/2022\/10\/Dziubiel_Agnieszka_Warszawa_Hoza_27_przejazd_bramny_klatka_pierwsza_pierwsze_pietro_drzwi_dzwonek_01-300x368.jpg 300w, http:\/\/lapidarium.fundacja-hereditas.pl\/wp-content\/uploads\/2022\/10\/Dziubiel_Agnieszka_Warszawa_Hoza_27_przejazd_bramny_klatka_pierwsza_pierwsze_pietro_drzwi_dzwonek_01-696x855.jpg 696w, http:\/\/lapidarium.fundacja-hereditas.pl\/wp-content\/uploads\/2022\/10\/Dziubiel_Agnieszka_Warszawa_Hoza_27_przejazd_bramny_klatka_pierwsza_pierwsze_pietro_drzwi_dzwonek_01-1068x1311.jpg 1068w\" sizes=\"auto, (max-width: 1435px) 100vw, 1435px\" \/><\/a><figcaption class=\"wp-element-caption\">G\u0142\u00f3wna klatka schodowa. Drzwi do mieszkania. Dzwonek elektryczny. Fot. Agnieszka Dziubiel 2022 r., \u017ar\u00f3d\u0142o: AOD III.<\/figcaption><\/figure>\n\n\n\n<figure class=\"wp-block-image size-large\"><a href=\"http:\/\/lapidarium.fundacja-hereditas.pl\/wp-content\/uploads\/2022\/10\/Dziubiel_Agnieszka_Warszawa_Hoza_27_przejazd_bramny_klatka_pierwsza_parter_plytki_podlogowe_01-scaled.jpg\"><img loading=\"lazy\" decoding=\"async\" width=\"2560\" height=\"1971\" data-id=\"12157\" src=\"http:\/\/lapidarium.fundacja-hereditas.pl\/wp-content\/uploads\/2022\/10\/Dziubiel_Agnieszka_Warszawa_Hoza_27_przejazd_bramny_klatka_pierwsza_parter_plytki_podlogowe_01-scaled.jpg\" alt=\"G\u0142\u00f3wna klatka schodowa. Posadzka. Fot. Agnieszka Dziubiel 2022 r., \u017ar\u00f3d\u0142o: AOD III.\" class=\"wp-image-12157\" srcset=\"http:\/\/lapidarium.fundacja-hereditas.pl\/wp-content\/uploads\/2022\/10\/Dziubiel_Agnieszka_Warszawa_Hoza_27_przejazd_bramny_klatka_pierwsza_parter_plytki_podlogowe_01-scaled.jpg 2560w, http:\/\/lapidarium.fundacja-hereditas.pl\/wp-content\/uploads\/2022\/10\/Dziubiel_Agnieszka_Warszawa_Hoza_27_przejazd_bramny_klatka_pierwsza_parter_plytki_podlogowe_01-300x231.jpg 300w, http:\/\/lapidarium.fundacja-hereditas.pl\/wp-content\/uploads\/2022\/10\/Dziubiel_Agnieszka_Warszawa_Hoza_27_przejazd_bramny_klatka_pierwsza_parter_plytki_podlogowe_01-1024x788.jpg 1024w, http:\/\/lapidarium.fundacja-hereditas.pl\/wp-content\/uploads\/2022\/10\/Dziubiel_Agnieszka_Warszawa_Hoza_27_przejazd_bramny_klatka_pierwsza_parter_plytki_podlogowe_01-768x591.jpg 768w, http:\/\/lapidarium.fundacja-hereditas.pl\/wp-content\/uploads\/2022\/10\/Dziubiel_Agnieszka_Warszawa_Hoza_27_przejazd_bramny_klatka_pierwsza_parter_plytki_podlogowe_01-1536x1183.jpg 1536w, http:\/\/lapidarium.fundacja-hereditas.pl\/wp-content\/uploads\/2022\/10\/Dziubiel_Agnieszka_Warszawa_Hoza_27_przejazd_bramny_klatka_pierwsza_parter_plytki_podlogowe_01-2048x1577.jpg 2048w, http:\/\/lapidarium.fundacja-hereditas.pl\/wp-content\/uploads\/2022\/10\/Dziubiel_Agnieszka_Warszawa_Hoza_27_przejazd_bramny_klatka_pierwsza_parter_plytki_podlogowe_01-150x116.jpg 150w, http:\/\/lapidarium.fundacja-hereditas.pl\/wp-content\/uploads\/2022\/10\/Dziubiel_Agnieszka_Warszawa_Hoza_27_przejazd_bramny_klatka_pierwsza_parter_plytki_podlogowe_01-696x536.jpg 696w, http:\/\/lapidarium.fundacja-hereditas.pl\/wp-content\/uploads\/2022\/10\/Dziubiel_Agnieszka_Warszawa_Hoza_27_przejazd_bramny_klatka_pierwsza_parter_plytki_podlogowe_01-1068x822.jpg 1068w, http:\/\/lapidarium.fundacja-hereditas.pl\/wp-content\/uploads\/2022\/10\/Dziubiel_Agnieszka_Warszawa_Hoza_27_przejazd_bramny_klatka_pierwsza_parter_plytki_podlogowe_01-1920x1478.jpg 1920w\" sizes=\"auto, (max-width: 2560px) 100vw, 2560px\" \/><\/a><figcaption class=\"wp-element-caption\">G\u0142\u00f3wna klatka schodowa. Posadzka. Fot. Agnieszka Dziubiel 2022 r., \u017ar\u00f3d\u0142o: AOD III.<\/figcaption><\/figure>\n\n\n\n<figure class=\"wp-block-image size-large\"><a href=\"http:\/\/lapidarium.fundacja-hereditas.pl\/wp-content\/uploads\/2022\/10\/Dziubiel_Agnieszka_Warszawa_Hoza_27_przejazd_bramny_klatka_pierwsza_drugie_pietro_drzwi_01-scaled.jpg\"><img loading=\"lazy\" decoding=\"async\" width=\"1215\" height=\"2560\" data-id=\"12152\" src=\"http:\/\/lapidarium.fundacja-hereditas.pl\/wp-content\/uploads\/2022\/10\/Dziubiel_Agnieszka_Warszawa_Hoza_27_przejazd_bramny_klatka_pierwsza_drugie_pietro_drzwi_01-scaled.jpg\" alt=\"G\u0142\u00f3wna klatka schodowa. Drzwi do mieszkania. Fot. Agnieszka Dziubiel 2022 r., \u017ar\u00f3d\u0142o: AOD III.\" class=\"wp-image-12152\" srcset=\"http:\/\/lapidarium.fundacja-hereditas.pl\/wp-content\/uploads\/2022\/10\/Dziubiel_Agnieszka_Warszawa_Hoza_27_przejazd_bramny_klatka_pierwsza_drugie_pietro_drzwi_01-scaled.jpg 1215w, http:\/\/lapidarium.fundacja-hereditas.pl\/wp-content\/uploads\/2022\/10\/Dziubiel_Agnieszka_Warszawa_Hoza_27_przejazd_bramny_klatka_pierwsza_drugie_pietro_drzwi_01-142x300.jpg 142w, http:\/\/lapidarium.fundacja-hereditas.pl\/wp-content\/uploads\/2022\/10\/Dziubiel_Agnieszka_Warszawa_Hoza_27_przejazd_bramny_klatka_pierwsza_drugie_pietro_drzwi_01-486x1024.jpg 486w, http:\/\/lapidarium.fundacja-hereditas.pl\/wp-content\/uploads\/2022\/10\/Dziubiel_Agnieszka_Warszawa_Hoza_27_przejazd_bramny_klatka_pierwsza_drugie_pietro_drzwi_01-768x1618.jpg 768w, http:\/\/lapidarium.fundacja-hereditas.pl\/wp-content\/uploads\/2022\/10\/Dziubiel_Agnieszka_Warszawa_Hoza_27_przejazd_bramny_klatka_pierwsza_drugie_pietro_drzwi_01-729x1536.jpg 729w, http:\/\/lapidarium.fundacja-hereditas.pl\/wp-content\/uploads\/2022\/10\/Dziubiel_Agnieszka_Warszawa_Hoza_27_przejazd_bramny_klatka_pierwsza_drugie_pietro_drzwi_01-972x2048.jpg 972w, http:\/\/lapidarium.fundacja-hereditas.pl\/wp-content\/uploads\/2022\/10\/Dziubiel_Agnieszka_Warszawa_Hoza_27_przejazd_bramny_klatka_pierwsza_drugie_pietro_drzwi_01-150x316.jpg 150w, http:\/\/lapidarium.fundacja-hereditas.pl\/wp-content\/uploads\/2022\/10\/Dziubiel_Agnieszka_Warszawa_Hoza_27_przejazd_bramny_klatka_pierwsza_drugie_pietro_drzwi_01-300x632.jpg 300w, http:\/\/lapidarium.fundacja-hereditas.pl\/wp-content\/uploads\/2022\/10\/Dziubiel_Agnieszka_Warszawa_Hoza_27_przejazd_bramny_klatka_pierwsza_drugie_pietro_drzwi_01-696x1466.jpg 696w, http:\/\/lapidarium.fundacja-hereditas.pl\/wp-content\/uploads\/2022\/10\/Dziubiel_Agnieszka_Warszawa_Hoza_27_przejazd_bramny_klatka_pierwsza_drugie_pietro_drzwi_01-1068x2250.jpg 1068w\" sizes=\"auto, (max-width: 1215px) 100vw, 1215px\" \/><\/a><figcaption class=\"wp-element-caption\">G\u0142\u00f3wna klatka schodowa. Drzwi do mieszkania. Fot. Agnieszka Dziubiel 2022 r., \u017ar\u00f3d\u0142o: AOD III.<\/figcaption><\/figure>\n\n\n\n<figure class=\"wp-block-image size-large\"><a href=\"http:\/\/lapidarium.fundacja-hereditas.pl\/wp-content\/uploads\/2022\/10\/Dziubiel_Agnieszka_Warszawa_Hoza_27_przejazd_bramny_klatka_pierwsza_czwarte_pietro_drzwi_04-scaled.jpg\"><img loading=\"lazy\" decoding=\"async\" width=\"1264\" height=\"2560\" data-id=\"12150\" src=\"http:\/\/lapidarium.fundacja-hereditas.pl\/wp-content\/uploads\/2022\/10\/Dziubiel_Agnieszka_Warszawa_Hoza_27_przejazd_bramny_klatka_pierwsza_czwarte_pietro_drzwi_04-scaled.jpg\" alt=\"G\u0142\u00f3wna klatka schodowa. Drzwi do mieszkania. Fot. Agnieszka Dziubiel 2022 r., \u017ar\u00f3d\u0142o: AOD III.\" class=\"wp-image-12150\" srcset=\"http:\/\/lapidarium.fundacja-hereditas.pl\/wp-content\/uploads\/2022\/10\/Dziubiel_Agnieszka_Warszawa_Hoza_27_przejazd_bramny_klatka_pierwsza_czwarte_pietro_drzwi_04-scaled.jpg 1264w, http:\/\/lapidarium.fundacja-hereditas.pl\/wp-content\/uploads\/2022\/10\/Dziubiel_Agnieszka_Warszawa_Hoza_27_przejazd_bramny_klatka_pierwsza_czwarte_pietro_drzwi_04-148x300.jpg 148w, http:\/\/lapidarium.fundacja-hereditas.pl\/wp-content\/uploads\/2022\/10\/Dziubiel_Agnieszka_Warszawa_Hoza_27_przejazd_bramny_klatka_pierwsza_czwarte_pietro_drzwi_04-506x1024.jpg 506w, http:\/\/lapidarium.fundacja-hereditas.pl\/wp-content\/uploads\/2022\/10\/Dziubiel_Agnieszka_Warszawa_Hoza_27_przejazd_bramny_klatka_pierwsza_czwarte_pietro_drzwi_04-768x1555.jpg 768w, http:\/\/lapidarium.fundacja-hereditas.pl\/wp-content\/uploads\/2022\/10\/Dziubiel_Agnieszka_Warszawa_Hoza_27_przejazd_bramny_klatka_pierwsza_czwarte_pietro_drzwi_04-759x1536.jpg 759w, http:\/\/lapidarium.fundacja-hereditas.pl\/wp-content\/uploads\/2022\/10\/Dziubiel_Agnieszka_Warszawa_Hoza_27_przejazd_bramny_klatka_pierwsza_czwarte_pietro_drzwi_04-150x304.jpg 150w, http:\/\/lapidarium.fundacja-hereditas.pl\/wp-content\/uploads\/2022\/10\/Dziubiel_Agnieszka_Warszawa_Hoza_27_przejazd_bramny_klatka_pierwsza_czwarte_pietro_drzwi_04-300x607.jpg 300w, http:\/\/lapidarium.fundacja-hereditas.pl\/wp-content\/uploads\/2022\/10\/Dziubiel_Agnieszka_Warszawa_Hoza_27_przejazd_bramny_klatka_pierwsza_czwarte_pietro_drzwi_04-696x1409.jpg 696w, http:\/\/lapidarium.fundacja-hereditas.pl\/wp-content\/uploads\/2022\/10\/Dziubiel_Agnieszka_Warszawa_Hoza_27_przejazd_bramny_klatka_pierwsza_czwarte_pietro_drzwi_04-1068x2162.jpg 1068w\" sizes=\"auto, (max-width: 1264px) 100vw, 1264px\" \/><\/a><figcaption class=\"wp-element-caption\">G\u0142\u00f3wna klatka schodowa. Drzwi do mieszkania. Fot. Agnieszka Dziubiel 2022 r., \u017ar\u00f3d\u0142o: AOD III.<\/figcaption><\/figure>\n\n\n\n<figure class=\"wp-block-image size-large\"><a href=\"http:\/\/lapidarium.fundacja-hereditas.pl\/wp-content\/uploads\/2022\/10\/Dziubiel_Agnieszka_Warszawa_Hoza_27_przejazd_bramny_klatka_pierwsza_czwarte_pietro_drzwi_03-scaled.jpg\"><img loading=\"lazy\" decoding=\"async\" width=\"2560\" height=\"1292\" data-id=\"12149\" src=\"http:\/\/lapidarium.fundacja-hereditas.pl\/wp-content\/uploads\/2022\/10\/Dziubiel_Agnieszka_Warszawa_Hoza_27_przejazd_bramny_klatka_pierwsza_czwarte_pietro_drzwi_03-scaled.jpg\" alt=\"G\u0142\u00f3wna klatka schodowa. Drzwi do mieszkania. Pozosta\u0142o\u015b\u0107 po gazowym kinkiecie (?) Fot. Agnieszka Dziubiel 2022 r., \u017ar\u00f3d\u0142o: AOD III.\" class=\"wp-image-12149\" srcset=\"http:\/\/lapidarium.fundacja-hereditas.pl\/wp-content\/uploads\/2022\/10\/Dziubiel_Agnieszka_Warszawa_Hoza_27_przejazd_bramny_klatka_pierwsza_czwarte_pietro_drzwi_03-scaled.jpg 2560w, http:\/\/lapidarium.fundacja-hereditas.pl\/wp-content\/uploads\/2022\/10\/Dziubiel_Agnieszka_Warszawa_Hoza_27_przejazd_bramny_klatka_pierwsza_czwarte_pietro_drzwi_03-300x151.jpg 300w, http:\/\/lapidarium.fundacja-hereditas.pl\/wp-content\/uploads\/2022\/10\/Dziubiel_Agnieszka_Warszawa_Hoza_27_przejazd_bramny_klatka_pierwsza_czwarte_pietro_drzwi_03-1024x517.jpg 1024w, http:\/\/lapidarium.fundacja-hereditas.pl\/wp-content\/uploads\/2022\/10\/Dziubiel_Agnieszka_Warszawa_Hoza_27_przejazd_bramny_klatka_pierwsza_czwarte_pietro_drzwi_03-768x388.jpg 768w, http:\/\/lapidarium.fundacja-hereditas.pl\/wp-content\/uploads\/2022\/10\/Dziubiel_Agnieszka_Warszawa_Hoza_27_przejazd_bramny_klatka_pierwsza_czwarte_pietro_drzwi_03-1536x775.jpg 1536w, http:\/\/lapidarium.fundacja-hereditas.pl\/wp-content\/uploads\/2022\/10\/Dziubiel_Agnieszka_Warszawa_Hoza_27_przejazd_bramny_klatka_pierwsza_czwarte_pietro_drzwi_03-2048x1034.jpg 2048w, http:\/\/lapidarium.fundacja-hereditas.pl\/wp-content\/uploads\/2022\/10\/Dziubiel_Agnieszka_Warszawa_Hoza_27_przejazd_bramny_klatka_pierwsza_czwarte_pietro_drzwi_03-150x76.jpg 150w, http:\/\/lapidarium.fundacja-hereditas.pl\/wp-content\/uploads\/2022\/10\/Dziubiel_Agnieszka_Warszawa_Hoza_27_przejazd_bramny_klatka_pierwsza_czwarte_pietro_drzwi_03-696x351.jpg 696w, http:\/\/lapidarium.fundacja-hereditas.pl\/wp-content\/uploads\/2022\/10\/Dziubiel_Agnieszka_Warszawa_Hoza_27_przejazd_bramny_klatka_pierwsza_czwarte_pietro_drzwi_03-1068x539.jpg 1068w, http:\/\/lapidarium.fundacja-hereditas.pl\/wp-content\/uploads\/2022\/10\/Dziubiel_Agnieszka_Warszawa_Hoza_27_przejazd_bramny_klatka_pierwsza_czwarte_pietro_drzwi_03-1920x969.jpg 1920w\" sizes=\"auto, (max-width: 2560px) 100vw, 2560px\" \/><\/a><figcaption class=\"wp-element-caption\">G\u0142\u00f3wna klatka schodowa. Drzwi do mieszkania. Pozosta\u0142o\u015b\u0107 po gazowym kinkiecie (?) Fot. Agnieszka Dziubiel 2022 r., \u017ar\u00f3d\u0142o: AOD III.<\/figcaption><\/figure>\n\n\n\n<figure class=\"wp-block-image size-large\"><a href=\"http:\/\/lapidarium.fundacja-hereditas.pl\/wp-content\/uploads\/2022\/10\/Dziubiel_Agnieszka_Warszawa_Hoza_27_przejazd_bramny_klatka_pierwsza_czwarte_pietro_drzwi_02.jpg\"><img loading=\"lazy\" decoding=\"async\" width=\"1501\" height=\"2212\" data-id=\"12148\" src=\"http:\/\/lapidarium.fundacja-hereditas.pl\/wp-content\/uploads\/2022\/10\/Dziubiel_Agnieszka_Warszawa_Hoza_27_przejazd_bramny_klatka_pierwsza_czwarte_pietro_drzwi_02.jpg\" alt=\"\" class=\"wp-image-12148\" srcset=\"http:\/\/lapidarium.fundacja-hereditas.pl\/wp-content\/uploads\/2022\/10\/Dziubiel_Agnieszka_Warszawa_Hoza_27_przejazd_bramny_klatka_pierwsza_czwarte_pietro_drzwi_02.jpg 1501w, http:\/\/lapidarium.fundacja-hereditas.pl\/wp-content\/uploads\/2022\/10\/Dziubiel_Agnieszka_Warszawa_Hoza_27_przejazd_bramny_klatka_pierwsza_czwarte_pietro_drzwi_02-204x300.jpg 204w, http:\/\/lapidarium.fundacja-hereditas.pl\/wp-content\/uploads\/2022\/10\/Dziubiel_Agnieszka_Warszawa_Hoza_27_przejazd_bramny_klatka_pierwsza_czwarte_pietro_drzwi_02-695x1024.jpg 695w, http:\/\/lapidarium.fundacja-hereditas.pl\/wp-content\/uploads\/2022\/10\/Dziubiel_Agnieszka_Warszawa_Hoza_27_przejazd_bramny_klatka_pierwsza_czwarte_pietro_drzwi_02-768x1132.jpg 768w, http:\/\/lapidarium.fundacja-hereditas.pl\/wp-content\/uploads\/2022\/10\/Dziubiel_Agnieszka_Warszawa_Hoza_27_przejazd_bramny_klatka_pierwsza_czwarte_pietro_drzwi_02-1042x1536.jpg 1042w, http:\/\/lapidarium.fundacja-hereditas.pl\/wp-content\/uploads\/2022\/10\/Dziubiel_Agnieszka_Warszawa_Hoza_27_przejazd_bramny_klatka_pierwsza_czwarte_pietro_drzwi_02-1390x2048.jpg 1390w, http:\/\/lapidarium.fundacja-hereditas.pl\/wp-content\/uploads\/2022\/10\/Dziubiel_Agnieszka_Warszawa_Hoza_27_przejazd_bramny_klatka_pierwsza_czwarte_pietro_drzwi_02-150x221.jpg 150w, http:\/\/lapidarium.fundacja-hereditas.pl\/wp-content\/uploads\/2022\/10\/Dziubiel_Agnieszka_Warszawa_Hoza_27_przejazd_bramny_klatka_pierwsza_czwarte_pietro_drzwi_02-300x442.jpg 300w, http:\/\/lapidarium.fundacja-hereditas.pl\/wp-content\/uploads\/2022\/10\/Dziubiel_Agnieszka_Warszawa_Hoza_27_przejazd_bramny_klatka_pierwsza_czwarte_pietro_drzwi_02-696x1026.jpg 696w, http:\/\/lapidarium.fundacja-hereditas.pl\/wp-content\/uploads\/2022\/10\/Dziubiel_Agnieszka_Warszawa_Hoza_27_przejazd_bramny_klatka_pierwsza_czwarte_pietro_drzwi_02-1068x1574.jpg 1068w\" sizes=\"auto, (max-width: 1501px) 100vw, 1501px\" \/><\/a><\/figure>\n\n\n\n<figure class=\"wp-block-image size-large\"><a href=\"http:\/\/lapidarium.fundacja-hereditas.pl\/wp-content\/uploads\/2022\/10\/BR_Warszawa_ul_Hoza_27_dzwi_wewnetrzne_dzwonek-scaled.jpg\"><img loading=\"lazy\" decoding=\"async\" width=\"1966\" height=\"2560\" data-id=\"12147\" src=\"http:\/\/lapidarium.fundacja-hereditas.pl\/wp-content\/uploads\/2022\/10\/BR_Warszawa_ul_Hoza_27_dzwi_wewnetrzne_dzwonek-scaled.jpg\" alt=\"\" class=\"wp-image-12147\" srcset=\"http:\/\/lapidarium.fundacja-hereditas.pl\/wp-content\/uploads\/2022\/10\/BR_Warszawa_ul_Hoza_27_dzwi_wewnetrzne_dzwonek-scaled.jpg 1966w, http:\/\/lapidarium.fundacja-hereditas.pl\/wp-content\/uploads\/2022\/10\/BR_Warszawa_ul_Hoza_27_dzwi_wewnetrzne_dzwonek-230x300.jpg 230w, http:\/\/lapidarium.fundacja-hereditas.pl\/wp-content\/uploads\/2022\/10\/BR_Warszawa_ul_Hoza_27_dzwi_wewnetrzne_dzwonek-786x1024.jpg 786w, http:\/\/lapidarium.fundacja-hereditas.pl\/wp-content\/uploads\/2022\/10\/BR_Warszawa_ul_Hoza_27_dzwi_wewnetrzne_dzwonek-768x1000.jpg 768w, http:\/\/lapidarium.fundacja-hereditas.pl\/wp-content\/uploads\/2022\/10\/BR_Warszawa_ul_Hoza_27_dzwi_wewnetrzne_dzwonek-1180x1536.jpg 1180w, http:\/\/lapidarium.fundacja-hereditas.pl\/wp-content\/uploads\/2022\/10\/BR_Warszawa_ul_Hoza_27_dzwi_wewnetrzne_dzwonek-1573x2048.jpg 1573w, http:\/\/lapidarium.fundacja-hereditas.pl\/wp-content\/uploads\/2022\/10\/BR_Warszawa_ul_Hoza_27_dzwi_wewnetrzne_dzwonek-150x195.jpg 150w, http:\/\/lapidarium.fundacja-hereditas.pl\/wp-content\/uploads\/2022\/10\/BR_Warszawa_ul_Hoza_27_dzwi_wewnetrzne_dzwonek-300x391.jpg 300w, http:\/\/lapidarium.fundacja-hereditas.pl\/wp-content\/uploads\/2022\/10\/BR_Warszawa_ul_Hoza_27_dzwi_wewnetrzne_dzwonek-696x906.jpg 696w, http:\/\/lapidarium.fundacja-hereditas.pl\/wp-content\/uploads\/2022\/10\/BR_Warszawa_ul_Hoza_27_dzwi_wewnetrzne_dzwonek-1068x1391.jpg 1068w, http:\/\/lapidarium.fundacja-hereditas.pl\/wp-content\/uploads\/2022\/10\/BR_Warszawa_ul_Hoza_27_dzwi_wewnetrzne_dzwonek-1920x2500.jpg 1920w\" sizes=\"auto, (max-width: 1966px) 100vw, 1966px\" \/><\/a><\/figure>\n\n\n\n<figure class=\"wp-block-image size-large\"><a href=\"http:\/\/lapidarium.fundacja-hereditas.pl\/wp-content\/uploads\/2022\/10\/BR_Warszawa_ul_Hoza_27_drzwi_02_detal-scaled.jpg\"><img loading=\"lazy\" decoding=\"async\" width=\"2560\" height=\"1896\" data-id=\"12146\" src=\"http:\/\/lapidarium.fundacja-hereditas.pl\/wp-content\/uploads\/2022\/10\/BR_Warszawa_ul_Hoza_27_drzwi_02_detal-scaled.jpg\" alt=\"G\u0142\u00f3wna klatka schodowa. Drzwi do mieszkania. Pozosta\u0142o\u015b\u0107 po gazowym kinkiecie (?) Fot. Bo\u017cena Rudzisz 2022 r., \u017ar\u00f3d\u0142o: AOD III.\" class=\"wp-image-12146\" srcset=\"http:\/\/lapidarium.fundacja-hereditas.pl\/wp-content\/uploads\/2022\/10\/BR_Warszawa_ul_Hoza_27_drzwi_02_detal-scaled.jpg 2560w, http:\/\/lapidarium.fundacja-hereditas.pl\/wp-content\/uploads\/2022\/10\/BR_Warszawa_ul_Hoza_27_drzwi_02_detal-300x222.jpg 300w, http:\/\/lapidarium.fundacja-hereditas.pl\/wp-content\/uploads\/2022\/10\/BR_Warszawa_ul_Hoza_27_drzwi_02_detal-1024x759.jpg 1024w, http:\/\/lapidarium.fundacja-hereditas.pl\/wp-content\/uploads\/2022\/10\/BR_Warszawa_ul_Hoza_27_drzwi_02_detal-768x569.jpg 768w, http:\/\/lapidarium.fundacja-hereditas.pl\/wp-content\/uploads\/2022\/10\/BR_Warszawa_ul_Hoza_27_drzwi_02_detal-1536x1138.jpg 1536w, http:\/\/lapidarium.fundacja-hereditas.pl\/wp-content\/uploads\/2022\/10\/BR_Warszawa_ul_Hoza_27_drzwi_02_detal-2048x1517.jpg 2048w, http:\/\/lapidarium.fundacja-hereditas.pl\/wp-content\/uploads\/2022\/10\/BR_Warszawa_ul_Hoza_27_drzwi_02_detal-150x111.jpg 150w, http:\/\/lapidarium.fundacja-hereditas.pl\/wp-content\/uploads\/2022\/10\/BR_Warszawa_ul_Hoza_27_drzwi_02_detal-485x360.jpg 485w, http:\/\/lapidarium.fundacja-hereditas.pl\/wp-content\/uploads\/2022\/10\/BR_Warszawa_ul_Hoza_27_drzwi_02_detal-696x516.jpg 696w, http:\/\/lapidarium.fundacja-hereditas.pl\/wp-content\/uploads\/2022\/10\/BR_Warszawa_ul_Hoza_27_drzwi_02_detal-1068x791.jpg 1068w, http:\/\/lapidarium.fundacja-hereditas.pl\/wp-content\/uploads\/2022\/10\/BR_Warszawa_ul_Hoza_27_drzwi_02_detal-1920x1422.jpg 1920w\" sizes=\"auto, (max-width: 2560px) 100vw, 2560px\" \/><\/a><figcaption class=\"wp-element-caption\">G\u0142\u00f3wna klatka schodowa. Drzwi do mieszkania. Pozosta\u0142o\u015b\u0107 po gazowym kinkiecie (?) Fot. Bo\u017cena Rudzisz 2022 r., \u017ar\u00f3d\u0142o: AOD III.<\/figcaption><\/figure>\n\n\n\n<figure class=\"wp-block-image size-large\"><a href=\"http:\/\/lapidarium.fundacja-hereditas.pl\/wp-content\/uploads\/2022\/10\/Aga_Sienk_ul_Hoza_27_podworze_V_klatka_balustrada_schodow-4-scaled.jpg\"><img loading=\"lazy\" decoding=\"async\" width=\"1931\" height=\"2560\" data-id=\"12144\" src=\"http:\/\/lapidarium.fundacja-hereditas.pl\/wp-content\/uploads\/2022\/10\/Aga_Sienk_ul_Hoza_27_podworze_V_klatka_balustrada_schodow-4-scaled.jpg\" alt=\"G\u0142\u00f3wna klatka schodowa. Zakr\u0119t balustrady na spoczniku. Fot. Agnieszka Sienkiewicz 2022 r., \u017ar\u00f3d\u0142o: AOD III.\" class=\"wp-image-12144\" srcset=\"http:\/\/lapidarium.fundacja-hereditas.pl\/wp-content\/uploads\/2022\/10\/Aga_Sienk_ul_Hoza_27_podworze_V_klatka_balustrada_schodow-4-scaled.jpg 1931w, http:\/\/lapidarium.fundacja-hereditas.pl\/wp-content\/uploads\/2022\/10\/Aga_Sienk_ul_Hoza_27_podworze_V_klatka_balustrada_schodow-4-226x300.jpg 226w, http:\/\/lapidarium.fundacja-hereditas.pl\/wp-content\/uploads\/2022\/10\/Aga_Sienk_ul_Hoza_27_podworze_V_klatka_balustrada_schodow-4-772x1024.jpg 772w, http:\/\/lapidarium.fundacja-hereditas.pl\/wp-content\/uploads\/2022\/10\/Aga_Sienk_ul_Hoza_27_podworze_V_klatka_balustrada_schodow-4-768x1018.jpg 768w, http:\/\/lapidarium.fundacja-hereditas.pl\/wp-content\/uploads\/2022\/10\/Aga_Sienk_ul_Hoza_27_podworze_V_klatka_balustrada_schodow-4-1159x1536.jpg 1159w, http:\/\/lapidarium.fundacja-hereditas.pl\/wp-content\/uploads\/2022\/10\/Aga_Sienk_ul_Hoza_27_podworze_V_klatka_balustrada_schodow-4-1545x2048.jpg 1545w, http:\/\/lapidarium.fundacja-hereditas.pl\/wp-content\/uploads\/2022\/10\/Aga_Sienk_ul_Hoza_27_podworze_V_klatka_balustrada_schodow-4-150x199.jpg 150w, http:\/\/lapidarium.fundacja-hereditas.pl\/wp-content\/uploads\/2022\/10\/Aga_Sienk_ul_Hoza_27_podworze_V_klatka_balustrada_schodow-4-300x398.jpg 300w, http:\/\/lapidarium.fundacja-hereditas.pl\/wp-content\/uploads\/2022\/10\/Aga_Sienk_ul_Hoza_27_podworze_V_klatka_balustrada_schodow-4-696x923.jpg 696w, http:\/\/lapidarium.fundacja-hereditas.pl\/wp-content\/uploads\/2022\/10\/Aga_Sienk_ul_Hoza_27_podworze_V_klatka_balustrada_schodow-4-1068x1416.jpg 1068w, http:\/\/lapidarium.fundacja-hereditas.pl\/wp-content\/uploads\/2022\/10\/Aga_Sienk_ul_Hoza_27_podworze_V_klatka_balustrada_schodow-4-1920x2546.jpg 1920w\" sizes=\"auto, (max-width: 1931px) 100vw, 1931px\" \/><\/a><figcaption class=\"wp-element-caption\">G\u0142\u00f3wna klatka schodowa. Zakr\u0119t balustrady na spoczniku. Fot. Agnieszka Sienkiewicz 2022 r., \u017ar\u00f3d\u0142o: AOD III.<\/figcaption><\/figure>\n\n\n\n<figure class=\"wp-block-image size-large\"><a href=\"http:\/\/lapidarium.fundacja-hereditas.pl\/wp-content\/uploads\/2022\/10\/Wojciech_Kmiec_Hoza_27_klatka_5_schody_rozeta.jpg\"><img loading=\"lazy\" decoding=\"async\" width=\"2075\" height=\"1441\" data-id=\"12140\" src=\"http:\/\/lapidarium.fundacja-hereditas.pl\/wp-content\/uploads\/2022\/10\/Wojciech_Kmiec_Hoza_27_klatka_5_schody_rozeta.jpg\" alt=\"Klatka V. Rozeta r\u017cni\u0119ta na boku schod\u00f3w. Fot. Wojciech Kmie\u0107 2022 r., \u017ar\u00f3d\u0142o: AOD III.\" class=\"wp-image-12140\" srcset=\"http:\/\/lapidarium.fundacja-hereditas.pl\/wp-content\/uploads\/2022\/10\/Wojciech_Kmiec_Hoza_27_klatka_5_schody_rozeta.jpg 2075w, http:\/\/lapidarium.fundacja-hereditas.pl\/wp-content\/uploads\/2022\/10\/Wojciech_Kmiec_Hoza_27_klatka_5_schody_rozeta-300x208.jpg 300w, http:\/\/lapidarium.fundacja-hereditas.pl\/wp-content\/uploads\/2022\/10\/Wojciech_Kmiec_Hoza_27_klatka_5_schody_rozeta-1024x711.jpg 1024w, http:\/\/lapidarium.fundacja-hereditas.pl\/wp-content\/uploads\/2022\/10\/Wojciech_Kmiec_Hoza_27_klatka_5_schody_rozeta-768x533.jpg 768w, http:\/\/lapidarium.fundacja-hereditas.pl\/wp-content\/uploads\/2022\/10\/Wojciech_Kmiec_Hoza_27_klatka_5_schody_rozeta-1536x1067.jpg 1536w, http:\/\/lapidarium.fundacja-hereditas.pl\/wp-content\/uploads\/2022\/10\/Wojciech_Kmiec_Hoza_27_klatka_5_schody_rozeta-2048x1422.jpg 2048w, http:\/\/lapidarium.fundacja-hereditas.pl\/wp-content\/uploads\/2022\/10\/Wojciech_Kmiec_Hoza_27_klatka_5_schody_rozeta-150x104.jpg 150w, http:\/\/lapidarium.fundacja-hereditas.pl\/wp-content\/uploads\/2022\/10\/Wojciech_Kmiec_Hoza_27_klatka_5_schody_rozeta-218x150.jpg 218w, http:\/\/lapidarium.fundacja-hereditas.pl\/wp-content\/uploads\/2022\/10\/Wojciech_Kmiec_Hoza_27_klatka_5_schody_rozeta-696x483.jpg 696w, http:\/\/lapidarium.fundacja-hereditas.pl\/wp-content\/uploads\/2022\/10\/Wojciech_Kmiec_Hoza_27_klatka_5_schody_rozeta-1068x742.jpg 1068w, http:\/\/lapidarium.fundacja-hereditas.pl\/wp-content\/uploads\/2022\/10\/Wojciech_Kmiec_Hoza_27_klatka_5_schody_rozeta-1920x1333.jpg 1920w\" sizes=\"auto, (max-width: 2075px) 100vw, 2075px\" \/><\/a><figcaption class=\"wp-element-caption\">Klatka V. Rozeta r\u017cni\u0119ta na boku schod\u00f3w. Fot. Wojciech Kmie\u0107 2022 r., \u017ar\u00f3d\u0142o: AOD III.<\/figcaption><\/figure>\n\n\n\n<figure class=\"wp-block-image size-large\"><a href=\"http:\/\/lapidarium.fundacja-hereditas.pl\/wp-content\/uploads\/2022\/10\/Wojciech_Kmiec_Hoza_27_klatka_2_schody_14-scaled.jpg\"><img loading=\"lazy\" decoding=\"async\" width=\"1933\" height=\"2560\" data-id=\"12139\" src=\"http:\/\/lapidarium.fundacja-hereditas.pl\/wp-content\/uploads\/2022\/10\/Wojciech_Kmiec_Hoza_27_klatka_2_schody_14-scaled.jpg\" alt=\"Klatka II - kuchenna. Drewniane schody. Fot. Wojciech Kmie\u0107 2022 r., \u017ar\u00f3d\u0142o: AOD III.\" class=\"wp-image-12139\" srcset=\"http:\/\/lapidarium.fundacja-hereditas.pl\/wp-content\/uploads\/2022\/10\/Wojciech_Kmiec_Hoza_27_klatka_2_schody_14-scaled.jpg 1933w, http:\/\/lapidarium.fundacja-hereditas.pl\/wp-content\/uploads\/2022\/10\/Wojciech_Kmiec_Hoza_27_klatka_2_schody_14-227x300.jpg 227w, http:\/\/lapidarium.fundacja-hereditas.pl\/wp-content\/uploads\/2022\/10\/Wojciech_Kmiec_Hoza_27_klatka_2_schody_14-773x1024.jpg 773w, http:\/\/lapidarium.fundacja-hereditas.pl\/wp-content\/uploads\/2022\/10\/Wojciech_Kmiec_Hoza_27_klatka_2_schody_14-768x1017.jpg 768w, http:\/\/lapidarium.fundacja-hereditas.pl\/wp-content\/uploads\/2022\/10\/Wojciech_Kmiec_Hoza_27_klatka_2_schody_14-1160x1536.jpg 1160w, http:\/\/lapidarium.fundacja-hereditas.pl\/wp-content\/uploads\/2022\/10\/Wojciech_Kmiec_Hoza_27_klatka_2_schody_14-1546x2048.jpg 1546w, http:\/\/lapidarium.fundacja-hereditas.pl\/wp-content\/uploads\/2022\/10\/Wojciech_Kmiec_Hoza_27_klatka_2_schody_14-150x199.jpg 150w, http:\/\/lapidarium.fundacja-hereditas.pl\/wp-content\/uploads\/2022\/10\/Wojciech_Kmiec_Hoza_27_klatka_2_schody_14-300x397.jpg 300w\" sizes=\"auto, (max-width: 1933px) 100vw, 1933px\" \/><\/a><figcaption class=\"wp-element-caption\">Klatka II &#8211; kuchenna. Drewniane schody. Fot. Wojciech Kmie\u0107 2022 r., \u017ar\u00f3d\u0142o: AOD III.<\/figcaption><\/figure>\n\n\n\n<figure class=\"wp-block-image size-large\"><a href=\"http:\/\/lapidarium.fundacja-hereditas.pl\/wp-content\/uploads\/2022\/10\/Wojciech_Kmiec_Hoza_27_klatka_2_schody_9-scaled.jpg\"><img loading=\"lazy\" decoding=\"async\" width=\"1882\" height=\"2560\" data-id=\"12138\" src=\"http:\/\/lapidarium.fundacja-hereditas.pl\/wp-content\/uploads\/2022\/10\/Wojciech_Kmiec_Hoza_27_klatka_2_schody_9-scaled.jpg\" alt=\"Klatka II - kuchenna. Drewniane schody. Fot. Wojciech Kmie\u0107 2022 r., \u017ar\u00f3d\u0142o: AOD III.\" class=\"wp-image-12138\" srcset=\"http:\/\/lapidarium.fundacja-hereditas.pl\/wp-content\/uploads\/2022\/10\/Wojciech_Kmiec_Hoza_27_klatka_2_schody_9-scaled.jpg 1882w, http:\/\/lapidarium.fundacja-hereditas.pl\/wp-content\/uploads\/2022\/10\/Wojciech_Kmiec_Hoza_27_klatka_2_schody_9-221x300.jpg 221w, http:\/\/lapidarium.fundacja-hereditas.pl\/wp-content\/uploads\/2022\/10\/Wojciech_Kmiec_Hoza_27_klatka_2_schody_9-753x1024.jpg 753w, http:\/\/lapidarium.fundacja-hereditas.pl\/wp-content\/uploads\/2022\/10\/Wojciech_Kmiec_Hoza_27_klatka_2_schody_9-768x1045.jpg 768w, http:\/\/lapidarium.fundacja-hereditas.pl\/wp-content\/uploads\/2022\/10\/Wojciech_Kmiec_Hoza_27_klatka_2_schody_9-1129x1536.jpg 1129w, http:\/\/lapidarium.fundacja-hereditas.pl\/wp-content\/uploads\/2022\/10\/Wojciech_Kmiec_Hoza_27_klatka_2_schody_9-1505x2048.jpg 1505w, http:\/\/lapidarium.fundacja-hereditas.pl\/wp-content\/uploads\/2022\/10\/Wojciech_Kmiec_Hoza_27_klatka_2_schody_9-150x204.jpg 150w, http:\/\/lapidarium.fundacja-hereditas.pl\/wp-content\/uploads\/2022\/10\/Wojciech_Kmiec_Hoza_27_klatka_2_schody_9-300x408.jpg 300w, http:\/\/lapidarium.fundacja-hereditas.pl\/wp-content\/uploads\/2022\/10\/Wojciech_Kmiec_Hoza_27_klatka_2_schody_9-696x947.jpg 696w, http:\/\/lapidarium.fundacja-hereditas.pl\/wp-content\/uploads\/2022\/10\/Wojciech_Kmiec_Hoza_27_klatka_2_schody_9-1068x1453.jpg 1068w, http:\/\/lapidarium.fundacja-hereditas.pl\/wp-content\/uploads\/2022\/10\/Wojciech_Kmiec_Hoza_27_klatka_2_schody_9-1920x2612.jpg 1920w\" sizes=\"auto, (max-width: 1882px) 100vw, 1882px\" \/><\/a><figcaption class=\"wp-element-caption\">Klatka II &#8211; kuchenna. Drewniane schody. Fot. Wojciech Kmie\u0107 2022 r., \u017ar\u00f3d\u0142o: AOD III.<\/figcaption><\/figure>\n\n\n\n<figure class=\"wp-block-image size-large\"><a href=\"http:\/\/lapidarium.fundacja-hereditas.pl\/wp-content\/uploads\/2022\/10\/Wojciech_Kmiec_Hoza_27_klatka_2_schody_5-scaled.jpg\"><img loading=\"lazy\" decoding=\"async\" width=\"1895\" height=\"2560\" data-id=\"12137\" src=\"http:\/\/lapidarium.fundacja-hereditas.pl\/wp-content\/uploads\/2022\/10\/Wojciech_Kmiec_Hoza_27_klatka_2_schody_5-scaled.jpg\" alt=\"Klatka II - kuchenna. Drewniane schody. Ostatnie pi\u0119tro. Fot. Wojciech Kmie\u0107 2022 r., \u017ar\u00f3d\u0142o: AOD III.\" class=\"wp-image-12137\" srcset=\"http:\/\/lapidarium.fundacja-hereditas.pl\/wp-content\/uploads\/2022\/10\/Wojciech_Kmiec_Hoza_27_klatka_2_schody_5-scaled.jpg 1895w, http:\/\/lapidarium.fundacja-hereditas.pl\/wp-content\/uploads\/2022\/10\/Wojciech_Kmiec_Hoza_27_klatka_2_schody_5-222x300.jpg 222w, http:\/\/lapidarium.fundacja-hereditas.pl\/wp-content\/uploads\/2022\/10\/Wojciech_Kmiec_Hoza_27_klatka_2_schody_5-758x1024.jpg 758w, http:\/\/lapidarium.fundacja-hereditas.pl\/wp-content\/uploads\/2022\/10\/Wojciech_Kmiec_Hoza_27_klatka_2_schody_5-768x1038.jpg 768w, http:\/\/lapidarium.fundacja-hereditas.pl\/wp-content\/uploads\/2022\/10\/Wojciech_Kmiec_Hoza_27_klatka_2_schody_5-1137x1536.jpg 1137w, http:\/\/lapidarium.fundacja-hereditas.pl\/wp-content\/uploads\/2022\/10\/Wojciech_Kmiec_Hoza_27_klatka_2_schody_5-1516x2048.jpg 1516w, http:\/\/lapidarium.fundacja-hereditas.pl\/wp-content\/uploads\/2022\/10\/Wojciech_Kmiec_Hoza_27_klatka_2_schody_5-150x203.jpg 150w, http:\/\/lapidarium.fundacja-hereditas.pl\/wp-content\/uploads\/2022\/10\/Wojciech_Kmiec_Hoza_27_klatka_2_schody_5-300x405.jpg 300w, http:\/\/lapidarium.fundacja-hereditas.pl\/wp-content\/uploads\/2022\/10\/Wojciech_Kmiec_Hoza_27_klatka_2_schody_5-696x940.jpg 696w, http:\/\/lapidarium.fundacja-hereditas.pl\/wp-content\/uploads\/2022\/10\/Wojciech_Kmiec_Hoza_27_klatka_2_schody_5-1068x1443.jpg 1068w, http:\/\/lapidarium.fundacja-hereditas.pl\/wp-content\/uploads\/2022\/10\/Wojciech_Kmiec_Hoza_27_klatka_2_schody_5-1920x2594.jpg 1920w\" sizes=\"auto, (max-width: 1895px) 100vw, 1895px\" \/><\/a><figcaption class=\"wp-element-caption\">Klatka II &#8211; kuchenna. Drewniane schody. Ostatnie pi\u0119tro. Fot. Wojciech Kmie\u0107 2022 r., \u017ar\u00f3d\u0142o: AOD III.<\/figcaption><\/figure>\n\n\n\n<figure class=\"wp-block-image size-large\"><a href=\"http:\/\/lapidarium.fundacja-hereditas.pl\/wp-content\/uploads\/2022\/10\/Wojciech_Kmiec_Hoza_27_klatka_2_schody-scaled.jpg\"><img loading=\"lazy\" decoding=\"async\" width=\"1930\" height=\"2560\" data-id=\"12135\" src=\"http:\/\/lapidarium.fundacja-hereditas.pl\/wp-content\/uploads\/2022\/10\/Wojciech_Kmiec_Hoza_27_klatka_2_schody-scaled.jpg\" alt=\"Klatka II - kuchenna. Drewniane schody. Ostatnie pi\u0119tro. Fot. Wojciech Kmie\u0107 2022 r., \u017ar\u00f3d\u0142o: AOD III.\" class=\"wp-image-12135\" srcset=\"http:\/\/lapidarium.fundacja-hereditas.pl\/wp-content\/uploads\/2022\/10\/Wojciech_Kmiec_Hoza_27_klatka_2_schody-scaled.jpg 1930w, http:\/\/lapidarium.fundacja-hereditas.pl\/wp-content\/uploads\/2022\/10\/Wojciech_Kmiec_Hoza_27_klatka_2_schody-226x300.jpg 226w, http:\/\/lapidarium.fundacja-hereditas.pl\/wp-content\/uploads\/2022\/10\/Wojciech_Kmiec_Hoza_27_klatka_2_schody-772x1024.jpg 772w, http:\/\/lapidarium.fundacja-hereditas.pl\/wp-content\/uploads\/2022\/10\/Wojciech_Kmiec_Hoza_27_klatka_2_schody-768x1019.jpg 768w, http:\/\/lapidarium.fundacja-hereditas.pl\/wp-content\/uploads\/2022\/10\/Wojciech_Kmiec_Hoza_27_klatka_2_schody-1158x1536.jpg 1158w, http:\/\/lapidarium.fundacja-hereditas.pl\/wp-content\/uploads\/2022\/10\/Wojciech_Kmiec_Hoza_27_klatka_2_schody-1544x2048.jpg 1544w, http:\/\/lapidarium.fundacja-hereditas.pl\/wp-content\/uploads\/2022\/10\/Wojciech_Kmiec_Hoza_27_klatka_2_schody-150x199.jpg 150w, http:\/\/lapidarium.fundacja-hereditas.pl\/wp-content\/uploads\/2022\/10\/Wojciech_Kmiec_Hoza_27_klatka_2_schody-300x398.jpg 300w, http:\/\/lapidarium.fundacja-hereditas.pl\/wp-content\/uploads\/2022\/10\/Wojciech_Kmiec_Hoza_27_klatka_2_schody-696x923.jpg 696w, http:\/\/lapidarium.fundacja-hereditas.pl\/wp-content\/uploads\/2022\/10\/Wojciech_Kmiec_Hoza_27_klatka_2_schody-1068x1417.jpg 1068w, http:\/\/lapidarium.fundacja-hereditas.pl\/wp-content\/uploads\/2022\/10\/Wojciech_Kmiec_Hoza_27_klatka_2_schody-1920x2547.jpg 1920w\" sizes=\"auto, (max-width: 1930px) 100vw, 1930px\" \/><\/a><figcaption class=\"wp-element-caption\">Klatka II &#8211; kuchenna. Drewniane schody. Ostatnie pi\u0119tro. Fot. Wojciech Kmie\u0107 2022 r., \u017ar\u00f3d\u0142o: AOD III.<\/figcaption><\/figure>\n\n\n\n<figure class=\"wp-block-image size-large\"><a href=\"http:\/\/lapidarium.fundacja-hereditas.pl\/wp-content\/uploads\/2022\/10\/Hoza_27_Warszawa_2klatka_schodowa_poczatek_balustrady_schodow1_Maksymiuk_Malgorzata-scaled.jpg\"><img loading=\"lazy\" decoding=\"async\" width=\"1912\" height=\"2560\" data-id=\"12134\" src=\"http:\/\/lapidarium.fundacja-hereditas.pl\/wp-content\/uploads\/2022\/10\/Hoza_27_Warszawa_2klatka_schodowa_poczatek_balustrady_schodow1_Maksymiuk_Malgorzata-scaled.jpg\" alt=\"Klatka II - kuchenna. Drewniane schody. Parter. Fot. Ma\u0142gorzata Maksymiuk 2022 r., \u017ar\u00f3d\u0142o: AOD III.\" class=\"wp-image-12134\" srcset=\"http:\/\/lapidarium.fundacja-hereditas.pl\/wp-content\/uploads\/2022\/10\/Hoza_27_Warszawa_2klatka_schodowa_poczatek_balustrady_schodow1_Maksymiuk_Malgorzata-scaled.jpg 1912w, http:\/\/lapidarium.fundacja-hereditas.pl\/wp-content\/uploads\/2022\/10\/Hoza_27_Warszawa_2klatka_schodowa_poczatek_balustrady_schodow1_Maksymiuk_Malgorzata-224x300.jpg 224w, http:\/\/lapidarium.fundacja-hereditas.pl\/wp-content\/uploads\/2022\/10\/Hoza_27_Warszawa_2klatka_schodowa_poczatek_balustrady_schodow1_Maksymiuk_Malgorzata-765x1024.jpg 765w, http:\/\/lapidarium.fundacja-hereditas.pl\/wp-content\/uploads\/2022\/10\/Hoza_27_Warszawa_2klatka_schodowa_poczatek_balustrady_schodow1_Maksymiuk_Malgorzata-768x1028.jpg 768w, http:\/\/lapidarium.fundacja-hereditas.pl\/wp-content\/uploads\/2022\/10\/Hoza_27_Warszawa_2klatka_schodowa_poczatek_balustrady_schodow1_Maksymiuk_Malgorzata-1147x1536.jpg 1147w, http:\/\/lapidarium.fundacja-hereditas.pl\/wp-content\/uploads\/2022\/10\/Hoza_27_Warszawa_2klatka_schodowa_poczatek_balustrady_schodow1_Maksymiuk_Malgorzata-1529x2048.jpg 1529w, http:\/\/lapidarium.fundacja-hereditas.pl\/wp-content\/uploads\/2022\/10\/Hoza_27_Warszawa_2klatka_schodowa_poczatek_balustrady_schodow1_Maksymiuk_Malgorzata-150x201.jpg 150w, http:\/\/lapidarium.fundacja-hereditas.pl\/wp-content\/uploads\/2022\/10\/Hoza_27_Warszawa_2klatka_schodowa_poczatek_balustrady_schodow1_Maksymiuk_Malgorzata-300x402.jpg 300w, http:\/\/lapidarium.fundacja-hereditas.pl\/wp-content\/uploads\/2022\/10\/Hoza_27_Warszawa_2klatka_schodowa_poczatek_balustrady_schodow1_Maksymiuk_Malgorzata-696x932.jpg 696w, http:\/\/lapidarium.fundacja-hereditas.pl\/wp-content\/uploads\/2022\/10\/Hoza_27_Warszawa_2klatka_schodowa_poczatek_balustrady_schodow1_Maksymiuk_Malgorzata-1068x1430.jpg 1068w, http:\/\/lapidarium.fundacja-hereditas.pl\/wp-content\/uploads\/2022\/10\/Hoza_27_Warszawa_2klatka_schodowa_poczatek_balustrady_schodow1_Maksymiuk_Malgorzata-1920x2571.jpg 1920w\" sizes=\"auto, (max-width: 1912px) 100vw, 1912px\" \/><\/a><figcaption class=\"wp-element-caption\">Klatka II &#8211; kuchenna. Drewniane schody. Parter. Fot. Ma\u0142gorzata Maksymiuk 2022 r., \u017ar\u00f3d\u0142o: AOD III.<\/figcaption><\/figure>\n\n\n\n<figure class=\"wp-block-image size-large\"><a href=\"http:\/\/lapidarium.fundacja-hereditas.pl\/wp-content\/uploads\/2022\/10\/Dziubiel_Agnieszka_Warszawa_Hoza_27_klatka_druga_drzwi_08-scaled.jpg\"><img loading=\"lazy\" decoding=\"async\" width=\"1213\" height=\"2560\" data-id=\"12132\" src=\"http:\/\/lapidarium.fundacja-hereditas.pl\/wp-content\/uploads\/2022\/10\/Dziubiel_Agnieszka_Warszawa_Hoza_27_klatka_druga_drzwi_08-scaled.jpg\" alt=\"Klatka II - kuchenna. Drewniane schody. Ostatnie pi\u0119tro. Drzwi na strych. Fot. Agnieszka Dziubiel 2022 r., \u017ar\u00f3d\u0142o: AOD III.\" class=\"wp-image-12132\" srcset=\"http:\/\/lapidarium.fundacja-hereditas.pl\/wp-content\/uploads\/2022\/10\/Dziubiel_Agnieszka_Warszawa_Hoza_27_klatka_druga_drzwi_08-scaled.jpg 1213w, http:\/\/lapidarium.fundacja-hereditas.pl\/wp-content\/uploads\/2022\/10\/Dziubiel_Agnieszka_Warszawa_Hoza_27_klatka_druga_drzwi_08-142x300.jpg 142w, http:\/\/lapidarium.fundacja-hereditas.pl\/wp-content\/uploads\/2022\/10\/Dziubiel_Agnieszka_Warszawa_Hoza_27_klatka_druga_drzwi_08-485x1024.jpg 485w, http:\/\/lapidarium.fundacja-hereditas.pl\/wp-content\/uploads\/2022\/10\/Dziubiel_Agnieszka_Warszawa_Hoza_27_klatka_druga_drzwi_08-768x1620.jpg 768w, http:\/\/lapidarium.fundacja-hereditas.pl\/wp-content\/uploads\/2022\/10\/Dziubiel_Agnieszka_Warszawa_Hoza_27_klatka_druga_drzwi_08-728x1536.jpg 728w, http:\/\/lapidarium.fundacja-hereditas.pl\/wp-content\/uploads\/2022\/10\/Dziubiel_Agnieszka_Warszawa_Hoza_27_klatka_druga_drzwi_08-971x2048.jpg 971w, http:\/\/lapidarium.fundacja-hereditas.pl\/wp-content\/uploads\/2022\/10\/Dziubiel_Agnieszka_Warszawa_Hoza_27_klatka_druga_drzwi_08-150x316.jpg 150w, http:\/\/lapidarium.fundacja-hereditas.pl\/wp-content\/uploads\/2022\/10\/Dziubiel_Agnieszka_Warszawa_Hoza_27_klatka_druga_drzwi_08-300x633.jpg 300w, http:\/\/lapidarium.fundacja-hereditas.pl\/wp-content\/uploads\/2022\/10\/Dziubiel_Agnieszka_Warszawa_Hoza_27_klatka_druga_drzwi_08-696x1469.jpg 696w, http:\/\/lapidarium.fundacja-hereditas.pl\/wp-content\/uploads\/2022\/10\/Dziubiel_Agnieszka_Warszawa_Hoza_27_klatka_druga_drzwi_08-1068x2253.jpg 1068w\" sizes=\"auto, (max-width: 1213px) 100vw, 1213px\" \/><\/a><figcaption class=\"wp-element-caption\">Klatka II &#8211; kuchenna. Drewniane schody. Ostatnie pi\u0119tro. Drzwi na strych. Fot. Agnieszka Dziubiel 2022 r., \u017ar\u00f3d\u0142o: AOD III.<\/figcaption><\/figure>\n\n\n\n<figure class=\"wp-block-image size-large\"><a href=\"http:\/\/lapidarium.fundacja-hereditas.pl\/wp-content\/uploads\/2022\/10\/32_Chodowiec_Mariusz_Warszawa_ul_Hoza_27_oficyna_balustrada-scaled.jpg\"><img loading=\"lazy\" decoding=\"async\" width=\"1937\" height=\"2560\" data-id=\"12131\" src=\"http:\/\/lapidarium.fundacja-hereditas.pl\/wp-content\/uploads\/2022\/10\/32_Chodowiec_Mariusz_Warszawa_ul_Hoza_27_oficyna_balustrada-scaled.jpg\" alt=\"Klatka II - kuchenna. Drewniane schody. R\u017cni\u0119ta rozeta. Fot. Mariusz Chodowiec 2022 r., \u017ar\u00f3d\u0142o: AOD III.\" class=\"wp-image-12131\" srcset=\"http:\/\/lapidarium.fundacja-hereditas.pl\/wp-content\/uploads\/2022\/10\/32_Chodowiec_Mariusz_Warszawa_ul_Hoza_27_oficyna_balustrada-scaled.jpg 1937w, http:\/\/lapidarium.fundacja-hereditas.pl\/wp-content\/uploads\/2022\/10\/32_Chodowiec_Mariusz_Warszawa_ul_Hoza_27_oficyna_balustrada-227x300.jpg 227w, http:\/\/lapidarium.fundacja-hereditas.pl\/wp-content\/uploads\/2022\/10\/32_Chodowiec_Mariusz_Warszawa_ul_Hoza_27_oficyna_balustrada-775x1024.jpg 775w, http:\/\/lapidarium.fundacja-hereditas.pl\/wp-content\/uploads\/2022\/10\/32_Chodowiec_Mariusz_Warszawa_ul_Hoza_27_oficyna_balustrada-768x1015.jpg 768w, http:\/\/lapidarium.fundacja-hereditas.pl\/wp-content\/uploads\/2022\/10\/32_Chodowiec_Mariusz_Warszawa_ul_Hoza_27_oficyna_balustrada-1162x1536.jpg 1162w, http:\/\/lapidarium.fundacja-hereditas.pl\/wp-content\/uploads\/2022\/10\/32_Chodowiec_Mariusz_Warszawa_ul_Hoza_27_oficyna_balustrada-1550x2048.jpg 1550w, http:\/\/lapidarium.fundacja-hereditas.pl\/wp-content\/uploads\/2022\/10\/32_Chodowiec_Mariusz_Warszawa_ul_Hoza_27_oficyna_balustrada-150x198.jpg 150w, http:\/\/lapidarium.fundacja-hereditas.pl\/wp-content\/uploads\/2022\/10\/32_Chodowiec_Mariusz_Warszawa_ul_Hoza_27_oficyna_balustrada-300x396.jpg 300w, http:\/\/lapidarium.fundacja-hereditas.pl\/wp-content\/uploads\/2022\/10\/32_Chodowiec_Mariusz_Warszawa_ul_Hoza_27_oficyna_balustrada-696x920.jpg 696w, http:\/\/lapidarium.fundacja-hereditas.pl\/wp-content\/uploads\/2022\/10\/32_Chodowiec_Mariusz_Warszawa_ul_Hoza_27_oficyna_balustrada-1068x1411.jpg 1068w, http:\/\/lapidarium.fundacja-hereditas.pl\/wp-content\/uploads\/2022\/10\/32_Chodowiec_Mariusz_Warszawa_ul_Hoza_27_oficyna_balustrada-1920x2537.jpg 1920w\" sizes=\"auto, (max-width: 1937px) 100vw, 1937px\" \/><\/a><figcaption class=\"wp-element-caption\">Klatka II &#8211; kuchenna. Drewniane schody. R\u017cni\u0119ta rozeta. Fot. Mariusz Chodowiec 2022 r., \u017ar\u00f3d\u0142o: AOD III.<\/figcaption><\/figure>\n\n\n\n<figure class=\"wp-block-image size-large\"><a href=\"http:\/\/lapidarium.fundacja-hereditas.pl\/wp-content\/uploads\/2022\/10\/31_Chodowiec_Mariusz_Warszawa_ul_Hoza_27_oficyna_poczatek_balustrady-scaled.jpg\"><img loading=\"lazy\" decoding=\"async\" width=\"1898\" height=\"2560\" data-id=\"12130\" src=\"http:\/\/lapidarium.fundacja-hereditas.pl\/wp-content\/uploads\/2022\/10\/31_Chodowiec_Mariusz_Warszawa_ul_Hoza_27_oficyna_poczatek_balustrady-scaled.jpg\" alt=\"Klatka II - kuchenna. Drewniane schody. Parter. Fot. Mariusz Chodowiec 2022 r., \u017ar\u00f3d\u0142o: AOD III.\" class=\"wp-image-12130\" srcset=\"http:\/\/lapidarium.fundacja-hereditas.pl\/wp-content\/uploads\/2022\/10\/31_Chodowiec_Mariusz_Warszawa_ul_Hoza_27_oficyna_poczatek_balustrady-scaled.jpg 1898w, http:\/\/lapidarium.fundacja-hereditas.pl\/wp-content\/uploads\/2022\/10\/31_Chodowiec_Mariusz_Warszawa_ul_Hoza_27_oficyna_poczatek_balustrady-222x300.jpg 222w, http:\/\/lapidarium.fundacja-hereditas.pl\/wp-content\/uploads\/2022\/10\/31_Chodowiec_Mariusz_Warszawa_ul_Hoza_27_oficyna_poczatek_balustrady-759x1024.jpg 759w, http:\/\/lapidarium.fundacja-hereditas.pl\/wp-content\/uploads\/2022\/10\/31_Chodowiec_Mariusz_Warszawa_ul_Hoza_27_oficyna_poczatek_balustrady-768x1036.jpg 768w, http:\/\/lapidarium.fundacja-hereditas.pl\/wp-content\/uploads\/2022\/10\/31_Chodowiec_Mariusz_Warszawa_ul_Hoza_27_oficyna_poczatek_balustrady-1139x1536.jpg 1139w, http:\/\/lapidarium.fundacja-hereditas.pl\/wp-content\/uploads\/2022\/10\/31_Chodowiec_Mariusz_Warszawa_ul_Hoza_27_oficyna_poczatek_balustrady-1518x2048.jpg 1518w, http:\/\/lapidarium.fundacja-hereditas.pl\/wp-content\/uploads\/2022\/10\/31_Chodowiec_Mariusz_Warszawa_ul_Hoza_27_oficyna_poczatek_balustrady-150x202.jpg 150w, http:\/\/lapidarium.fundacja-hereditas.pl\/wp-content\/uploads\/2022\/10\/31_Chodowiec_Mariusz_Warszawa_ul_Hoza_27_oficyna_poczatek_balustrady-300x405.jpg 300w, http:\/\/lapidarium.fundacja-hereditas.pl\/wp-content\/uploads\/2022\/10\/31_Chodowiec_Mariusz_Warszawa_ul_Hoza_27_oficyna_poczatek_balustrady-696x939.jpg 696w, http:\/\/lapidarium.fundacja-hereditas.pl\/wp-content\/uploads\/2022\/10\/31_Chodowiec_Mariusz_Warszawa_ul_Hoza_27_oficyna_poczatek_balustrady-1068x1441.jpg 1068w, http:\/\/lapidarium.fundacja-hereditas.pl\/wp-content\/uploads\/2022\/10\/31_Chodowiec_Mariusz_Warszawa_ul_Hoza_27_oficyna_poczatek_balustrady-1920x2590.jpg 1920w\" sizes=\"auto, (max-width: 1898px) 100vw, 1898px\" \/><\/a><figcaption class=\"wp-element-caption\">Klatka II &#8211; kuchenna. Drewniane schody. Parter. Fot. Mariusz Chodowiec 2022 r., \u017ar\u00f3d\u0142o: AOD III.<\/figcaption><\/figure>\n\n\n\n<figure class=\"wp-block-image size-large\"><a href=\"http:\/\/lapidarium.fundacja-hereditas.pl\/wp-content\/uploads\/2022\/10\/30_Chodowiec_Mariusz_Warszawa_ul_Hoza_27_oficyna_dzwonek_do_drzwi-scaled.jpg\"><img loading=\"lazy\" decoding=\"async\" width=\"1920\" height=\"2560\" data-id=\"12129\" src=\"http:\/\/lapidarium.fundacja-hereditas.pl\/wp-content\/uploads\/2022\/10\/30_Chodowiec_Mariusz_Warszawa_ul_Hoza_27_oficyna_dzwonek_do_drzwi-scaled.jpg\" alt=\"Klatka II - kuchenna. Mechaniczny dzwonek do drzwi. Fot. Mariusz Chodowiec 2022 r., \u017ar\u00f3d\u0142o: AOD III.\" class=\"wp-image-12129\" srcset=\"http:\/\/lapidarium.fundacja-hereditas.pl\/wp-content\/uploads\/2022\/10\/30_Chodowiec_Mariusz_Warszawa_ul_Hoza_27_oficyna_dzwonek_do_drzwi-scaled.jpg 1920w, http:\/\/lapidarium.fundacja-hereditas.pl\/wp-content\/uploads\/2022\/10\/30_Chodowiec_Mariusz_Warszawa_ul_Hoza_27_oficyna_dzwonek_do_drzwi-225x300.jpg 225w, http:\/\/lapidarium.fundacja-hereditas.pl\/wp-content\/uploads\/2022\/10\/30_Chodowiec_Mariusz_Warszawa_ul_Hoza_27_oficyna_dzwonek_do_drzwi-768x1024.jpg 768w, http:\/\/lapidarium.fundacja-hereditas.pl\/wp-content\/uploads\/2022\/10\/30_Chodowiec_Mariusz_Warszawa_ul_Hoza_27_oficyna_dzwonek_do_drzwi-1152x1536.jpg 1152w, http:\/\/lapidarium.fundacja-hereditas.pl\/wp-content\/uploads\/2022\/10\/30_Chodowiec_Mariusz_Warszawa_ul_Hoza_27_oficyna_dzwonek_do_drzwi-1536x2048.jpg 1536w, http:\/\/lapidarium.fundacja-hereditas.pl\/wp-content\/uploads\/2022\/10\/30_Chodowiec_Mariusz_Warszawa_ul_Hoza_27_oficyna_dzwonek_do_drzwi-150x200.jpg 150w, http:\/\/lapidarium.fundacja-hereditas.pl\/wp-content\/uploads\/2022\/10\/30_Chodowiec_Mariusz_Warszawa_ul_Hoza_27_oficyna_dzwonek_do_drzwi-300x400.jpg 300w, http:\/\/lapidarium.fundacja-hereditas.pl\/wp-content\/uploads\/2022\/10\/30_Chodowiec_Mariusz_Warszawa_ul_Hoza_27_oficyna_dzwonek_do_drzwi-696x928.jpg 696w, http:\/\/lapidarium.fundacja-hereditas.pl\/wp-content\/uploads\/2022\/10\/30_Chodowiec_Mariusz_Warszawa_ul_Hoza_27_oficyna_dzwonek_do_drzwi-1068x1424.jpg 1068w\" sizes=\"auto, (max-width: 1920px) 100vw, 1920px\" \/><\/a><figcaption class=\"wp-element-caption\">Klatka II &#8211; kuchenna. Mechaniczny dzwonek do drzwi. Fot. Mariusz Chodowiec 2022 r., \u017ar\u00f3d\u0142o: AOD III.<\/figcaption><\/figure>\n\n\n\n<figure class=\"wp-block-image size-large\"><a href=\"http:\/\/lapidarium.fundacja-hereditas.pl\/wp-content\/uploads\/2022\/10\/29_Chodowiec_Mariusz_Warszawa_ul_Hoza_27_oficyna_zakret_balustrady-scaled.jpg\"><img loading=\"lazy\" decoding=\"async\" width=\"1973\" height=\"2560\" data-id=\"12128\" src=\"http:\/\/lapidarium.fundacja-hereditas.pl\/wp-content\/uploads\/2022\/10\/29_Chodowiec_Mariusz_Warszawa_ul_Hoza_27_oficyna_zakret_balustrady-scaled.jpg\" alt=\"Klatka II - kuchenna. Drewniane schody. Fot. Mariusz Chodowiec 2022 r., \u017ar\u00f3d\u0142o: AOD III.\" class=\"wp-image-12128\" srcset=\"http:\/\/lapidarium.fundacja-hereditas.pl\/wp-content\/uploads\/2022\/10\/29_Chodowiec_Mariusz_Warszawa_ul_Hoza_27_oficyna_zakret_balustrady-scaled.jpg 1973w, http:\/\/lapidarium.fundacja-hereditas.pl\/wp-content\/uploads\/2022\/10\/29_Chodowiec_Mariusz_Warszawa_ul_Hoza_27_oficyna_zakret_balustrady-231x300.jpg 231w, http:\/\/lapidarium.fundacja-hereditas.pl\/wp-content\/uploads\/2022\/10\/29_Chodowiec_Mariusz_Warszawa_ul_Hoza_27_oficyna_zakret_balustrady-789x1024.jpg 789w, http:\/\/lapidarium.fundacja-hereditas.pl\/wp-content\/uploads\/2022\/10\/29_Chodowiec_Mariusz_Warszawa_ul_Hoza_27_oficyna_zakret_balustrady-768x997.jpg 768w, http:\/\/lapidarium.fundacja-hereditas.pl\/wp-content\/uploads\/2022\/10\/29_Chodowiec_Mariusz_Warszawa_ul_Hoza_27_oficyna_zakret_balustrady-1184x1536.jpg 1184w, http:\/\/lapidarium.fundacja-hereditas.pl\/wp-content\/uploads\/2022\/10\/29_Chodowiec_Mariusz_Warszawa_ul_Hoza_27_oficyna_zakret_balustrady-1578x2048.jpg 1578w, http:\/\/lapidarium.fundacja-hereditas.pl\/wp-content\/uploads\/2022\/10\/29_Chodowiec_Mariusz_Warszawa_ul_Hoza_27_oficyna_zakret_balustrady-150x195.jpg 150w, http:\/\/lapidarium.fundacja-hereditas.pl\/wp-content\/uploads\/2022\/10\/29_Chodowiec_Mariusz_Warszawa_ul_Hoza_27_oficyna_zakret_balustrady-300x389.jpg 300w, http:\/\/lapidarium.fundacja-hereditas.pl\/wp-content\/uploads\/2022\/10\/29_Chodowiec_Mariusz_Warszawa_ul_Hoza_27_oficyna_zakret_balustrady-696x903.jpg 696w, http:\/\/lapidarium.fundacja-hereditas.pl\/wp-content\/uploads\/2022\/10\/29_Chodowiec_Mariusz_Warszawa_ul_Hoza_27_oficyna_zakret_balustrady-1068x1386.jpg 1068w, http:\/\/lapidarium.fundacja-hereditas.pl\/wp-content\/uploads\/2022\/10\/29_Chodowiec_Mariusz_Warszawa_ul_Hoza_27_oficyna_zakret_balustrady-1920x2491.jpg 1920w\" sizes=\"auto, (max-width: 1973px) 100vw, 1973px\" \/><\/a><figcaption class=\"wp-element-caption\">Klatka II &#8211; kuchenna. Drewniane schody. Fot. Mariusz Chodowiec 2022 r., \u017ar\u00f3d\u0142o: AOD III.<\/figcaption><\/figure>\n\n\n\n<figure class=\"wp-block-image size-large\"><a href=\"http:\/\/lapidarium.fundacja-hereditas.pl\/wp-content\/uploads\/2022\/10\/28_Chodowiec_Mariusz_Warszawa_ul_Hoza_27_oficyna_balustrada-scaled.jpg\"><img loading=\"lazy\" decoding=\"async\" width=\"1935\" height=\"2560\" data-id=\"12127\" src=\"http:\/\/lapidarium.fundacja-hereditas.pl\/wp-content\/uploads\/2022\/10\/28_Chodowiec_Mariusz_Warszawa_ul_Hoza_27_oficyna_balustrada-scaled.jpg\" alt=\"Klatka II - kuchenna. Drewniane schody. Ostatnie pi\u0119tro. Fot. Mariusz Chodowiec 2022 r., \u017ar\u00f3d\u0142o: AOD III.\" class=\"wp-image-12127\" srcset=\"http:\/\/lapidarium.fundacja-hereditas.pl\/wp-content\/uploads\/2022\/10\/28_Chodowiec_Mariusz_Warszawa_ul_Hoza_27_oficyna_balustrada-scaled.jpg 1935w, http:\/\/lapidarium.fundacja-hereditas.pl\/wp-content\/uploads\/2022\/10\/28_Chodowiec_Mariusz_Warszawa_ul_Hoza_27_oficyna_balustrada-227x300.jpg 227w, http:\/\/lapidarium.fundacja-hereditas.pl\/wp-content\/uploads\/2022\/10\/28_Chodowiec_Mariusz_Warszawa_ul_Hoza_27_oficyna_balustrada-774x1024.jpg 774w, http:\/\/lapidarium.fundacja-hereditas.pl\/wp-content\/uploads\/2022\/10\/28_Chodowiec_Mariusz_Warszawa_ul_Hoza_27_oficyna_balustrada-768x1016.jpg 768w, http:\/\/lapidarium.fundacja-hereditas.pl\/wp-content\/uploads\/2022\/10\/28_Chodowiec_Mariusz_Warszawa_ul_Hoza_27_oficyna_balustrada-1161x1536.jpg 1161w, http:\/\/lapidarium.fundacja-hereditas.pl\/wp-content\/uploads\/2022\/10\/28_Chodowiec_Mariusz_Warszawa_ul_Hoza_27_oficyna_balustrada-1548x2048.jpg 1548w, http:\/\/lapidarium.fundacja-hereditas.pl\/wp-content\/uploads\/2022\/10\/28_Chodowiec_Mariusz_Warszawa_ul_Hoza_27_oficyna_balustrada-150x199.jpg 150w, http:\/\/lapidarium.fundacja-hereditas.pl\/wp-content\/uploads\/2022\/10\/28_Chodowiec_Mariusz_Warszawa_ul_Hoza_27_oficyna_balustrada-300x397.jpg 300w, http:\/\/lapidarium.fundacja-hereditas.pl\/wp-content\/uploads\/2022\/10\/28_Chodowiec_Mariusz_Warszawa_ul_Hoza_27_oficyna_balustrada-696x921.jpg 696w, http:\/\/lapidarium.fundacja-hereditas.pl\/wp-content\/uploads\/2022\/10\/28_Chodowiec_Mariusz_Warszawa_ul_Hoza_27_oficyna_balustrada-1068x1413.jpg 1068w, http:\/\/lapidarium.fundacja-hereditas.pl\/wp-content\/uploads\/2022\/10\/28_Chodowiec_Mariusz_Warszawa_ul_Hoza_27_oficyna_balustrada-1920x2541.jpg 1920w\" sizes=\"auto, (max-width: 1935px) 100vw, 1935px\" \/><\/a><figcaption class=\"wp-element-caption\">Klatka II &#8211; kuchenna. Drewniane schody. Ostatnie pi\u0119tro. Fot. Mariusz Chodowiec 2022 r., \u017ar\u00f3d\u0142o: AOD III.<\/figcaption><\/figure>\n\n\n\n<figure class=\"wp-block-image size-large\"><a href=\"http:\/\/lapidarium.fundacja-hereditas.pl\/wp-content\/uploads\/2022\/10\/24_Chodowiec_Danuta_Warszawa_Hoza_27_klatka_3_schody-scaled.jpg\"><img loading=\"lazy\" decoding=\"async\" width=\"1298\" height=\"2560\" data-id=\"12125\" src=\"http:\/\/lapidarium.fundacja-hereditas.pl\/wp-content\/uploads\/2022\/10\/24_Chodowiec_Danuta_Warszawa_Hoza_27_klatka_3_schody-scaled.jpg\" alt=\"Klatka III. Schody na parterze. Fot. Danuta. Chodowiec 2022 r., \u017ar\u00f3d\u0142o: AOD III.\" class=\"wp-image-12125\" srcset=\"http:\/\/lapidarium.fundacja-hereditas.pl\/wp-content\/uploads\/2022\/10\/24_Chodowiec_Danuta_Warszawa_Hoza_27_klatka_3_schody-scaled.jpg 1298w, http:\/\/lapidarium.fundacja-hereditas.pl\/wp-content\/uploads\/2022\/10\/24_Chodowiec_Danuta_Warszawa_Hoza_27_klatka_3_schody-152x300.jpg 152w, http:\/\/lapidarium.fundacja-hereditas.pl\/wp-content\/uploads\/2022\/10\/24_Chodowiec_Danuta_Warszawa_Hoza_27_klatka_3_schody-519x1024.jpg 519w, http:\/\/lapidarium.fundacja-hereditas.pl\/wp-content\/uploads\/2022\/10\/24_Chodowiec_Danuta_Warszawa_Hoza_27_klatka_3_schody-768x1515.jpg 768w, http:\/\/lapidarium.fundacja-hereditas.pl\/wp-content\/uploads\/2022\/10\/24_Chodowiec_Danuta_Warszawa_Hoza_27_klatka_3_schody-779x1536.jpg 779w, http:\/\/lapidarium.fundacja-hereditas.pl\/wp-content\/uploads\/2022\/10\/24_Chodowiec_Danuta_Warszawa_Hoza_27_klatka_3_schody-1038x2048.jpg 1038w, http:\/\/lapidarium.fundacja-hereditas.pl\/wp-content\/uploads\/2022\/10\/24_Chodowiec_Danuta_Warszawa_Hoza_27_klatka_3_schody-150x296.jpg 150w, http:\/\/lapidarium.fundacja-hereditas.pl\/wp-content\/uploads\/2022\/10\/24_Chodowiec_Danuta_Warszawa_Hoza_27_klatka_3_schody-300x592.jpg 300w, http:\/\/lapidarium.fundacja-hereditas.pl\/wp-content\/uploads\/2022\/10\/24_Chodowiec_Danuta_Warszawa_Hoza_27_klatka_3_schody-696x1373.jpg 696w, http:\/\/lapidarium.fundacja-hereditas.pl\/wp-content\/uploads\/2022\/10\/24_Chodowiec_Danuta_Warszawa_Hoza_27_klatka_3_schody-1068x2107.jpg 1068w\" sizes=\"auto, (max-width: 1298px) 100vw, 1298px\" \/><\/a><figcaption class=\"wp-element-caption\">Klatka III. Schody na parterze. Fot. Danuta. Chodowiec 2022 r., \u017ar\u00f3d\u0142o: AOD III.<\/figcaption><\/figure>\n\n\n\n<figure class=\"wp-block-image size-large\"><a href=\"http:\/\/lapidarium.fundacja-hereditas.pl\/wp-content\/uploads\/2022\/10\/23_Chodowiec_Danuta_Warszawa_Hoza_27_klatka_4_schody-scaled.jpg\"><img loading=\"lazy\" decoding=\"async\" width=\"1296\" height=\"2560\" data-id=\"12124\" src=\"http:\/\/lapidarium.fundacja-hereditas.pl\/wp-content\/uploads\/2022\/10\/23_Chodowiec_Danuta_Warszawa_Hoza_27_klatka_4_schody-scaled.jpg\" alt=\"Klatka II - kuchenna. Drewniane schody. Fot. Danuta Chodowiec 2022 r., \u017ar\u00f3d\u0142o: AOD III.\" class=\"wp-image-12124\" srcset=\"http:\/\/lapidarium.fundacja-hereditas.pl\/wp-content\/uploads\/2022\/10\/23_Chodowiec_Danuta_Warszawa_Hoza_27_klatka_4_schody-scaled.jpg 1296w, http:\/\/lapidarium.fundacja-hereditas.pl\/wp-content\/uploads\/2022\/10\/23_Chodowiec_Danuta_Warszawa_Hoza_27_klatka_4_schody-152x300.jpg 152w, http:\/\/lapidarium.fundacja-hereditas.pl\/wp-content\/uploads\/2022\/10\/23_Chodowiec_Danuta_Warszawa_Hoza_27_klatka_4_schody-518x1024.jpg 518w, http:\/\/lapidarium.fundacja-hereditas.pl\/wp-content\/uploads\/2022\/10\/23_Chodowiec_Danuta_Warszawa_Hoza_27_klatka_4_schody-768x1517.jpg 768w, http:\/\/lapidarium.fundacja-hereditas.pl\/wp-content\/uploads\/2022\/10\/23_Chodowiec_Danuta_Warszawa_Hoza_27_klatka_4_schody-777x1536.jpg 777w, http:\/\/lapidarium.fundacja-hereditas.pl\/wp-content\/uploads\/2022\/10\/23_Chodowiec_Danuta_Warszawa_Hoza_27_klatka_4_schody-1037x2048.jpg 1037w, http:\/\/lapidarium.fundacja-hereditas.pl\/wp-content\/uploads\/2022\/10\/23_Chodowiec_Danuta_Warszawa_Hoza_27_klatka_4_schody-150x296.jpg 150w, http:\/\/lapidarium.fundacja-hereditas.pl\/wp-content\/uploads\/2022\/10\/23_Chodowiec_Danuta_Warszawa_Hoza_27_klatka_4_schody-300x593.jpg 300w, http:\/\/lapidarium.fundacja-hereditas.pl\/wp-content\/uploads\/2022\/10\/23_Chodowiec_Danuta_Warszawa_Hoza_27_klatka_4_schody-696x1375.jpg 696w, http:\/\/lapidarium.fundacja-hereditas.pl\/wp-content\/uploads\/2022\/10\/23_Chodowiec_Danuta_Warszawa_Hoza_27_klatka_4_schody-1068x2110.jpg 1068w\" sizes=\"auto, (max-width: 1296px) 100vw, 1296px\" \/><\/a><figcaption class=\"wp-element-caption\">Klatka II &#8211; kuchenna. Drewniane schody. Fot. Danuta Chodowiec 2022 r., \u017ar\u00f3d\u0142o: AOD III.<\/figcaption><\/figure>\n\n\n\n<figure class=\"wp-block-image size-large\"><a href=\"http:\/\/lapidarium.fundacja-hereditas.pl\/wp-content\/uploads\/2022\/10\/22_Chodowiec_Danuta_Warszawa_Hoza_27_klatka_4_balustrada-scaled.jpg\"><img loading=\"lazy\" decoding=\"async\" width=\"1284\" height=\"2560\" data-id=\"12123\" src=\"http:\/\/lapidarium.fundacja-hereditas.pl\/wp-content\/uploads\/2022\/10\/22_Chodowiec_Danuta_Warszawa_Hoza_27_klatka_4_balustrada-scaled.jpg\" alt=\"Klatka II - kuchenna. Drewniane schody. Fot. Danuta Chodowiec 2022 r., \u017ar\u00f3d\u0142o: AOD III.\" class=\"wp-image-12123\" srcset=\"http:\/\/lapidarium.fundacja-hereditas.pl\/wp-content\/uploads\/2022\/10\/22_Chodowiec_Danuta_Warszawa_Hoza_27_klatka_4_balustrada-scaled.jpg 1284w, http:\/\/lapidarium.fundacja-hereditas.pl\/wp-content\/uploads\/2022\/10\/22_Chodowiec_Danuta_Warszawa_Hoza_27_klatka_4_balustrada-150x299.jpg 150w, http:\/\/lapidarium.fundacja-hereditas.pl\/wp-content\/uploads\/2022\/10\/22_Chodowiec_Danuta_Warszawa_Hoza_27_klatka_4_balustrada-514x1024.jpg 514w, http:\/\/lapidarium.fundacja-hereditas.pl\/wp-content\/uploads\/2022\/10\/22_Chodowiec_Danuta_Warszawa_Hoza_27_klatka_4_balustrada-768x1531.jpg 768w, http:\/\/lapidarium.fundacja-hereditas.pl\/wp-content\/uploads\/2022\/10\/22_Chodowiec_Danuta_Warszawa_Hoza_27_klatka_4_balustrada-771x1536.jpg 771w, http:\/\/lapidarium.fundacja-hereditas.pl\/wp-content\/uploads\/2022\/10\/22_Chodowiec_Danuta_Warszawa_Hoza_27_klatka_4_balustrada-1027x2048.jpg 1027w, http:\/\/lapidarium.fundacja-hereditas.pl\/wp-content\/uploads\/2022\/10\/22_Chodowiec_Danuta_Warszawa_Hoza_27_klatka_4_balustrada-300x598.jpg 300w, http:\/\/lapidarium.fundacja-hereditas.pl\/wp-content\/uploads\/2022\/10\/22_Chodowiec_Danuta_Warszawa_Hoza_27_klatka_4_balustrada-696x1387.jpg 696w, http:\/\/lapidarium.fundacja-hereditas.pl\/wp-content\/uploads\/2022\/10\/22_Chodowiec_Danuta_Warszawa_Hoza_27_klatka_4_balustrada-1068x2129.jpg 1068w\" sizes=\"auto, (max-width: 1284px) 100vw, 1284px\" \/><\/a><figcaption class=\"wp-element-caption\">Klatka II &#8211; kuchenna. Drewniane schody. Fot. Danuta Chodowiec 2022 r., \u017ar\u00f3d\u0142o: AOD III.<\/figcaption><\/figure>\n\n\n\n<figure class=\"wp-block-image size-large\"><a href=\"http:\/\/lapidarium.fundacja-hereditas.pl\/wp-content\/uploads\/2022\/10\/21_Chodowiec_Danuta_Warszawa_Hoza_27_klatka_4_dzwonek-scaled.jpg\"><img loading=\"lazy\" decoding=\"async\" width=\"1647\" height=\"2560\" data-id=\"12122\" src=\"http:\/\/lapidarium.fundacja-hereditas.pl\/wp-content\/uploads\/2022\/10\/21_Chodowiec_Danuta_Warszawa_Hoza_27_klatka_4_dzwonek-scaled.jpg\" alt=\"Klatka II - kuchenna. Mechaniczny dzwonek do drzwi. Fot. Danuta Chodowiec 2022 r., \u017ar\u00f3d\u0142o: AOD III.\" class=\"wp-image-12122\" srcset=\"http:\/\/lapidarium.fundacja-hereditas.pl\/wp-content\/uploads\/2022\/10\/21_Chodowiec_Danuta_Warszawa_Hoza_27_klatka_4_dzwonek-scaled.jpg 1647w, http:\/\/lapidarium.fundacja-hereditas.pl\/wp-content\/uploads\/2022\/10\/21_Chodowiec_Danuta_Warszawa_Hoza_27_klatka_4_dzwonek-193x300.jpg 193w, http:\/\/lapidarium.fundacja-hereditas.pl\/wp-content\/uploads\/2022\/10\/21_Chodowiec_Danuta_Warszawa_Hoza_27_klatka_4_dzwonek-659x1024.jpg 659w, http:\/\/lapidarium.fundacja-hereditas.pl\/wp-content\/uploads\/2022\/10\/21_Chodowiec_Danuta_Warszawa_Hoza_27_klatka_4_dzwonek-768x1194.jpg 768w, http:\/\/lapidarium.fundacja-hereditas.pl\/wp-content\/uploads\/2022\/10\/21_Chodowiec_Danuta_Warszawa_Hoza_27_klatka_4_dzwonek-988x1536.jpg 988w, http:\/\/lapidarium.fundacja-hereditas.pl\/wp-content\/uploads\/2022\/10\/21_Chodowiec_Danuta_Warszawa_Hoza_27_klatka_4_dzwonek-1318x2048.jpg 1318w, http:\/\/lapidarium.fundacja-hereditas.pl\/wp-content\/uploads\/2022\/10\/21_Chodowiec_Danuta_Warszawa_Hoza_27_klatka_4_dzwonek-150x233.jpg 150w, http:\/\/lapidarium.fundacja-hereditas.pl\/wp-content\/uploads\/2022\/10\/21_Chodowiec_Danuta_Warszawa_Hoza_27_klatka_4_dzwonek-300x466.jpg 300w, http:\/\/lapidarium.fundacja-hereditas.pl\/wp-content\/uploads\/2022\/10\/21_Chodowiec_Danuta_Warszawa_Hoza_27_klatka_4_dzwonek-696x1082.jpg 696w, http:\/\/lapidarium.fundacja-hereditas.pl\/wp-content\/uploads\/2022\/10\/21_Chodowiec_Danuta_Warszawa_Hoza_27_klatka_4_dzwonek-1068x1660.jpg 1068w\" sizes=\"auto, (max-width: 1647px) 100vw, 1647px\" \/><\/a><figcaption class=\"wp-element-caption\">Klatka II &#8211; kuchenna. Mechaniczny dzwonek do drzwi. Fot. Danuta Chodowiec 2022 r., \u017ar\u00f3d\u0142o: AOD III.<\/figcaption><\/figure>\n\n\n\n<figure class=\"wp-block-image size-large\"><a href=\"http:\/\/lapidarium.fundacja-hereditas.pl\/wp-content\/uploads\/2022\/10\/20_Chodowiec_Danuta_Warszawa_Hoza_27_klatka_4_poczatek_balustrady-scaled.jpg\"><img loading=\"lazy\" decoding=\"async\" width=\"1298\" height=\"2560\" data-id=\"12121\" src=\"http:\/\/lapidarium.fundacja-hereditas.pl\/wp-content\/uploads\/2022\/10\/20_Chodowiec_Danuta_Warszawa_Hoza_27_klatka_4_poczatek_balustrady-scaled.jpg\" alt=\"Klatka II - kuchenna. Drewniane schody. Fot. Danuta Chodowiec 2022 r., \u017ar\u00f3d\u0142o: AOD III.\" class=\"wp-image-12121\" srcset=\"http:\/\/lapidarium.fundacja-hereditas.pl\/wp-content\/uploads\/2022\/10\/20_Chodowiec_Danuta_Warszawa_Hoza_27_klatka_4_poczatek_balustrady-scaled.jpg 1298w, http:\/\/lapidarium.fundacja-hereditas.pl\/wp-content\/uploads\/2022\/10\/20_Chodowiec_Danuta_Warszawa_Hoza_27_klatka_4_poczatek_balustrady-152x300.jpg 152w, http:\/\/lapidarium.fundacja-hereditas.pl\/wp-content\/uploads\/2022\/10\/20_Chodowiec_Danuta_Warszawa_Hoza_27_klatka_4_poczatek_balustrady-519x1024.jpg 519w, http:\/\/lapidarium.fundacja-hereditas.pl\/wp-content\/uploads\/2022\/10\/20_Chodowiec_Danuta_Warszawa_Hoza_27_klatka_4_poczatek_balustrady-768x1515.jpg 768w, http:\/\/lapidarium.fundacja-hereditas.pl\/wp-content\/uploads\/2022\/10\/20_Chodowiec_Danuta_Warszawa_Hoza_27_klatka_4_poczatek_balustrady-779x1536.jpg 779w, http:\/\/lapidarium.fundacja-hereditas.pl\/wp-content\/uploads\/2022\/10\/20_Chodowiec_Danuta_Warszawa_Hoza_27_klatka_4_poczatek_balustrady-1039x2048.jpg 1039w, http:\/\/lapidarium.fundacja-hereditas.pl\/wp-content\/uploads\/2022\/10\/20_Chodowiec_Danuta_Warszawa_Hoza_27_klatka_4_poczatek_balustrady-150x296.jpg 150w, http:\/\/lapidarium.fundacja-hereditas.pl\/wp-content\/uploads\/2022\/10\/20_Chodowiec_Danuta_Warszawa_Hoza_27_klatka_4_poczatek_balustrady-300x592.jpg 300w, http:\/\/lapidarium.fundacja-hereditas.pl\/wp-content\/uploads\/2022\/10\/20_Chodowiec_Danuta_Warszawa_Hoza_27_klatka_4_poczatek_balustrady-696x1373.jpg 696w, http:\/\/lapidarium.fundacja-hereditas.pl\/wp-content\/uploads\/2022\/10\/20_Chodowiec_Danuta_Warszawa_Hoza_27_klatka_4_poczatek_balustrady-1068x2106.jpg 1068w\" sizes=\"auto, (max-width: 1298px) 100vw, 1298px\" \/><\/a><figcaption class=\"wp-element-caption\">Klatka II &#8211; kuchenna. Drewniane schody. Fot. Danuta Chodowiec 2022 r., \u017ar\u00f3d\u0142o: AOD III.<\/figcaption><\/figure>\n\n\n\n<figure class=\"wp-block-image size-large\"><a href=\"http:\/\/lapidarium.fundacja-hereditas.pl\/wp-content\/uploads\/2022\/10\/Dziubiel_Agnieszka_Warszawa_Hoza_27_klatka_piata_schody_detal_01-scaled.jpg\"><img loading=\"lazy\" decoding=\"async\" width=\"2560\" height=\"1235\" data-id=\"12120\" src=\"http:\/\/lapidarium.fundacja-hereditas.pl\/wp-content\/uploads\/2022\/10\/Dziubiel_Agnieszka_Warszawa_Hoza_27_klatka_piata_schody_detal_01-scaled.jpg\" alt=\"Klatka V - kuchenna. Drewniane schody. Rozeta r\u017cni\u0119ta na boku schod\u00f3w. Fot. Agnieszka Dziubiel 2022 r., \u017ar\u00f3d\u0142o: AOD III.\" class=\"wp-image-12120\" srcset=\"http:\/\/lapidarium.fundacja-hereditas.pl\/wp-content\/uploads\/2022\/10\/Dziubiel_Agnieszka_Warszawa_Hoza_27_klatka_piata_schody_detal_01-scaled.jpg 2560w, http:\/\/lapidarium.fundacja-hereditas.pl\/wp-content\/uploads\/2022\/10\/Dziubiel_Agnieszka_Warszawa_Hoza_27_klatka_piata_schody_detal_01-300x145.jpg 300w, http:\/\/lapidarium.fundacja-hereditas.pl\/wp-content\/uploads\/2022\/10\/Dziubiel_Agnieszka_Warszawa_Hoza_27_klatka_piata_schody_detal_01-1024x494.jpg 1024w, http:\/\/lapidarium.fundacja-hereditas.pl\/wp-content\/uploads\/2022\/10\/Dziubiel_Agnieszka_Warszawa_Hoza_27_klatka_piata_schody_detal_01-768x370.jpg 768w, http:\/\/lapidarium.fundacja-hereditas.pl\/wp-content\/uploads\/2022\/10\/Dziubiel_Agnieszka_Warszawa_Hoza_27_klatka_piata_schody_detal_01-1536x741.jpg 1536w, http:\/\/lapidarium.fundacja-hereditas.pl\/wp-content\/uploads\/2022\/10\/Dziubiel_Agnieszka_Warszawa_Hoza_27_klatka_piata_schody_detal_01-2048x988.jpg 2048w, http:\/\/lapidarium.fundacja-hereditas.pl\/wp-content\/uploads\/2022\/10\/Dziubiel_Agnieszka_Warszawa_Hoza_27_klatka_piata_schody_detal_01-150x72.jpg 150w, http:\/\/lapidarium.fundacja-hereditas.pl\/wp-content\/uploads\/2022\/10\/Dziubiel_Agnieszka_Warszawa_Hoza_27_klatka_piata_schody_detal_01-696x336.jpg 696w, http:\/\/lapidarium.fundacja-hereditas.pl\/wp-content\/uploads\/2022\/10\/Dziubiel_Agnieszka_Warszawa_Hoza_27_klatka_piata_schody_detal_01-1068x515.jpg 1068w, http:\/\/lapidarium.fundacja-hereditas.pl\/wp-content\/uploads\/2022\/10\/Dziubiel_Agnieszka_Warszawa_Hoza_27_klatka_piata_schody_detal_01-1920x926.jpg 1920w\" sizes=\"auto, (max-width: 2560px) 100vw, 2560px\" \/><\/a><figcaption class=\"wp-element-caption\">Klatka V &#8211; kuchenna. Drewniane schody. Rozeta r\u017cni\u0119ta na boku schod\u00f3w. Fot. Agnieszka Dziubiel 2022 r., \u017ar\u00f3d\u0142o: AOD III.<\/figcaption><\/figure>\n\n\n\n<figure class=\"wp-block-image size-large\"><a href=\"http:\/\/lapidarium.fundacja-hereditas.pl\/wp-content\/uploads\/2022\/10\/Dziubiel_Agnieszka_Warszawa_Hoza_27_klatka_piata_schody_15-scaled.jpg\"><img loading=\"lazy\" decoding=\"async\" width=\"2560\" height=\"1255\" data-id=\"12119\" src=\"http:\/\/lapidarium.fundacja-hereditas.pl\/wp-content\/uploads\/2022\/10\/Dziubiel_Agnieszka_Warszawa_Hoza_27_klatka_piata_schody_15-scaled.jpg\" alt=\"Klatka V - kuchenna. Drewniane schody. Ostatni spocznik. Fot. Agnieszka Dziubiel 2022 r., \u017ar\u00f3d\u0142o: AOD III.\" class=\"wp-image-12119\" srcset=\"http:\/\/lapidarium.fundacja-hereditas.pl\/wp-content\/uploads\/2022\/10\/Dziubiel_Agnieszka_Warszawa_Hoza_27_klatka_piata_schody_15-scaled.jpg 2560w, http:\/\/lapidarium.fundacja-hereditas.pl\/wp-content\/uploads\/2022\/10\/Dziubiel_Agnieszka_Warszawa_Hoza_27_klatka_piata_schody_15-300x147.jpg 300w, http:\/\/lapidarium.fundacja-hereditas.pl\/wp-content\/uploads\/2022\/10\/Dziubiel_Agnieszka_Warszawa_Hoza_27_klatka_piata_schody_15-1024x502.jpg 1024w, http:\/\/lapidarium.fundacja-hereditas.pl\/wp-content\/uploads\/2022\/10\/Dziubiel_Agnieszka_Warszawa_Hoza_27_klatka_piata_schody_15-768x376.jpg 768w, http:\/\/lapidarium.fundacja-hereditas.pl\/wp-content\/uploads\/2022\/10\/Dziubiel_Agnieszka_Warszawa_Hoza_27_klatka_piata_schody_15-1536x753.jpg 1536w, http:\/\/lapidarium.fundacja-hereditas.pl\/wp-content\/uploads\/2022\/10\/Dziubiel_Agnieszka_Warszawa_Hoza_27_klatka_piata_schody_15-2048x1004.jpg 2048w, http:\/\/lapidarium.fundacja-hereditas.pl\/wp-content\/uploads\/2022\/10\/Dziubiel_Agnieszka_Warszawa_Hoza_27_klatka_piata_schody_15-150x74.jpg 150w, http:\/\/lapidarium.fundacja-hereditas.pl\/wp-content\/uploads\/2022\/10\/Dziubiel_Agnieszka_Warszawa_Hoza_27_klatka_piata_schody_15-696x341.jpg 696w, http:\/\/lapidarium.fundacja-hereditas.pl\/wp-content\/uploads\/2022\/10\/Dziubiel_Agnieszka_Warszawa_Hoza_27_klatka_piata_schody_15-1068x523.jpg 1068w, http:\/\/lapidarium.fundacja-hereditas.pl\/wp-content\/uploads\/2022\/10\/Dziubiel_Agnieszka_Warszawa_Hoza_27_klatka_piata_schody_15-1920x941.jpg 1920w\" sizes=\"auto, (max-width: 2560px) 100vw, 2560px\" \/><\/a><figcaption class=\"wp-element-caption\">Klatka V &#8211; kuchenna. Drewniane schody. Ostatni spocznik. Fot. Agnieszka Dziubiel 2022 r., \u017ar\u00f3d\u0142o: AOD III.<\/figcaption><\/figure>\n\n\n\n<figure class=\"wp-block-image size-large\"><a href=\"http:\/\/lapidarium.fundacja-hereditas.pl\/wp-content\/uploads\/2022\/10\/Dziubiel_Agnieszka_Warszawa_Hoza_27_klatka_piata_schody_14-scaled.jpg\"><img loading=\"lazy\" decoding=\"async\" width=\"1264\" height=\"2560\" data-id=\"12118\" src=\"http:\/\/lapidarium.fundacja-hereditas.pl\/wp-content\/uploads\/2022\/10\/Dziubiel_Agnieszka_Warszawa_Hoza_27_klatka_piata_schody_14-scaled.jpg\" alt=\"Klatka V - kuchenna. Drewniane schody. Ostatnie pi\u0119tro. Fot. Agnieszka Dziubiel 2022 r., \u017ar\u00f3d\u0142o: AOD III.\" class=\"wp-image-12118\" srcset=\"http:\/\/lapidarium.fundacja-hereditas.pl\/wp-content\/uploads\/2022\/10\/Dziubiel_Agnieszka_Warszawa_Hoza_27_klatka_piata_schody_14-scaled.jpg 1264w, http:\/\/lapidarium.fundacja-hereditas.pl\/wp-content\/uploads\/2022\/10\/Dziubiel_Agnieszka_Warszawa_Hoza_27_klatka_piata_schody_14-148x300.jpg 148w, http:\/\/lapidarium.fundacja-hereditas.pl\/wp-content\/uploads\/2022\/10\/Dziubiel_Agnieszka_Warszawa_Hoza_27_klatka_piata_schody_14-506x1024.jpg 506w, http:\/\/lapidarium.fundacja-hereditas.pl\/wp-content\/uploads\/2022\/10\/Dziubiel_Agnieszka_Warszawa_Hoza_27_klatka_piata_schody_14-768x1555.jpg 768w, http:\/\/lapidarium.fundacja-hereditas.pl\/wp-content\/uploads\/2022\/10\/Dziubiel_Agnieszka_Warszawa_Hoza_27_klatka_piata_schody_14-759x1536.jpg 759w, http:\/\/lapidarium.fundacja-hereditas.pl\/wp-content\/uploads\/2022\/10\/Dziubiel_Agnieszka_Warszawa_Hoza_27_klatka_piata_schody_14-150x304.jpg 150w, http:\/\/lapidarium.fundacja-hereditas.pl\/wp-content\/uploads\/2022\/10\/Dziubiel_Agnieszka_Warszawa_Hoza_27_klatka_piata_schody_14-300x607.jpg 300w, http:\/\/lapidarium.fundacja-hereditas.pl\/wp-content\/uploads\/2022\/10\/Dziubiel_Agnieszka_Warszawa_Hoza_27_klatka_piata_schody_14-696x1409.jpg 696w, http:\/\/lapidarium.fundacja-hereditas.pl\/wp-content\/uploads\/2022\/10\/Dziubiel_Agnieszka_Warszawa_Hoza_27_klatka_piata_schody_14-1068x2162.jpg 1068w\" sizes=\"auto, (max-width: 1264px) 100vw, 1264px\" \/><\/a><figcaption class=\"wp-element-caption\">Klatka V &#8211; kuchenna. Drewniane schody. Ostatnie pi\u0119tro. Fot. Agnieszka Dziubiel 2022 r., \u017ar\u00f3d\u0142o: AOD III.<\/figcaption><\/figure>\n\n\n\n<figure class=\"wp-block-image size-large\"><a href=\"http:\/\/lapidarium.fundacja-hereditas.pl\/wp-content\/uploads\/2022\/10\/Dziubiel_Agnieszka_Warszawa_Hoza_27_klatka_piata_schody_10-scaled.jpg\"><img loading=\"lazy\" decoding=\"async\" width=\"1186\" height=\"2560\" data-id=\"12115\" src=\"http:\/\/lapidarium.fundacja-hereditas.pl\/wp-content\/uploads\/2022\/10\/Dziubiel_Agnieszka_Warszawa_Hoza_27_klatka_piata_schody_10-scaled.jpg\" alt=\"Klatka V - kuchenna. Drewniane schody. Fot. Agnieszka Dziubiel 2022 r., \u017ar\u00f3d\u0142o: AOD III.\" class=\"wp-image-12115\" srcset=\"http:\/\/lapidarium.fundacja-hereditas.pl\/wp-content\/uploads\/2022\/10\/Dziubiel_Agnieszka_Warszawa_Hoza_27_klatka_piata_schody_10-scaled.jpg 1186w, http:\/\/lapidarium.fundacja-hereditas.pl\/wp-content\/uploads\/2022\/10\/Dziubiel_Agnieszka_Warszawa_Hoza_27_klatka_piata_schody_10-139x300.jpg 139w, http:\/\/lapidarium.fundacja-hereditas.pl\/wp-content\/uploads\/2022\/10\/Dziubiel_Agnieszka_Warszawa_Hoza_27_klatka_piata_schody_10-474x1024.jpg 474w, http:\/\/lapidarium.fundacja-hereditas.pl\/wp-content\/uploads\/2022\/10\/Dziubiel_Agnieszka_Warszawa_Hoza_27_klatka_piata_schody_10-768x1658.jpg 768w, http:\/\/lapidarium.fundacja-hereditas.pl\/wp-content\/uploads\/2022\/10\/Dziubiel_Agnieszka_Warszawa_Hoza_27_klatka_piata_schody_10-712x1536.jpg 712w, http:\/\/lapidarium.fundacja-hereditas.pl\/wp-content\/uploads\/2022\/10\/Dziubiel_Agnieszka_Warszawa_Hoza_27_klatka_piata_schody_10-949x2048.jpg 949w, http:\/\/lapidarium.fundacja-hereditas.pl\/wp-content\/uploads\/2022\/10\/Dziubiel_Agnieszka_Warszawa_Hoza_27_klatka_piata_schody_10-150x324.jpg 150w, http:\/\/lapidarium.fundacja-hereditas.pl\/wp-content\/uploads\/2022\/10\/Dziubiel_Agnieszka_Warszawa_Hoza_27_klatka_piata_schody_10-300x648.jpg 300w, http:\/\/lapidarium.fundacja-hereditas.pl\/wp-content\/uploads\/2022\/10\/Dziubiel_Agnieszka_Warszawa_Hoza_27_klatka_piata_schody_10-696x1502.jpg 696w, http:\/\/lapidarium.fundacja-hereditas.pl\/wp-content\/uploads\/2022\/10\/Dziubiel_Agnieszka_Warszawa_Hoza_27_klatka_piata_schody_10-1068x2305.jpg 1068w\" sizes=\"auto, (max-width: 1186px) 100vw, 1186px\" \/><\/a><figcaption class=\"wp-element-caption\">Klatka V &#8211; kuchenna. Drewniane schody. Fot. Agnieszka Dziubiel 2022 r., \u017ar\u00f3d\u0142o: AOD III.<\/figcaption><\/figure>\n\n\n\n<figure class=\"wp-block-image size-large\"><a href=\"http:\/\/lapidarium.fundacja-hereditas.pl\/wp-content\/uploads\/2022\/10\/Dziubiel_Agnieszka_Warszawa_Hoza_27_klatka_piata_schody_09-scaled.jpg\"><img loading=\"lazy\" decoding=\"async\" width=\"1305\" height=\"2560\" data-id=\"12114\" src=\"http:\/\/lapidarium.fundacja-hereditas.pl\/wp-content\/uploads\/2022\/10\/Dziubiel_Agnieszka_Warszawa_Hoza_27_klatka_piata_schody_09-scaled.jpg\" alt=\"Klatka V - kuchenna. Drewniane schody. Fot. Agnieszka Dziubiel 2022 r., \u017ar\u00f3d\u0142o: AOD III.\" class=\"wp-image-12114\" srcset=\"http:\/\/lapidarium.fundacja-hereditas.pl\/wp-content\/uploads\/2022\/10\/Dziubiel_Agnieszka_Warszawa_Hoza_27_klatka_piata_schody_09-scaled.jpg 1305w, http:\/\/lapidarium.fundacja-hereditas.pl\/wp-content\/uploads\/2022\/10\/Dziubiel_Agnieszka_Warszawa_Hoza_27_klatka_piata_schody_09-153x300.jpg 153w, http:\/\/lapidarium.fundacja-hereditas.pl\/wp-content\/uploads\/2022\/10\/Dziubiel_Agnieszka_Warszawa_Hoza_27_klatka_piata_schody_09-522x1024.jpg 522w, http:\/\/lapidarium.fundacja-hereditas.pl\/wp-content\/uploads\/2022\/10\/Dziubiel_Agnieszka_Warszawa_Hoza_27_klatka_piata_schody_09-768x1507.jpg 768w, http:\/\/lapidarium.fundacja-hereditas.pl\/wp-content\/uploads\/2022\/10\/Dziubiel_Agnieszka_Warszawa_Hoza_27_klatka_piata_schody_09-783x1536.jpg 783w, http:\/\/lapidarium.fundacja-hereditas.pl\/wp-content\/uploads\/2022\/10\/Dziubiel_Agnieszka_Warszawa_Hoza_27_klatka_piata_schody_09-1044x2048.jpg 1044w, http:\/\/lapidarium.fundacja-hereditas.pl\/wp-content\/uploads\/2022\/10\/Dziubiel_Agnieszka_Warszawa_Hoza_27_klatka_piata_schody_09-150x294.jpg 150w, http:\/\/lapidarium.fundacja-hereditas.pl\/wp-content\/uploads\/2022\/10\/Dziubiel_Agnieszka_Warszawa_Hoza_27_klatka_piata_schody_09-300x589.jpg 300w, http:\/\/lapidarium.fundacja-hereditas.pl\/wp-content\/uploads\/2022\/10\/Dziubiel_Agnieszka_Warszawa_Hoza_27_klatka_piata_schody_09-696x1366.jpg 696w, http:\/\/lapidarium.fundacja-hereditas.pl\/wp-content\/uploads\/2022\/10\/Dziubiel_Agnieszka_Warszawa_Hoza_27_klatka_piata_schody_09-1068x2095.jpg 1068w\" sizes=\"auto, (max-width: 1305px) 100vw, 1305px\" \/><\/a><figcaption class=\"wp-element-caption\">Klatka V &#8211; kuchenna. Drewniane schody. Fot. Agnieszka Dziubiel 2022 r., \u017ar\u00f3d\u0142o: AOD III.<\/figcaption><\/figure>\n\n\n\n<figure class=\"wp-block-image size-large\"><a href=\"http:\/\/lapidarium.fundacja-hereditas.pl\/wp-content\/uploads\/2022\/10\/Dziubiel_Agnieszka_Warszawa_Hoza_27_klatka_piata_schody_08-scaled.jpg\"><img loading=\"lazy\" decoding=\"async\" width=\"1198\" height=\"2560\" data-id=\"12113\" src=\"http:\/\/lapidarium.fundacja-hereditas.pl\/wp-content\/uploads\/2022\/10\/Dziubiel_Agnieszka_Warszawa_Hoza_27_klatka_piata_schody_08-scaled.jpg\" alt=\"Klatka V - kuchenna. Drewniane schody. Fot. Agnieszka Dziubiel 2022 r., \u017ar\u00f3d\u0142o: AOD III.\" class=\"wp-image-12113\" srcset=\"http:\/\/lapidarium.fundacja-hereditas.pl\/wp-content\/uploads\/2022\/10\/Dziubiel_Agnieszka_Warszawa_Hoza_27_klatka_piata_schody_08-scaled.jpg 1198w, http:\/\/lapidarium.fundacja-hereditas.pl\/wp-content\/uploads\/2022\/10\/Dziubiel_Agnieszka_Warszawa_Hoza_27_klatka_piata_schody_08-140x300.jpg 140w\" sizes=\"auto, (max-width: 1198px) 100vw, 1198px\" \/><\/a><figcaption class=\"wp-element-caption\">Klatka V &#8211; kuchenna. Drewniane schody. Fot. Agnieszka Dziubiel 2022 r., \u017ar\u00f3d\u0142o: AOD III.<\/figcaption><\/figure>\n\n\n\n<figure class=\"wp-block-image size-large\"><a href=\"http:\/\/lapidarium.fundacja-hereditas.pl\/wp-content\/uploads\/2022\/10\/Dziubiel_Agnieszka_Warszawa_Hoza_27_klatka_piata_schody_07-scaled.jpg\"><img loading=\"lazy\" decoding=\"async\" width=\"2560\" height=\"1186\" data-id=\"12112\" src=\"http:\/\/lapidarium.fundacja-hereditas.pl\/wp-content\/uploads\/2022\/10\/Dziubiel_Agnieszka_Warszawa_Hoza_27_klatka_piata_schody_07-scaled.jpg\" alt=\"Klatka V - kuchenna. Drewniane schody. Parter. Fot. Agnieszka Dziubiel 2022 r., \u017ar\u00f3d\u0142o: AOD III.\" class=\"wp-image-12112\" srcset=\"http:\/\/lapidarium.fundacja-hereditas.pl\/wp-content\/uploads\/2022\/10\/Dziubiel_Agnieszka_Warszawa_Hoza_27_klatka_piata_schody_07-scaled.jpg 2560w, http:\/\/lapidarium.fundacja-hereditas.pl\/wp-content\/uploads\/2022\/10\/Dziubiel_Agnieszka_Warszawa_Hoza_27_klatka_piata_schody_07-300x139.jpg 300w, http:\/\/lapidarium.fundacja-hereditas.pl\/wp-content\/uploads\/2022\/10\/Dziubiel_Agnieszka_Warszawa_Hoza_27_klatka_piata_schody_07-1024x474.jpg 1024w, http:\/\/lapidarium.fundacja-hereditas.pl\/wp-content\/uploads\/2022\/10\/Dziubiel_Agnieszka_Warszawa_Hoza_27_klatka_piata_schody_07-768x356.jpg 768w, http:\/\/lapidarium.fundacja-hereditas.pl\/wp-content\/uploads\/2022\/10\/Dziubiel_Agnieszka_Warszawa_Hoza_27_klatka_piata_schody_07-1536x711.jpg 1536w, http:\/\/lapidarium.fundacja-hereditas.pl\/wp-content\/uploads\/2022\/10\/Dziubiel_Agnieszka_Warszawa_Hoza_27_klatka_piata_schody_07-2048x949.jpg 2048w, http:\/\/lapidarium.fundacja-hereditas.pl\/wp-content\/uploads\/2022\/10\/Dziubiel_Agnieszka_Warszawa_Hoza_27_klatka_piata_schody_07-150x69.jpg 150w, http:\/\/lapidarium.fundacja-hereditas.pl\/wp-content\/uploads\/2022\/10\/Dziubiel_Agnieszka_Warszawa_Hoza_27_klatka_piata_schody_07-696x322.jpg 696w, http:\/\/lapidarium.fundacja-hereditas.pl\/wp-content\/uploads\/2022\/10\/Dziubiel_Agnieszka_Warszawa_Hoza_27_klatka_piata_schody_07-1068x495.jpg 1068w, http:\/\/lapidarium.fundacja-hereditas.pl\/wp-content\/uploads\/2022\/10\/Dziubiel_Agnieszka_Warszawa_Hoza_27_klatka_piata_schody_07-1920x889.jpg 1920w\" sizes=\"auto, (max-width: 2560px) 100vw, 2560px\" \/><\/a><figcaption class=\"wp-element-caption\">Klatka V &#8211; kuchenna. Drewniane schody. Parter. Fot. Agnieszka Dziubiel 2022 r., \u017ar\u00f3d\u0142o: AOD III.<\/figcaption><\/figure>\n\n\n\n<figure class=\"wp-block-image size-large\"><a href=\"http:\/\/lapidarium.fundacja-hereditas.pl\/wp-content\/uploads\/2022\/10\/Dziubiel_Agnieszka_Warszawa_Hoza_27_klatka_piata_schody_06-scaled.jpg\"><img loading=\"lazy\" decoding=\"async\" width=\"1216\" height=\"2560\" data-id=\"12111\" src=\"http:\/\/lapidarium.fundacja-hereditas.pl\/wp-content\/uploads\/2022\/10\/Dziubiel_Agnieszka_Warszawa_Hoza_27_klatka_piata_schody_06-scaled.jpg\" alt=\"Klatka V - kuchenna. Drewniane schody. Parter. Fot. Agnieszka Dziubiel 2022 r., \u017ar\u00f3d\u0142o: AOD III.\" class=\"wp-image-12111\" srcset=\"http:\/\/lapidarium.fundacja-hereditas.pl\/wp-content\/uploads\/2022\/10\/Dziubiel_Agnieszka_Warszawa_Hoza_27_klatka_piata_schody_06-scaled.jpg 1216w, http:\/\/lapidarium.fundacja-hereditas.pl\/wp-content\/uploads\/2022\/10\/Dziubiel_Agnieszka_Warszawa_Hoza_27_klatka_piata_schody_06-142x300.jpg 142w, http:\/\/lapidarium.fundacja-hereditas.pl\/wp-content\/uploads\/2022\/10\/Dziubiel_Agnieszka_Warszawa_Hoza_27_klatka_piata_schody_06-486x1024.jpg 486w, http:\/\/lapidarium.fundacja-hereditas.pl\/wp-content\/uploads\/2022\/10\/Dziubiel_Agnieszka_Warszawa_Hoza_27_klatka_piata_schody_06-768x1617.jpg 768w, http:\/\/lapidarium.fundacja-hereditas.pl\/wp-content\/uploads\/2022\/10\/Dziubiel_Agnieszka_Warszawa_Hoza_27_klatka_piata_schody_06-729x1536.jpg 729w, http:\/\/lapidarium.fundacja-hereditas.pl\/wp-content\/uploads\/2022\/10\/Dziubiel_Agnieszka_Warszawa_Hoza_27_klatka_piata_schody_06-973x2048.jpg 973w, http:\/\/lapidarium.fundacja-hereditas.pl\/wp-content\/uploads\/2022\/10\/Dziubiel_Agnieszka_Warszawa_Hoza_27_klatka_piata_schody_06-150x316.jpg 150w, http:\/\/lapidarium.fundacja-hereditas.pl\/wp-content\/uploads\/2022\/10\/Dziubiel_Agnieszka_Warszawa_Hoza_27_klatka_piata_schody_06-300x632.jpg 300w, http:\/\/lapidarium.fundacja-hereditas.pl\/wp-content\/uploads\/2022\/10\/Dziubiel_Agnieszka_Warszawa_Hoza_27_klatka_piata_schody_06-696x1466.jpg 696w, http:\/\/lapidarium.fundacja-hereditas.pl\/wp-content\/uploads\/2022\/10\/Dziubiel_Agnieszka_Warszawa_Hoza_27_klatka_piata_schody_06-1068x2249.jpg 1068w\" sizes=\"auto, (max-width: 1216px) 100vw, 1216px\" \/><\/a><figcaption class=\"wp-element-caption\">Klatka V &#8211; kuchenna. Drewniane schody. Parter. Fot. Agnieszka Dziubiel 2022 r., \u017ar\u00f3d\u0142o: AOD III.<\/figcaption><\/figure>\n\n\n\n<figure class=\"wp-block-image size-large\"><a href=\"http:\/\/lapidarium.fundacja-hereditas.pl\/wp-content\/uploads\/2022\/10\/Dziubiel_Agnieszka_Warszawa_Hoza_27_klatka_piata_schody_05-scaled.jpg\"><img loading=\"lazy\" decoding=\"async\" width=\"1950\" height=\"2560\" data-id=\"12110\" src=\"http:\/\/lapidarium.fundacja-hereditas.pl\/wp-content\/uploads\/2022\/10\/Dziubiel_Agnieszka_Warszawa_Hoza_27_klatka_piata_schody_05-scaled.jpg\" alt=\"Klatka V - kuchenna. Drzwi do mieszkania. Fot. Agnieszka Dziubiel 2022 r., \u017ar\u00f3d\u0142o: AOD III.\" class=\"wp-image-12110\" srcset=\"http:\/\/lapidarium.fundacja-hereditas.pl\/wp-content\/uploads\/2022\/10\/Dziubiel_Agnieszka_Warszawa_Hoza_27_klatka_piata_schody_05-scaled.jpg 1950w, http:\/\/lapidarium.fundacja-hereditas.pl\/wp-content\/uploads\/2022\/10\/Dziubiel_Agnieszka_Warszawa_Hoza_27_klatka_piata_schody_05-228x300.jpg 228w, http:\/\/lapidarium.fundacja-hereditas.pl\/wp-content\/uploads\/2022\/10\/Dziubiel_Agnieszka_Warszawa_Hoza_27_klatka_piata_schody_05-780x1024.jpg 780w, http:\/\/lapidarium.fundacja-hereditas.pl\/wp-content\/uploads\/2022\/10\/Dziubiel_Agnieszka_Warszawa_Hoza_27_klatka_piata_schody_05-768x1008.jpg 768w, http:\/\/lapidarium.fundacja-hereditas.pl\/wp-content\/uploads\/2022\/10\/Dziubiel_Agnieszka_Warszawa_Hoza_27_klatka_piata_schody_05-1170x1536.jpg 1170w, http:\/\/lapidarium.fundacja-hereditas.pl\/wp-content\/uploads\/2022\/10\/Dziubiel_Agnieszka_Warszawa_Hoza_27_klatka_piata_schody_05-1560x2048.jpg 1560w, http:\/\/lapidarium.fundacja-hereditas.pl\/wp-content\/uploads\/2022\/10\/Dziubiel_Agnieszka_Warszawa_Hoza_27_klatka_piata_schody_05-150x197.jpg 150w, http:\/\/lapidarium.fundacja-hereditas.pl\/wp-content\/uploads\/2022\/10\/Dziubiel_Agnieszka_Warszawa_Hoza_27_klatka_piata_schody_05-300x394.jpg 300w, http:\/\/lapidarium.fundacja-hereditas.pl\/wp-content\/uploads\/2022\/10\/Dziubiel_Agnieszka_Warszawa_Hoza_27_klatka_piata_schody_05-696x914.jpg 696w, http:\/\/lapidarium.fundacja-hereditas.pl\/wp-content\/uploads\/2022\/10\/Dziubiel_Agnieszka_Warszawa_Hoza_27_klatka_piata_schody_05-1068x1402.jpg 1068w, http:\/\/lapidarium.fundacja-hereditas.pl\/wp-content\/uploads\/2022\/10\/Dziubiel_Agnieszka_Warszawa_Hoza_27_klatka_piata_schody_05-1920x2521.jpg 1920w\" sizes=\"auto, (max-width: 1950px) 100vw, 1950px\" \/><\/a><figcaption class=\"wp-element-caption\">Klatka V &#8211; kuchenna. Drzwi do mieszkania. Fot. Agnieszka Dziubiel 2022 r., \u017ar\u00f3d\u0142o: AOD III.<\/figcaption><\/figure>\n\n\n\n<figure class=\"wp-block-image size-large\"><a href=\"http:\/\/lapidarium.fundacja-hereditas.pl\/wp-content\/uploads\/2022\/10\/Dziubiel_Agnieszka_Warszawa_Hoza_27_klatka_piata_schody_04-scaled.jpg\"><img loading=\"lazy\" decoding=\"async\" width=\"1974\" height=\"2560\" data-id=\"12109\" src=\"http:\/\/lapidarium.fundacja-hereditas.pl\/wp-content\/uploads\/2022\/10\/Dziubiel_Agnieszka_Warszawa_Hoza_27_klatka_piata_schody_04-scaled.jpg\" alt=\"Klatka V - kuchenna. Drewniane tralki balustrady. Fot. Agnieszka Dziubiel 2022 r., \u017ar\u00f3d\u0142o: AOD III.\" class=\"wp-image-12109\" srcset=\"http:\/\/lapidarium.fundacja-hereditas.pl\/wp-content\/uploads\/2022\/10\/Dziubiel_Agnieszka_Warszawa_Hoza_27_klatka_piata_schody_04-scaled.jpg 1974w, http:\/\/lapidarium.fundacja-hereditas.pl\/wp-content\/uploads\/2022\/10\/Dziubiel_Agnieszka_Warszawa_Hoza_27_klatka_piata_schody_04-231x300.jpg 231w, http:\/\/lapidarium.fundacja-hereditas.pl\/wp-content\/uploads\/2022\/10\/Dziubiel_Agnieszka_Warszawa_Hoza_27_klatka_piata_schody_04-790x1024.jpg 790w, http:\/\/lapidarium.fundacja-hereditas.pl\/wp-content\/uploads\/2022\/10\/Dziubiel_Agnieszka_Warszawa_Hoza_27_klatka_piata_schody_04-768x996.jpg 768w\" sizes=\"auto, (max-width: 1974px) 100vw, 1974px\" \/><\/a><figcaption class=\"wp-element-caption\">Klatka V &#8211; kuchenna. Drewniane tralki balustrady. Fot. Agnieszka Dziubiel 2022 r., \u017ar\u00f3d\u0142o: AOD III.<\/figcaption><\/figure>\n\n\n\n<figure class=\"wp-block-image size-large\"><a href=\"http:\/\/lapidarium.fundacja-hereditas.pl\/wp-content\/uploads\/2022\/10\/Dziubiel_Agnieszka_Warszawa_Hoza_27_klatka_piata_schody_02-scaled.jpg\"><img loading=\"lazy\" decoding=\"async\" width=\"2560\" height=\"1907\" data-id=\"12108\" src=\"http:\/\/lapidarium.fundacja-hereditas.pl\/wp-content\/uploads\/2022\/10\/Dziubiel_Agnieszka_Warszawa_Hoza_27_klatka_piata_schody_02-scaled.jpg\" alt=\"Klatka V - kuchenna. Drewniane schody. Rozeta r\u017cni\u0119ta na boku chod\u00f3w. Fot. Agnieszka Dziubiel 2022 r., \u017ar\u00f3d\u0142o: AOD III.\" class=\"wp-image-12108\" srcset=\"http:\/\/lapidarium.fundacja-hereditas.pl\/wp-content\/uploads\/2022\/10\/Dziubiel_Agnieszka_Warszawa_Hoza_27_klatka_piata_schody_02-scaled.jpg 2560w, http:\/\/lapidarium.fundacja-hereditas.pl\/wp-content\/uploads\/2022\/10\/Dziubiel_Agnieszka_Warszawa_Hoza_27_klatka_piata_schody_02-300x223.jpg 300w, http:\/\/lapidarium.fundacja-hereditas.pl\/wp-content\/uploads\/2022\/10\/Dziubiel_Agnieszka_Warszawa_Hoza_27_klatka_piata_schody_02-1024x763.jpg 1024w, http:\/\/lapidarium.fundacja-hereditas.pl\/wp-content\/uploads\/2022\/10\/Dziubiel_Agnieszka_Warszawa_Hoza_27_klatka_piata_schody_02-768x572.jpg 768w, http:\/\/lapidarium.fundacja-hereditas.pl\/wp-content\/uploads\/2022\/10\/Dziubiel_Agnieszka_Warszawa_Hoza_27_klatka_piata_schody_02-1536x1144.jpg 1536w, http:\/\/lapidarium.fundacja-hereditas.pl\/wp-content\/uploads\/2022\/10\/Dziubiel_Agnieszka_Warszawa_Hoza_27_klatka_piata_schody_02-2048x1526.jpg 2048w, http:\/\/lapidarium.fundacja-hereditas.pl\/wp-content\/uploads\/2022\/10\/Dziubiel_Agnieszka_Warszawa_Hoza_27_klatka_piata_schody_02-150x112.jpg 150w, http:\/\/lapidarium.fundacja-hereditas.pl\/wp-content\/uploads\/2022\/10\/Dziubiel_Agnieszka_Warszawa_Hoza_27_klatka_piata_schody_02-485x360.jpg 485w, http:\/\/lapidarium.fundacja-hereditas.pl\/wp-content\/uploads\/2022\/10\/Dziubiel_Agnieszka_Warszawa_Hoza_27_klatka_piata_schody_02-696x518.jpg 696w, http:\/\/lapidarium.fundacja-hereditas.pl\/wp-content\/uploads\/2022\/10\/Dziubiel_Agnieszka_Warszawa_Hoza_27_klatka_piata_schody_02-1068x796.jpg 1068w, http:\/\/lapidarium.fundacja-hereditas.pl\/wp-content\/uploads\/2022\/10\/Dziubiel_Agnieszka_Warszawa_Hoza_27_klatka_piata_schody_02-1920x1430.jpg 1920w\" sizes=\"auto, (max-width: 2560px) 100vw, 2560px\" \/><\/a><figcaption class=\"wp-element-caption\">Klatka V &#8211; kuchenna. Drewniane schody. Rozeta r\u017cni\u0119ta na boku chod\u00f3w. Fot. Agnieszka Dziubiel 2022 r., \u017ar\u00f3d\u0142o: AOD III.<\/figcaption><\/figure>\n\n\n\n<figure class=\"wp-block-image size-large\"><a href=\"http:\/\/lapidarium.fundacja-hereditas.pl\/wp-content\/uploads\/2022\/10\/Dziubiel_Agnieszka_Warszawa_Hoza_27_klatka_piata_podloga_drewniana_01-scaled.jpg\"><img loading=\"lazy\" decoding=\"async\" width=\"2560\" height=\"1157\" data-id=\"12106\" src=\"http:\/\/lapidarium.fundacja-hereditas.pl\/wp-content\/uploads\/2022\/10\/Dziubiel_Agnieszka_Warszawa_Hoza_27_klatka_piata_podloga_drewniana_01-scaled.jpg\" alt=\"Klatka V - kuchenna. Drewniane pod\u0142oga. Fot. Agnieszka Dziubiel 2022 r., \u017ar\u00f3d\u0142o: AOD III.\" class=\"wp-image-12106\" srcset=\"http:\/\/lapidarium.fundacja-hereditas.pl\/wp-content\/uploads\/2022\/10\/Dziubiel_Agnieszka_Warszawa_Hoza_27_klatka_piata_podloga_drewniana_01-scaled.jpg 2560w, http:\/\/lapidarium.fundacja-hereditas.pl\/wp-content\/uploads\/2022\/10\/Dziubiel_Agnieszka_Warszawa_Hoza_27_klatka_piata_podloga_drewniana_01-300x136.jpg 300w, http:\/\/lapidarium.fundacja-hereditas.pl\/wp-content\/uploads\/2022\/10\/Dziubiel_Agnieszka_Warszawa_Hoza_27_klatka_piata_podloga_drewniana_01-1024x463.jpg 1024w, http:\/\/lapidarium.fundacja-hereditas.pl\/wp-content\/uploads\/2022\/10\/Dziubiel_Agnieszka_Warszawa_Hoza_27_klatka_piata_podloga_drewniana_01-768x347.jpg 768w, http:\/\/lapidarium.fundacja-hereditas.pl\/wp-content\/uploads\/2022\/10\/Dziubiel_Agnieszka_Warszawa_Hoza_27_klatka_piata_podloga_drewniana_01-1536x694.jpg 1536w, http:\/\/lapidarium.fundacja-hereditas.pl\/wp-content\/uploads\/2022\/10\/Dziubiel_Agnieszka_Warszawa_Hoza_27_klatka_piata_podloga_drewniana_01-2048x925.jpg 2048w, http:\/\/lapidarium.fundacja-hereditas.pl\/wp-content\/uploads\/2022\/10\/Dziubiel_Agnieszka_Warszawa_Hoza_27_klatka_piata_podloga_drewniana_01-150x68.jpg 150w, http:\/\/lapidarium.fundacja-hereditas.pl\/wp-content\/uploads\/2022\/10\/Dziubiel_Agnieszka_Warszawa_Hoza_27_klatka_piata_podloga_drewniana_01-696x315.jpg 696w, http:\/\/lapidarium.fundacja-hereditas.pl\/wp-content\/uploads\/2022\/10\/Dziubiel_Agnieszka_Warszawa_Hoza_27_klatka_piata_podloga_drewniana_01-1068x483.jpg 1068w, http:\/\/lapidarium.fundacja-hereditas.pl\/wp-content\/uploads\/2022\/10\/Dziubiel_Agnieszka_Warszawa_Hoza_27_klatka_piata_podloga_drewniana_01-1920x868.jpg 1920w\" sizes=\"auto, (max-width: 2560px) 100vw, 2560px\" \/><\/a><figcaption class=\"wp-element-caption\">Klatka V &#8211; kuchenna. Drewniane pod\u0142oga. Fot. Agnieszka Dziubiel 2022 r., \u017ar\u00f3d\u0142o: AOD III.<\/figcaption><\/figure>\n\n\n\n<figure class=\"wp-block-image size-large\"><a href=\"http:\/\/lapidarium.fundacja-hereditas.pl\/wp-content\/uploads\/2022\/10\/Dziubiel_Agnieszka_Warszawa_Hoza_27_klatka_piata_podloga_ceramiczna_parter-scaled.jpg\"><img loading=\"lazy\" decoding=\"async\" width=\"2560\" height=\"2003\" data-id=\"12105\" src=\"http:\/\/lapidarium.fundacja-hereditas.pl\/wp-content\/uploads\/2022\/10\/Dziubiel_Agnieszka_Warszawa_Hoza_27_klatka_piata_podloga_ceramiczna_parter-scaled.jpg\" alt=\"Klatka V - kuchenna. Posadzka parter. Fot. Agnieszka Dziubiel 2022 r., \u017ar\u00f3d\u0142o: AOD III.\" class=\"wp-image-12105\" srcset=\"http:\/\/lapidarium.fundacja-hereditas.pl\/wp-content\/uploads\/2022\/10\/Dziubiel_Agnieszka_Warszawa_Hoza_27_klatka_piata_podloga_ceramiczna_parter-scaled.jpg 2560w, http:\/\/lapidarium.fundacja-hereditas.pl\/wp-content\/uploads\/2022\/10\/Dziubiel_Agnieszka_Warszawa_Hoza_27_klatka_piata_podloga_ceramiczna_parter-300x235.jpg 300w, http:\/\/lapidarium.fundacja-hereditas.pl\/wp-content\/uploads\/2022\/10\/Dziubiel_Agnieszka_Warszawa_Hoza_27_klatka_piata_podloga_ceramiczna_parter-1024x801.jpg 1024w, http:\/\/lapidarium.fundacja-hereditas.pl\/wp-content\/uploads\/2022\/10\/Dziubiel_Agnieszka_Warszawa_Hoza_27_klatka_piata_podloga_ceramiczna_parter-768x601.jpg 768w, http:\/\/lapidarium.fundacja-hereditas.pl\/wp-content\/uploads\/2022\/10\/Dziubiel_Agnieszka_Warszawa_Hoza_27_klatka_piata_podloga_ceramiczna_parter-1536x1202.jpg 1536w, http:\/\/lapidarium.fundacja-hereditas.pl\/wp-content\/uploads\/2022\/10\/Dziubiel_Agnieszka_Warszawa_Hoza_27_klatka_piata_podloga_ceramiczna_parter-2048x1603.jpg 2048w, http:\/\/lapidarium.fundacja-hereditas.pl\/wp-content\/uploads\/2022\/10\/Dziubiel_Agnieszka_Warszawa_Hoza_27_klatka_piata_podloga_ceramiczna_parter-150x117.jpg 150w, http:\/\/lapidarium.fundacja-hereditas.pl\/wp-content\/uploads\/2022\/10\/Dziubiel_Agnieszka_Warszawa_Hoza_27_klatka_piata_podloga_ceramiczna_parter-696x545.jpg 696w, http:\/\/lapidarium.fundacja-hereditas.pl\/wp-content\/uploads\/2022\/10\/Dziubiel_Agnieszka_Warszawa_Hoza_27_klatka_piata_podloga_ceramiczna_parter-1068x836.jpg 1068w, http:\/\/lapidarium.fundacja-hereditas.pl\/wp-content\/uploads\/2022\/10\/Dziubiel_Agnieszka_Warszawa_Hoza_27_klatka_piata_podloga_ceramiczna_parter-1920x1502.jpg 1920w\" sizes=\"auto, (max-width: 2560px) 100vw, 2560px\" \/><\/a><figcaption class=\"wp-element-caption\">Klatka V &#8211; kuchenna. Posadzka parter. Fot. Agnieszka Dziubiel 2022 r., \u017ar\u00f3d\u0142o: AOD III.<\/figcaption><\/figure>\n<\/figure>\n","protected":false},"excerpt":{"rendered":"<p>Wielkomiejska kamienica wzniesiona ok. 1898-1900 wg proj. Karola Koz\u0142owskiego (?) na rogu z ulic\u0105 Ksi\u0119dza Skorupki, kt\u00f3ra pierwotnie nosi\u0142a miano ulicy Sadowej, jako \u017ce powsta\u0142a na rozparcelowanym terenie b\u0119d\u0105cym uprzednio m.in. sadem. Uliczk\u0119 przeprowadzono w celach spekulacyjnych, tj. po to, aby wznie\u015b\u0107 wi\u0119cej dom\u00f3w maj\u0105cych mieszkania frontowe, za kt\u00f3re mo\u017cna by\u0142o pobiera\u0107 wy\u017cszy czynsz. Swe [&hellip;]<\/p>\n","protected":false},"author":6,"featured_media":12220,"comment_status":"open","ping_status":"open","sticky":false,"template":"","format":"standard","meta":{"footnotes":""},"categories":[177,4],"tags":[],"class_list":{"0":"post-12087","1":"post","2":"type-post","3":"status-publish","4":"format-standard","5":"has-post-thumbnail","7":"category-hoza","8":"category-warszawa"},"_links":{"self":[{"href":"http:\/\/lapidarium.fundacja-hereditas.pl\/index.php\/wp-json\/wp\/v2\/posts\/12087","targetHints":{"allow":["GET"]}}],"collection":[{"href":"http:\/\/lapidarium.fundacja-hereditas.pl\/index.php\/wp-json\/wp\/v2\/posts"}],"about":[{"href":"http:\/\/lapidarium.fundacja-hereditas.pl\/index.php\/wp-json\/wp\/v2\/types\/post"}],"author":[{"embeddable":true,"href":"http:\/\/lapidarium.fundacja-hereditas.pl\/index.php\/wp-json\/wp\/v2\/users\/6"}],"replies":[{"embeddable":true,"href":"http:\/\/lapidarium.fundacja-hereditas.pl\/index.php\/wp-json\/wp\/v2\/comments?post=12087"}],"version-history":[{"count":9,"href":"http:\/\/lapidarium.fundacja-hereditas.pl\/index.php\/wp-json\/wp\/v2\/posts\/12087\/revisions"}],"predecessor-version":[{"id":14428,"href":"http:\/\/lapidarium.fundacja-hereditas.pl\/index.php\/wp-json\/wp\/v2\/posts\/12087\/revisions\/14428"}],"wp:featuredmedia":[{"embeddable":true,"href":"http:\/\/lapidarium.fundacja-hereditas.pl\/index.php\/wp-json\/wp\/v2\/media\/12220"}],"wp:attachment":[{"href":"http:\/\/lapidarium.fundacja-hereditas.pl\/index.php\/wp-json\/wp\/v2\/media?parent=12087"}],"wp:term":[{"taxonomy":"category","embeddable":true,"href":"http:\/\/lapidarium.fundacja-hereditas.pl\/index.php\/wp-json\/wp\/v2\/categories?post=12087"},{"taxonomy":"post_tag","embeddable":true,"href":"http:\/\/lapidarium.fundacja-hereditas.pl\/index.php\/wp-json\/wp\/v2\/tags?post=12087"}],"curies":[{"name":"wp","href":"https:\/\/api.w.org\/{rel}","templated":true}]}}