{"id":10977,"date":"2022-10-27T03:05:48","date_gmt":"2022-10-27T01:05:48","guid":{"rendered":"http:\/\/lapidarium.fundacja-hereditas.pl\/?p=10977"},"modified":"2023-01-24T18:42:31","modified_gmt":"2023-01-24T17:42:31","slug":"kamienica-ul-piekna-66a-warszawa","status":"publish","type":"post","link":"http:\/\/lapidarium.fundacja-hereditas.pl\/index.php\/2022\/10\/27\/kamienica-ul-piekna-66a-warszawa\/","title":{"rendered":"Kamienica ul. Pi\u0119kna 66a, Warszawa"},"content":{"rendered":"\n<p>Kamienica wybudowana zapewne ok. 1910 r., na p\u0142ytkiej dzia\u0142ce umo\u017cliwiaj\u0105cej wzniesienie jedynie kr\u00f3tkich oficyn bocznych. Dom z racji swej nowoczesnej konstrukcji nie uleg\u0142 w czasie wojny wi\u0119kszym uszkodzeniom. Zniszczone by\u0142y jedynie ostatnie kondygnacje budynku. Po wojnie usuni\u0119to zar\u00f3wno wi\u0119kszo\u015b\u0107 element\u00f3w wystroju elewacji frontowej, jak i wn\u0119trz, m.in. na nowo zaaran\u017cowano klatk\u0119 schodow\u0105. Wtedy rozebrano tak\u017ce oficyny boczne. Obiekt uj\u0119ty w gminnej ewidencji zabytk\u00f3w.<\/p>\n\n\n\n<figure class=\"wp-block-gallery has-nested-images columns-default is-cropped wp-block-gallery-1 is-layout-flex wp-block-gallery-is-layout-flex\">\n<figure class=\"wp-block-image size-large\"><img loading=\"lazy\" decoding=\"async\" width=\"1993\" height=\"2560\" data-id=\"10995\" src=\"http:\/\/lapidarium.fundacja-hereditas.pl\/wp-content\/uploads\/2022\/10\/MM_Warszawa_Piekna66a_01_-elewacja_frontowa-scaled.jpg\" alt=\"Elewacja frontowa. Widok og\u00f3lny. Fot. Mariusz Majewski 2022 r., \u017ar\u00f3d\u0142o: AOD III.\" class=\"wp-image-10995\" srcset=\"http:\/\/lapidarium.fundacja-hereditas.pl\/wp-content\/uploads\/2022\/10\/MM_Warszawa_Piekna66a_01_-elewacja_frontowa-scaled.jpg 1993w, http:\/\/lapidarium.fundacja-hereditas.pl\/wp-content\/uploads\/2022\/10\/MM_Warszawa_Piekna66a_01_-elewacja_frontowa-234x300.jpg 234w, http:\/\/lapidarium.fundacja-hereditas.pl\/wp-content\/uploads\/2022\/10\/MM_Warszawa_Piekna66a_01_-elewacja_frontowa-797x1024.jpg 797w, http:\/\/lapidarium.fundacja-hereditas.pl\/wp-content\/uploads\/2022\/10\/MM_Warszawa_Piekna66a_01_-elewacja_frontowa-768x986.jpg 768w, http:\/\/lapidarium.fundacja-hereditas.pl\/wp-content\/uploads\/2022\/10\/MM_Warszawa_Piekna66a_01_-elewacja_frontowa-1196x1536.jpg 1196w, http:\/\/lapidarium.fundacja-hereditas.pl\/wp-content\/uploads\/2022\/10\/MM_Warszawa_Piekna66a_01_-elewacja_frontowa-1595x2048.jpg 1595w, http:\/\/lapidarium.fundacja-hereditas.pl\/wp-content\/uploads\/2022\/10\/MM_Warszawa_Piekna66a_01_-elewacja_frontowa-150x193.jpg 150w, http:\/\/lapidarium.fundacja-hereditas.pl\/wp-content\/uploads\/2022\/10\/MM_Warszawa_Piekna66a_01_-elewacja_frontowa-300x385.jpg 300w, http:\/\/lapidarium.fundacja-hereditas.pl\/wp-content\/uploads\/2022\/10\/MM_Warszawa_Piekna66a_01_-elewacja_frontowa-696x894.jpg 696w, http:\/\/lapidarium.fundacja-hereditas.pl\/wp-content\/uploads\/2022\/10\/MM_Warszawa_Piekna66a_01_-elewacja_frontowa-1068x1372.jpg 1068w, http:\/\/lapidarium.fundacja-hereditas.pl\/wp-content\/uploads\/2022\/10\/MM_Warszawa_Piekna66a_01_-elewacja_frontowa-1920x2466.jpg 1920w\" sizes=\"auto, (max-width: 1993px) 100vw, 1993px\" \/><figcaption class=\"wp-element-caption\">Elewacja frontowa. Widok og\u00f3lny. Fot. Mariusz Majewski 2022 r., \u017ar\u00f3d\u0142o: AOD III.<\/figcaption><\/figure>\n\n\n\n<figure class=\"wp-block-image size-large\"><img loading=\"lazy\" decoding=\"async\" width=\"2560\" height=\"1714\" data-id=\"11006\" src=\"http:\/\/lapidarium.fundacja-hereditas.pl\/wp-content\/uploads\/2022\/10\/Warszawa_Piekna_66a_elewacja_frontowa_okna_balkony_Iwona_Otrebska-10-scaled.jpg\" alt=\"Elewacja frontowa. Balkony i okna I-go pi\u0119tra. Fot. Iwona Otr\u0119bska 2022 r., \u017ar\u00f3d\u0142o: AOD III.\" class=\"wp-image-11006\" srcset=\"http:\/\/lapidarium.fundacja-hereditas.pl\/wp-content\/uploads\/2022\/10\/Warszawa_Piekna_66a_elewacja_frontowa_okna_balkony_Iwona_Otrebska-10-scaled.jpg 2560w, http:\/\/lapidarium.fundacja-hereditas.pl\/wp-content\/uploads\/2022\/10\/Warszawa_Piekna_66a_elewacja_frontowa_okna_balkony_Iwona_Otrebska-10-300x201.jpg 300w, http:\/\/lapidarium.fundacja-hereditas.pl\/wp-content\/uploads\/2022\/10\/Warszawa_Piekna_66a_elewacja_frontowa_okna_balkony_Iwona_Otrebska-10-1024x686.jpg 1024w, http:\/\/lapidarium.fundacja-hereditas.pl\/wp-content\/uploads\/2022\/10\/Warszawa_Piekna_66a_elewacja_frontowa_okna_balkony_Iwona_Otrebska-10-768x514.jpg 768w, http:\/\/lapidarium.fundacja-hereditas.pl\/wp-content\/uploads\/2022\/10\/Warszawa_Piekna_66a_elewacja_frontowa_okna_balkony_Iwona_Otrebska-10-1536x1028.jpg 1536w, http:\/\/lapidarium.fundacja-hereditas.pl\/wp-content\/uploads\/2022\/10\/Warszawa_Piekna_66a_elewacja_frontowa_okna_balkony_Iwona_Otrebska-10-2048x1371.jpg 2048w, http:\/\/lapidarium.fundacja-hereditas.pl\/wp-content\/uploads\/2022\/10\/Warszawa_Piekna_66a_elewacja_frontowa_okna_balkony_Iwona_Otrebska-10-150x100.jpg 150w, http:\/\/lapidarium.fundacja-hereditas.pl\/wp-content\/uploads\/2022\/10\/Warszawa_Piekna_66a_elewacja_frontowa_okna_balkony_Iwona_Otrebska-10-696x466.jpg 696w, http:\/\/lapidarium.fundacja-hereditas.pl\/wp-content\/uploads\/2022\/10\/Warszawa_Piekna_66a_elewacja_frontowa_okna_balkony_Iwona_Otrebska-10-1068x715.jpg 1068w\" sizes=\"auto, (max-width: 2560px) 100vw, 2560px\" \/><figcaption class=\"wp-element-caption\">Elewacja frontowa. Balkony i okna I-go pi\u0119tra. Fot. Iwona Otr\u0119bska 2022 r., \u017ar\u00f3d\u0142o: AOD III.<\/figcaption><\/figure>\n\n\n\n<figure class=\"wp-block-image size-large\"><img loading=\"lazy\" decoding=\"async\" width=\"2560\" height=\"1912\" data-id=\"10988\" src=\"http:\/\/lapidarium.fundacja-hereditas.pl\/wp-content\/uploads\/2022\/10\/Dziubiel_Agnieszka_Warszawa_Piekna_66a_front_balkon_pierwsze_pietro_po_lewej_nad_wejsciem_01-scaled.jpg\" alt=\"Elewacja frontowa. Balkon I-go pi\u0119tra. Fot. Agnieszka Dziubiel 2022 r., \u017ar\u00f3d\u0142o: AOD III.\" class=\"wp-image-10988\" srcset=\"http:\/\/lapidarium.fundacja-hereditas.pl\/wp-content\/uploads\/2022\/10\/Dziubiel_Agnieszka_Warszawa_Piekna_66a_front_balkon_pierwsze_pietro_po_lewej_nad_wejsciem_01-scaled.jpg 2560w, http:\/\/lapidarium.fundacja-hereditas.pl\/wp-content\/uploads\/2022\/10\/Dziubiel_Agnieszka_Warszawa_Piekna_66a_front_balkon_pierwsze_pietro_po_lewej_nad_wejsciem_01-300x224.jpg 300w, http:\/\/lapidarium.fundacja-hereditas.pl\/wp-content\/uploads\/2022\/10\/Dziubiel_Agnieszka_Warszawa_Piekna_66a_front_balkon_pierwsze_pietro_po_lewej_nad_wejsciem_01-1024x765.jpg 1024w, http:\/\/lapidarium.fundacja-hereditas.pl\/wp-content\/uploads\/2022\/10\/Dziubiel_Agnieszka_Warszawa_Piekna_66a_front_balkon_pierwsze_pietro_po_lewej_nad_wejsciem_01-768x574.jpg 768w, http:\/\/lapidarium.fundacja-hereditas.pl\/wp-content\/uploads\/2022\/10\/Dziubiel_Agnieszka_Warszawa_Piekna_66a_front_balkon_pierwsze_pietro_po_lewej_nad_wejsciem_01-1536x1147.jpg 1536w, http:\/\/lapidarium.fundacja-hereditas.pl\/wp-content\/uploads\/2022\/10\/Dziubiel_Agnieszka_Warszawa_Piekna_66a_front_balkon_pierwsze_pietro_po_lewej_nad_wejsciem_01-2048x1530.jpg 2048w, http:\/\/lapidarium.fundacja-hereditas.pl\/wp-content\/uploads\/2022\/10\/Dziubiel_Agnieszka_Warszawa_Piekna_66a_front_balkon_pierwsze_pietro_po_lewej_nad_wejsciem_01-150x112.jpg 150w, http:\/\/lapidarium.fundacja-hereditas.pl\/wp-content\/uploads\/2022\/10\/Dziubiel_Agnieszka_Warszawa_Piekna_66a_front_balkon_pierwsze_pietro_po_lewej_nad_wejsciem_01-696x520.jpg 696w, http:\/\/lapidarium.fundacja-hereditas.pl\/wp-content\/uploads\/2022\/10\/Dziubiel_Agnieszka_Warszawa_Piekna_66a_front_balkon_pierwsze_pietro_po_lewej_nad_wejsciem_01-1068x798.jpg 1068w, http:\/\/lapidarium.fundacja-hereditas.pl\/wp-content\/uploads\/2022\/10\/Dziubiel_Agnieszka_Warszawa_Piekna_66a_front_balkon_pierwsze_pietro_po_lewej_nad_wejsciem_01-1920x1434.jpg 1920w\" sizes=\"auto, (max-width: 2560px) 100vw, 2560px\" \/><figcaption class=\"wp-element-caption\">Elewacja frontowa. Balkon I-go pi\u0119tra. Fot. Agnieszka Dziubiel 2022 r., \u017ar\u00f3d\u0142o: AOD III.<\/figcaption><\/figure>\n\n\n\n<figure class=\"wp-block-image size-large\"><img loading=\"lazy\" decoding=\"async\" width=\"1926\" height=\"2560\" data-id=\"10996\" src=\"http:\/\/lapidarium.fundacja-hereditas.pl\/wp-content\/uploads\/2022\/10\/MM_Warszawa_Piekna66a_03_-elewacja_frontowa_balkon-scaled.jpg\" alt=\"Elewacja frontowa. Balkon I-go pi\u0119tra. Fot. Mariusz Majewski 2022 r., \u017ar\u00f3d\u0142o: AOD III.\" class=\"wp-image-10996\" srcset=\"http:\/\/lapidarium.fundacja-hereditas.pl\/wp-content\/uploads\/2022\/10\/MM_Warszawa_Piekna66a_03_-elewacja_frontowa_balkon-scaled.jpg 1926w, http:\/\/lapidarium.fundacja-hereditas.pl\/wp-content\/uploads\/2022\/10\/MM_Warszawa_Piekna66a_03_-elewacja_frontowa_balkon-226x300.jpg 226w, http:\/\/lapidarium.fundacja-hereditas.pl\/wp-content\/uploads\/2022\/10\/MM_Warszawa_Piekna66a_03_-elewacja_frontowa_balkon-770x1024.jpg 770w, http:\/\/lapidarium.fundacja-hereditas.pl\/wp-content\/uploads\/2022\/10\/MM_Warszawa_Piekna66a_03_-elewacja_frontowa_balkon-768x1021.jpg 768w, http:\/\/lapidarium.fundacja-hereditas.pl\/wp-content\/uploads\/2022\/10\/MM_Warszawa_Piekna66a_03_-elewacja_frontowa_balkon-1156x1536.jpg 1156w, http:\/\/lapidarium.fundacja-hereditas.pl\/wp-content\/uploads\/2022\/10\/MM_Warszawa_Piekna66a_03_-elewacja_frontowa_balkon-1541x2048.jpg 1541w, http:\/\/lapidarium.fundacja-hereditas.pl\/wp-content\/uploads\/2022\/10\/MM_Warszawa_Piekna66a_03_-elewacja_frontowa_balkon-150x199.jpg 150w, http:\/\/lapidarium.fundacja-hereditas.pl\/wp-content\/uploads\/2022\/10\/MM_Warszawa_Piekna66a_03_-elewacja_frontowa_balkon-300x399.jpg 300w, http:\/\/lapidarium.fundacja-hereditas.pl\/wp-content\/uploads\/2022\/10\/MM_Warszawa_Piekna66a_03_-elewacja_frontowa_balkon-696x925.jpg 696w, http:\/\/lapidarium.fundacja-hereditas.pl\/wp-content\/uploads\/2022\/10\/MM_Warszawa_Piekna66a_03_-elewacja_frontowa_balkon-1068x1419.jpg 1068w, http:\/\/lapidarium.fundacja-hereditas.pl\/wp-content\/uploads\/2022\/10\/MM_Warszawa_Piekna66a_03_-elewacja_frontowa_balkon-1920x2552.jpg 1920w\" sizes=\"auto, (max-width: 1926px) 100vw, 1926px\" \/><figcaption class=\"wp-element-caption\">Elewacja frontowa. Balkon I-go pi\u0119tra. Fot. Mariusz Majewski 2022 r., \u017ar\u00f3d\u0142o: AOD III.<\/figcaption><\/figure>\n\n\n\n<figure class=\"wp-block-image size-large\"><img loading=\"lazy\" decoding=\"async\" width=\"1938\" height=\"2560\" data-id=\"10979\" src=\"http:\/\/lapidarium.fundacja-hereditas.pl\/wp-content\/uploads\/2022\/10\/Aga_Sienk_ul_Piekna_66_A_elewacja_frontowa_wspornik_balkonu-scaled.jpg\" alt=\"Elewacja frontowa. Wspornik balkonu I-go pi\u0119tra. Fot. Agnieszka Sienkiewicz 2022 r., \u017ar\u00f3d\u0142o: AOD III.\" class=\"wp-image-10979\" srcset=\"http:\/\/lapidarium.fundacja-hereditas.pl\/wp-content\/uploads\/2022\/10\/Aga_Sienk_ul_Piekna_66_A_elewacja_frontowa_wspornik_balkonu-scaled.jpg 1938w, http:\/\/lapidarium.fundacja-hereditas.pl\/wp-content\/uploads\/2022\/10\/Aga_Sienk_ul_Piekna_66_A_elewacja_frontowa_wspornik_balkonu-227x300.jpg 227w, http:\/\/lapidarium.fundacja-hereditas.pl\/wp-content\/uploads\/2022\/10\/Aga_Sienk_ul_Piekna_66_A_elewacja_frontowa_wspornik_balkonu-775x1024.jpg 775w, http:\/\/lapidarium.fundacja-hereditas.pl\/wp-content\/uploads\/2022\/10\/Aga_Sienk_ul_Piekna_66_A_elewacja_frontowa_wspornik_balkonu-768x1015.jpg 768w, http:\/\/lapidarium.fundacja-hereditas.pl\/wp-content\/uploads\/2022\/10\/Aga_Sienk_ul_Piekna_66_A_elewacja_frontowa_wspornik_balkonu-1163x1536.jpg 1163w, http:\/\/lapidarium.fundacja-hereditas.pl\/wp-content\/uploads\/2022\/10\/Aga_Sienk_ul_Piekna_66_A_elewacja_frontowa_wspornik_balkonu-1550x2048.jpg 1550w, http:\/\/lapidarium.fundacja-hereditas.pl\/wp-content\/uploads\/2022\/10\/Aga_Sienk_ul_Piekna_66_A_elewacja_frontowa_wspornik_balkonu-150x198.jpg 150w, http:\/\/lapidarium.fundacja-hereditas.pl\/wp-content\/uploads\/2022\/10\/Aga_Sienk_ul_Piekna_66_A_elewacja_frontowa_wspornik_balkonu-300x396.jpg 300w, http:\/\/lapidarium.fundacja-hereditas.pl\/wp-content\/uploads\/2022\/10\/Aga_Sienk_ul_Piekna_66_A_elewacja_frontowa_wspornik_balkonu-696x919.jpg 696w, http:\/\/lapidarium.fundacja-hereditas.pl\/wp-content\/uploads\/2022\/10\/Aga_Sienk_ul_Piekna_66_A_elewacja_frontowa_wspornik_balkonu-1068x1411.jpg 1068w, http:\/\/lapidarium.fundacja-hereditas.pl\/wp-content\/uploads\/2022\/10\/Aga_Sienk_ul_Piekna_66_A_elewacja_frontowa_wspornik_balkonu-1920x2536.jpg 1920w\" sizes=\"auto, (max-width: 1938px) 100vw, 1938px\" \/><figcaption class=\"wp-element-caption\">Elewacja frontowa. Wspornik balkonu I-go pi\u0119tra. Fot. Agnieszka Sienkiewicz 2022 r., \u017ar\u00f3d\u0142o: AOD III.<\/figcaption><\/figure>\n\n\n\n<figure class=\"wp-block-image size-large\"><img loading=\"lazy\" decoding=\"async\" width=\"2560\" height=\"1724\" data-id=\"11007\" src=\"http:\/\/lapidarium.fundacja-hereditas.pl\/wp-content\/uploads\/2022\/10\/Warszawa_Piekna_66a_elewacja_frontowa_okna_balkony_podniebienie_Iwona_Otrebska-14-scaled.jpg\" alt=\"Elewacja frontowa. Widok od ulicy. Wsporniki balkonu I-go pi\u0119tra. Fot. Iwona Otr\u0119bska 2022 r., \u017ar\u00f3d\u0142o: AOD III.\" class=\"wp-image-11007\" srcset=\"http:\/\/lapidarium.fundacja-hereditas.pl\/wp-content\/uploads\/2022\/10\/Warszawa_Piekna_66a_elewacja_frontowa_okna_balkony_podniebienie_Iwona_Otrebska-14-scaled.jpg 2560w, http:\/\/lapidarium.fundacja-hereditas.pl\/wp-content\/uploads\/2022\/10\/Warszawa_Piekna_66a_elewacja_frontowa_okna_balkony_podniebienie_Iwona_Otrebska-14-300x202.jpg 300w, http:\/\/lapidarium.fundacja-hereditas.pl\/wp-content\/uploads\/2022\/10\/Warszawa_Piekna_66a_elewacja_frontowa_okna_balkony_podniebienie_Iwona_Otrebska-14-1024x689.jpg 1024w, http:\/\/lapidarium.fundacja-hereditas.pl\/wp-content\/uploads\/2022\/10\/Warszawa_Piekna_66a_elewacja_frontowa_okna_balkony_podniebienie_Iwona_Otrebska-14-768x517.jpg 768w, http:\/\/lapidarium.fundacja-hereditas.pl\/wp-content\/uploads\/2022\/10\/Warszawa_Piekna_66a_elewacja_frontowa_okna_balkony_podniebienie_Iwona_Otrebska-14-1536x1034.jpg 1536w, http:\/\/lapidarium.fundacja-hereditas.pl\/wp-content\/uploads\/2022\/10\/Warszawa_Piekna_66a_elewacja_frontowa_okna_balkony_podniebienie_Iwona_Otrebska-14-2048x1379.jpg 2048w, http:\/\/lapidarium.fundacja-hereditas.pl\/wp-content\/uploads\/2022\/10\/Warszawa_Piekna_66a_elewacja_frontowa_okna_balkony_podniebienie_Iwona_Otrebska-14-150x101.jpg 150w, http:\/\/lapidarium.fundacja-hereditas.pl\/wp-content\/uploads\/2022\/10\/Warszawa_Piekna_66a_elewacja_frontowa_okna_balkony_podniebienie_Iwona_Otrebska-14-696x469.jpg 696w, http:\/\/lapidarium.fundacja-hereditas.pl\/wp-content\/uploads\/2022\/10\/Warszawa_Piekna_66a_elewacja_frontowa_okna_balkony_podniebienie_Iwona_Otrebska-14-1068x719.jpg 1068w, http:\/\/lapidarium.fundacja-hereditas.pl\/wp-content\/uploads\/2022\/10\/Warszawa_Piekna_66a_elewacja_frontowa_okna_balkony_podniebienie_Iwona_Otrebska-14-1920x1293.jpg 1920w\" sizes=\"auto, (max-width: 2560px) 100vw, 2560px\" \/><figcaption class=\"wp-element-caption\">Elewacja frontowa. Widok od ulicy. Wsporniki balkonu I-go pi\u0119tra. Fot. Iwona Otr\u0119bska 2022 r., \u017ar\u00f3d\u0142o: AOD III.<\/figcaption><\/figure>\n\n\n\n<figure class=\"wp-block-image size-large\"><img loading=\"lazy\" decoding=\"async\" width=\"2014\" height=\"2560\" data-id=\"10989\" src=\"http:\/\/lapidarium.fundacja-hereditas.pl\/wp-content\/uploads\/2022\/10\/Dziubiel_Agnieszka_Warszawa_Piekna_66a_front_balkon_wspornik_pierwsze_pietro_po_lewej_nad_wejsciem_02-scaled.jpg\" alt=\"Elewacja frontowa. Wspornik balkonu I-go pi\u0119tra. Fot. Agnieszka Dziubiel 2022 r., \u017ar\u00f3d\u0142o: AOD III.\" class=\"wp-image-10989\" srcset=\"http:\/\/lapidarium.fundacja-hereditas.pl\/wp-content\/uploads\/2022\/10\/Dziubiel_Agnieszka_Warszawa_Piekna_66a_front_balkon_wspornik_pierwsze_pietro_po_lewej_nad_wejsciem_02-scaled.jpg 2014w, http:\/\/lapidarium.fundacja-hereditas.pl\/wp-content\/uploads\/2022\/10\/Dziubiel_Agnieszka_Warszawa_Piekna_66a_front_balkon_wspornik_pierwsze_pietro_po_lewej_nad_wejsciem_02-236x300.jpg 236w, http:\/\/lapidarium.fundacja-hereditas.pl\/wp-content\/uploads\/2022\/10\/Dziubiel_Agnieszka_Warszawa_Piekna_66a_front_balkon_wspornik_pierwsze_pietro_po_lewej_nad_wejsciem_02-806x1024.jpg 806w, http:\/\/lapidarium.fundacja-hereditas.pl\/wp-content\/uploads\/2022\/10\/Dziubiel_Agnieszka_Warszawa_Piekna_66a_front_balkon_wspornik_pierwsze_pietro_po_lewej_nad_wejsciem_02-768x976.jpg 768w, http:\/\/lapidarium.fundacja-hereditas.pl\/wp-content\/uploads\/2022\/10\/Dziubiel_Agnieszka_Warszawa_Piekna_66a_front_balkon_wspornik_pierwsze_pietro_po_lewej_nad_wejsciem_02-1208x1536.jpg 1208w, http:\/\/lapidarium.fundacja-hereditas.pl\/wp-content\/uploads\/2022\/10\/Dziubiel_Agnieszka_Warszawa_Piekna_66a_front_balkon_wspornik_pierwsze_pietro_po_lewej_nad_wejsciem_02-1611x2048.jpg 1611w, http:\/\/lapidarium.fundacja-hereditas.pl\/wp-content\/uploads\/2022\/10\/Dziubiel_Agnieszka_Warszawa_Piekna_66a_front_balkon_wspornik_pierwsze_pietro_po_lewej_nad_wejsciem_02-150x191.jpg 150w, http:\/\/lapidarium.fundacja-hereditas.pl\/wp-content\/uploads\/2022\/10\/Dziubiel_Agnieszka_Warszawa_Piekna_66a_front_balkon_wspornik_pierwsze_pietro_po_lewej_nad_wejsciem_02-300x381.jpg 300w, http:\/\/lapidarium.fundacja-hereditas.pl\/wp-content\/uploads\/2022\/10\/Dziubiel_Agnieszka_Warszawa_Piekna_66a_front_balkon_wspornik_pierwsze_pietro_po_lewej_nad_wejsciem_02-696x885.jpg 696w, http:\/\/lapidarium.fundacja-hereditas.pl\/wp-content\/uploads\/2022\/10\/Dziubiel_Agnieszka_Warszawa_Piekna_66a_front_balkon_wspornik_pierwsze_pietro_po_lewej_nad_wejsciem_02-1068x1358.jpg 1068w, http:\/\/lapidarium.fundacja-hereditas.pl\/wp-content\/uploads\/2022\/10\/Dziubiel_Agnieszka_Warszawa_Piekna_66a_front_balkon_wspornik_pierwsze_pietro_po_lewej_nad_wejsciem_02-1920x2441.jpg 1920w\" sizes=\"auto, (max-width: 2014px) 100vw, 2014px\" \/><figcaption class=\"wp-element-caption\">Elewacja frontowa. Wspornik balkonu I-go pi\u0119tra. Fot. Agnieszka Dziubiel 2022 r., \u017ar\u00f3d\u0142o: AOD III.<\/figcaption><\/figure>\n\n\n\n<figure class=\"wp-block-image size-large\"><img loading=\"lazy\" decoding=\"async\" width=\"2560\" height=\"1935\" data-id=\"10990\" src=\"http:\/\/lapidarium.fundacja-hereditas.pl\/wp-content\/uploads\/2022\/10\/Dziubiel_Agnieszka_Warszawa_Piekna_66a_front_balkony_z_prawej_strony_01-scaled.jpg\" alt=\"Elewacja frontowa. Balkony we wschodniej cz\u0119\u015bci fasady. Fot. Agnieszka Dziubiel 2022 r., \u017ar\u00f3d\u0142o: AOD III.\" class=\"wp-image-10990\" srcset=\"http:\/\/lapidarium.fundacja-hereditas.pl\/wp-content\/uploads\/2022\/10\/Dziubiel_Agnieszka_Warszawa_Piekna_66a_front_balkony_z_prawej_strony_01-scaled.jpg 2560w, http:\/\/lapidarium.fundacja-hereditas.pl\/wp-content\/uploads\/2022\/10\/Dziubiel_Agnieszka_Warszawa_Piekna_66a_front_balkony_z_prawej_strony_01-300x227.jpg 300w, http:\/\/lapidarium.fundacja-hereditas.pl\/wp-content\/uploads\/2022\/10\/Dziubiel_Agnieszka_Warszawa_Piekna_66a_front_balkony_z_prawej_strony_01-1024x774.jpg 1024w, http:\/\/lapidarium.fundacja-hereditas.pl\/wp-content\/uploads\/2022\/10\/Dziubiel_Agnieszka_Warszawa_Piekna_66a_front_balkony_z_prawej_strony_01-768x580.jpg 768w, http:\/\/lapidarium.fundacja-hereditas.pl\/wp-content\/uploads\/2022\/10\/Dziubiel_Agnieszka_Warszawa_Piekna_66a_front_balkony_z_prawej_strony_01-1536x1161.jpg 1536w, http:\/\/lapidarium.fundacja-hereditas.pl\/wp-content\/uploads\/2022\/10\/Dziubiel_Agnieszka_Warszawa_Piekna_66a_front_balkony_z_prawej_strony_01-2048x1548.jpg 2048w, http:\/\/lapidarium.fundacja-hereditas.pl\/wp-content\/uploads\/2022\/10\/Dziubiel_Agnieszka_Warszawa_Piekna_66a_front_balkony_z_prawej_strony_01-150x113.jpg 150w, http:\/\/lapidarium.fundacja-hereditas.pl\/wp-content\/uploads\/2022\/10\/Dziubiel_Agnieszka_Warszawa_Piekna_66a_front_balkony_z_prawej_strony_01-696x526.jpg 696w, http:\/\/lapidarium.fundacja-hereditas.pl\/wp-content\/uploads\/2022\/10\/Dziubiel_Agnieszka_Warszawa_Piekna_66a_front_balkony_z_prawej_strony_01-1068x807.jpg 1068w, http:\/\/lapidarium.fundacja-hereditas.pl\/wp-content\/uploads\/2022\/10\/Dziubiel_Agnieszka_Warszawa_Piekna_66a_front_balkony_z_prawej_strony_01-1920x1451.jpg 1920w\" sizes=\"auto, (max-width: 2560px) 100vw, 2560px\" \/><figcaption class=\"wp-element-caption\">Elewacja frontowa. Balkony we wschodniej cz\u0119\u015bci fasady. Fot. Agnieszka Dziubiel 2022 r., \u017ar\u00f3d\u0142o: AOD III.<\/figcaption><\/figure>\n\n\n\n<figure class=\"wp-block-image size-large\"><img loading=\"lazy\" decoding=\"async\" width=\"1889\" height=\"2560\" data-id=\"10987\" src=\"http:\/\/lapidarium.fundacja-hereditas.pl\/wp-content\/uploads\/2022\/10\/BR_Warszawa_ul_Piekna_66A_elewacja_forntowa_fragment_02-scaled.jpg\" alt=\"Elewacja frontowa. Balkony we wschodniej cz\u0119\u015bci fasady. Fot. Bo\u017cena Rudzisz 2022 r., \u017ar\u00f3d\u0142o: AOD III.\" class=\"wp-image-10987\" srcset=\"http:\/\/lapidarium.fundacja-hereditas.pl\/wp-content\/uploads\/2022\/10\/BR_Warszawa_ul_Piekna_66A_elewacja_forntowa_fragment_02-scaled.jpg 1889w, http:\/\/lapidarium.fundacja-hereditas.pl\/wp-content\/uploads\/2022\/10\/BR_Warszawa_ul_Piekna_66A_elewacja_forntowa_fragment_02-221x300.jpg 221w, http:\/\/lapidarium.fundacja-hereditas.pl\/wp-content\/uploads\/2022\/10\/BR_Warszawa_ul_Piekna_66A_elewacja_forntowa_fragment_02-756x1024.jpg 756w, http:\/\/lapidarium.fundacja-hereditas.pl\/wp-content\/uploads\/2022\/10\/BR_Warszawa_ul_Piekna_66A_elewacja_forntowa_fragment_02-768x1041.jpg 768w, http:\/\/lapidarium.fundacja-hereditas.pl\/wp-content\/uploads\/2022\/10\/BR_Warszawa_ul_Piekna_66A_elewacja_forntowa_fragment_02-1133x1536.jpg 1133w, http:\/\/lapidarium.fundacja-hereditas.pl\/wp-content\/uploads\/2022\/10\/BR_Warszawa_ul_Piekna_66A_elewacja_forntowa_fragment_02-1511x2048.jpg 1511w, http:\/\/lapidarium.fundacja-hereditas.pl\/wp-content\/uploads\/2022\/10\/BR_Warszawa_ul_Piekna_66A_elewacja_forntowa_fragment_02-150x203.jpg 150w, http:\/\/lapidarium.fundacja-hereditas.pl\/wp-content\/uploads\/2022\/10\/BR_Warszawa_ul_Piekna_66A_elewacja_forntowa_fragment_02-300x407.jpg 300w, http:\/\/lapidarium.fundacja-hereditas.pl\/wp-content\/uploads\/2022\/10\/BR_Warszawa_ul_Piekna_66A_elewacja_forntowa_fragment_02-696x943.jpg 696w, http:\/\/lapidarium.fundacja-hereditas.pl\/wp-content\/uploads\/2022\/10\/BR_Warszawa_ul_Piekna_66A_elewacja_forntowa_fragment_02-1068x1447.jpg 1068w, http:\/\/lapidarium.fundacja-hereditas.pl\/wp-content\/uploads\/2022\/10\/BR_Warszawa_ul_Piekna_66A_elewacja_forntowa_fragment_02-1920x2602.jpg 1920w\" sizes=\"auto, (max-width: 1889px) 100vw, 1889px\" \/><figcaption class=\"wp-element-caption\">Elewacja frontowa. Balkony we wschodniej cz\u0119\u015bci fasady. Fot. Bo\u017cena Rudzisz 2022 r., \u017ar\u00f3d\u0142o: AOD III.<\/figcaption><\/figure>\n\n\n\n<figure class=\"wp-block-image size-large\"><img loading=\"lazy\" decoding=\"async\" width=\"1882\" height=\"2560\" data-id=\"11005\" src=\"http:\/\/lapidarium.fundacja-hereditas.pl\/wp-content\/uploads\/2022\/10\/Piekna_fasada_kratownica-scaled.jpg\" alt=\"Elewacja frontowa. Krata okna na parterze. Na kracie monogram &quot;CSO&quot;. Fot. Marta Ku\u017ami\u0144ska 2022 r., \u017ar\u00f3d\u0142o: AOD III.\" class=\"wp-image-11005\" srcset=\"http:\/\/lapidarium.fundacja-hereditas.pl\/wp-content\/uploads\/2022\/10\/Piekna_fasada_kratownica-scaled.jpg 1882w, http:\/\/lapidarium.fundacja-hereditas.pl\/wp-content\/uploads\/2022\/10\/Piekna_fasada_kratownica-221x300.jpg 221w, http:\/\/lapidarium.fundacja-hereditas.pl\/wp-content\/uploads\/2022\/10\/Piekna_fasada_kratownica-753x1024.jpg 753w, http:\/\/lapidarium.fundacja-hereditas.pl\/wp-content\/uploads\/2022\/10\/Piekna_fasada_kratownica-768x1045.jpg 768w, http:\/\/lapidarium.fundacja-hereditas.pl\/wp-content\/uploads\/2022\/10\/Piekna_fasada_kratownica-1129x1536.jpg 1129w, http:\/\/lapidarium.fundacja-hereditas.pl\/wp-content\/uploads\/2022\/10\/Piekna_fasada_kratownica-1505x2048.jpg 1505w, http:\/\/lapidarium.fundacja-hereditas.pl\/wp-content\/uploads\/2022\/10\/Piekna_fasada_kratownica-150x204.jpg 150w, http:\/\/lapidarium.fundacja-hereditas.pl\/wp-content\/uploads\/2022\/10\/Piekna_fasada_kratownica-300x408.jpg 300w, http:\/\/lapidarium.fundacja-hereditas.pl\/wp-content\/uploads\/2022\/10\/Piekna_fasada_kratownica-696x947.jpg 696w, http:\/\/lapidarium.fundacja-hereditas.pl\/wp-content\/uploads\/2022\/10\/Piekna_fasada_kratownica-1068x1453.jpg 1068w, http:\/\/lapidarium.fundacja-hereditas.pl\/wp-content\/uploads\/2022\/10\/Piekna_fasada_kratownica-1920x2612.jpg 1920w\" sizes=\"auto, (max-width: 1882px) 100vw, 1882px\" \/><figcaption class=\"wp-element-caption\">Elewacja frontowa. Krata okna na parterze. Na kracie monogram &#8222;CSO&#8221;. Fot. Marta Ku\u017ami\u0144ska 2022 r., \u017ar\u00f3d\u0142o: AOD III.<\/figcaption><\/figure>\n\n\n\n<figure class=\"wp-block-image size-large\"><img loading=\"lazy\" decoding=\"async\" width=\"2560\" height=\"1877\" data-id=\"10992\" src=\"http:\/\/lapidarium.fundacja-hereditas.pl\/wp-content\/uploads\/2022\/10\/Dziubiel_Agnieszka_Warszawa_Piekna_66a_front_okienko_piwniczne-scaled.jpg\" alt=\"Elewacja frontowa. Okienka piwniczne. Fot. Agnieszka Dziubiel 2022 r., \u017ar\u00f3d\u0142o: AOD III.\" class=\"wp-image-10992\" srcset=\"http:\/\/lapidarium.fundacja-hereditas.pl\/wp-content\/uploads\/2022\/10\/Dziubiel_Agnieszka_Warszawa_Piekna_66a_front_okienko_piwniczne-scaled.jpg 2560w, http:\/\/lapidarium.fundacja-hereditas.pl\/wp-content\/uploads\/2022\/10\/Dziubiel_Agnieszka_Warszawa_Piekna_66a_front_okienko_piwniczne-300x220.jpg 300w, http:\/\/lapidarium.fundacja-hereditas.pl\/wp-content\/uploads\/2022\/10\/Dziubiel_Agnieszka_Warszawa_Piekna_66a_front_okienko_piwniczne-1024x751.jpg 1024w, http:\/\/lapidarium.fundacja-hereditas.pl\/wp-content\/uploads\/2022\/10\/Dziubiel_Agnieszka_Warszawa_Piekna_66a_front_okienko_piwniczne-768x563.jpg 768w, http:\/\/lapidarium.fundacja-hereditas.pl\/wp-content\/uploads\/2022\/10\/Dziubiel_Agnieszka_Warszawa_Piekna_66a_front_okienko_piwniczne-1536x1126.jpg 1536w, http:\/\/lapidarium.fundacja-hereditas.pl\/wp-content\/uploads\/2022\/10\/Dziubiel_Agnieszka_Warszawa_Piekna_66a_front_okienko_piwniczne-2048x1501.jpg 2048w, http:\/\/lapidarium.fundacja-hereditas.pl\/wp-content\/uploads\/2022\/10\/Dziubiel_Agnieszka_Warszawa_Piekna_66a_front_okienko_piwniczne-150x110.jpg 150w, http:\/\/lapidarium.fundacja-hereditas.pl\/wp-content\/uploads\/2022\/10\/Dziubiel_Agnieszka_Warszawa_Piekna_66a_front_okienko_piwniczne-696x510.jpg 696w, http:\/\/lapidarium.fundacja-hereditas.pl\/wp-content\/uploads\/2022\/10\/Dziubiel_Agnieszka_Warszawa_Piekna_66a_front_okienko_piwniczne-1068x783.jpg 1068w, http:\/\/lapidarium.fundacja-hereditas.pl\/wp-content\/uploads\/2022\/10\/Dziubiel_Agnieszka_Warszawa_Piekna_66a_front_okienko_piwniczne-1920x1407.jpg 1920w\" sizes=\"auto, (max-width: 2560px) 100vw, 2560px\" \/><figcaption class=\"wp-element-caption\">Elewacja frontowa. Okienka piwniczne. Fot. Agnieszka Dziubiel 2022 r., \u017ar\u00f3d\u0142o: AOD III.<\/figcaption><\/figure>\n\n\n\n<figure class=\"wp-block-image size-large\"><img loading=\"lazy\" decoding=\"async\" width=\"1949\" height=\"2560\" data-id=\"10991\" src=\"http:\/\/lapidarium.fundacja-hereditas.pl\/wp-content\/uploads\/2022\/10\/Dziubiel_Agnieszka_Warszawa_Piekna_66a_front_cokol_03-scaled.jpg\" alt=\"Elewacja frontowa. Cok\u00f3\u0142 przyziemia. Fot. Agnieszka Dziubiel 2022 r., \u017ar\u00f3d\u0142o: AOD III.\" class=\"wp-image-10991\" srcset=\"http:\/\/lapidarium.fundacja-hereditas.pl\/wp-content\/uploads\/2022\/10\/Dziubiel_Agnieszka_Warszawa_Piekna_66a_front_cokol_03-scaled.jpg 1949w, http:\/\/lapidarium.fundacja-hereditas.pl\/wp-content\/uploads\/2022\/10\/Dziubiel_Agnieszka_Warszawa_Piekna_66a_front_cokol_03-228x300.jpg 228w\" sizes=\"auto, (max-width: 1949px) 100vw, 1949px\" \/><figcaption class=\"wp-element-caption\">Elewacja frontowa. Cok\u00f3\u0142 przyziemia. Fot. Agnieszka Dziubiel 2022 r., \u017ar\u00f3d\u0142o: AOD III.<\/figcaption><\/figure>\n\n\n\n<figure class=\"wp-block-image size-large\"><img loading=\"lazy\" decoding=\"async\" width=\"1905\" height=\"2512\" data-id=\"11004\" src=\"http:\/\/lapidarium.fundacja-hereditas.pl\/wp-content\/uploads\/2022\/10\/Piekna_66a_drzwi_bramne.jpg\" alt=\"Brama - fragment ozdobnych wr\u00f3t. Fot. Marta Ku\u017ami\u0144ska 2022 r., \u017ar\u00f3d\u0142o: AOD III.\" class=\"wp-image-11004\" srcset=\"http:\/\/lapidarium.fundacja-hereditas.pl\/wp-content\/uploads\/2022\/10\/Piekna_66a_drzwi_bramne.jpg 1905w, http:\/\/lapidarium.fundacja-hereditas.pl\/wp-content\/uploads\/2022\/10\/Piekna_66a_drzwi_bramne-228x300.jpg 228w, http:\/\/lapidarium.fundacja-hereditas.pl\/wp-content\/uploads\/2022\/10\/Piekna_66a_drzwi_bramne-777x1024.jpg 777w, http:\/\/lapidarium.fundacja-hereditas.pl\/wp-content\/uploads\/2022\/10\/Piekna_66a_drzwi_bramne-768x1013.jpg 768w, http:\/\/lapidarium.fundacja-hereditas.pl\/wp-content\/uploads\/2022\/10\/Piekna_66a_drzwi_bramne-1165x1536.jpg 1165w, http:\/\/lapidarium.fundacja-hereditas.pl\/wp-content\/uploads\/2022\/10\/Piekna_66a_drzwi_bramne-1553x2048.jpg 1553w, http:\/\/lapidarium.fundacja-hereditas.pl\/wp-content\/uploads\/2022\/10\/Piekna_66a_drzwi_bramne-150x198.jpg 150w, http:\/\/lapidarium.fundacja-hereditas.pl\/wp-content\/uploads\/2022\/10\/Piekna_66a_drzwi_bramne-300x396.jpg 300w, http:\/\/lapidarium.fundacja-hereditas.pl\/wp-content\/uploads\/2022\/10\/Piekna_66a_drzwi_bramne-696x918.jpg 696w, http:\/\/lapidarium.fundacja-hereditas.pl\/wp-content\/uploads\/2022\/10\/Piekna_66a_drzwi_bramne-1068x1408.jpg 1068w\" sizes=\"auto, (max-width: 1905px) 100vw, 1905px\" \/><figcaption class=\"wp-element-caption\">Brama &#8211; fragment ozdobnych wr\u00f3t. Fot. Marta Ku\u017ami\u0144ska 2022 r., \u017ar\u00f3d\u0142o: AOD III.<\/figcaption><\/figure>\n\n\n\n<figure class=\"wp-block-image size-large\"><img loading=\"lazy\" decoding=\"async\" width=\"1805\" height=\"2560\" data-id=\"11003\" src=\"http:\/\/lapidarium.fundacja-hereditas.pl\/wp-content\/uploads\/2022\/10\/Piekna_66a_drzwi_bramne-3-scaled.jpg\" alt=\"Przejazd bramny. Widok ku ulicy. Fot. Marta Ku\u017ami\u0144ska 2022 r., \u017ar\u00f3d\u0142o: AOD III.\" class=\"wp-image-11003\" srcset=\"http:\/\/lapidarium.fundacja-hereditas.pl\/wp-content\/uploads\/2022\/10\/Piekna_66a_drzwi_bramne-3-scaled.jpg 1805w, http:\/\/lapidarium.fundacja-hereditas.pl\/wp-content\/uploads\/2022\/10\/Piekna_66a_drzwi_bramne-3-212x300.jpg 212w, http:\/\/lapidarium.fundacja-hereditas.pl\/wp-content\/uploads\/2022\/10\/Piekna_66a_drzwi_bramne-3-722x1024.jpg 722w, http:\/\/lapidarium.fundacja-hereditas.pl\/wp-content\/uploads\/2022\/10\/Piekna_66a_drzwi_bramne-3-768x1089.jpg 768w, http:\/\/lapidarium.fundacja-hereditas.pl\/wp-content\/uploads\/2022\/10\/Piekna_66a_drzwi_bramne-3-1083x1536.jpg 1083w, http:\/\/lapidarium.fundacja-hereditas.pl\/wp-content\/uploads\/2022\/10\/Piekna_66a_drzwi_bramne-3-1444x2048.jpg 1444w, http:\/\/lapidarium.fundacja-hereditas.pl\/wp-content\/uploads\/2022\/10\/Piekna_66a_drzwi_bramne-3-150x213.jpg 150w, http:\/\/lapidarium.fundacja-hereditas.pl\/wp-content\/uploads\/2022\/10\/Piekna_66a_drzwi_bramne-3-300x425.jpg 300w, http:\/\/lapidarium.fundacja-hereditas.pl\/wp-content\/uploads\/2022\/10\/Piekna_66a_drzwi_bramne-3-696x987.jpg 696w, http:\/\/lapidarium.fundacja-hereditas.pl\/wp-content\/uploads\/2022\/10\/Piekna_66a_drzwi_bramne-3-1068x1515.jpg 1068w\" sizes=\"auto, (max-width: 1805px) 100vw, 1805px\" \/><figcaption class=\"wp-element-caption\">Przejazd bramny. Widok ku ulicy. Fot. Marta Ku\u017ami\u0144ska 2022 r., \u017ar\u00f3d\u0142o: AOD III.<\/figcaption><\/figure>\n\n\n\n<figure class=\"wp-block-image size-large\"><img loading=\"lazy\" decoding=\"async\" width=\"1947\" height=\"2560\" data-id=\"10997\" src=\"http:\/\/lapidarium.fundacja-hereditas.pl\/wp-content\/uploads\/2022\/10\/MM_Warszawa_Piekna66a_04_przejazd_bramny-scaled.jpg\" alt=\"Przejazd Bramny. Widok od ulicy. Fot. Mariusz Majewski 2022 r., \u017ar\u00f3d\u0142o: AOD III.\" class=\"wp-image-10997\" srcset=\"http:\/\/lapidarium.fundacja-hereditas.pl\/wp-content\/uploads\/2022\/10\/MM_Warszawa_Piekna66a_04_przejazd_bramny-scaled.jpg 1947w, http:\/\/lapidarium.fundacja-hereditas.pl\/wp-content\/uploads\/2022\/10\/MM_Warszawa_Piekna66a_04_przejazd_bramny-228x300.jpg 228w, http:\/\/lapidarium.fundacja-hereditas.pl\/wp-content\/uploads\/2022\/10\/MM_Warszawa_Piekna66a_04_przejazd_bramny-779x1024.jpg 779w, http:\/\/lapidarium.fundacja-hereditas.pl\/wp-content\/uploads\/2022\/10\/MM_Warszawa_Piekna66a_04_przejazd_bramny-768x1010.jpg 768w, http:\/\/lapidarium.fundacja-hereditas.pl\/wp-content\/uploads\/2022\/10\/MM_Warszawa_Piekna66a_04_przejazd_bramny-1168x1536.jpg 1168w, http:\/\/lapidarium.fundacja-hereditas.pl\/wp-content\/uploads\/2022\/10\/MM_Warszawa_Piekna66a_04_przejazd_bramny-1557x2048.jpg 1557w, http:\/\/lapidarium.fundacja-hereditas.pl\/wp-content\/uploads\/2022\/10\/MM_Warszawa_Piekna66a_04_przejazd_bramny-150x197.jpg 150w, http:\/\/lapidarium.fundacja-hereditas.pl\/wp-content\/uploads\/2022\/10\/MM_Warszawa_Piekna66a_04_przejazd_bramny-300x395.jpg 300w, http:\/\/lapidarium.fundacja-hereditas.pl\/wp-content\/uploads\/2022\/10\/MM_Warszawa_Piekna66a_04_przejazd_bramny-696x915.jpg 696w, http:\/\/lapidarium.fundacja-hereditas.pl\/wp-content\/uploads\/2022\/10\/MM_Warszawa_Piekna66a_04_przejazd_bramny-1068x1405.jpg 1068w, http:\/\/lapidarium.fundacja-hereditas.pl\/wp-content\/uploads\/2022\/10\/MM_Warszawa_Piekna66a_04_przejazd_bramny-1920x2525.jpg 1920w\" sizes=\"auto, (max-width: 1947px) 100vw, 1947px\" \/><figcaption class=\"wp-element-caption\">Przejazd Bramny. Widok od ulicy. Fot. Mariusz Majewski 2022 r., \u017ar\u00f3d\u0142o: AOD III.<\/figcaption><\/figure>\n\n\n\n<figure class=\"wp-block-image size-large\"><img loading=\"lazy\" decoding=\"async\" width=\"1660\" height=\"2305\" data-id=\"11002\" src=\"http:\/\/lapidarium.fundacja-hereditas.pl\/wp-content\/uploads\/2022\/10\/Piekna_66a_drzwi_bramne-2.jpg\" alt=\"Przejazd bramny. Widok od ulicy. Fot. Marta Ku\u017ami\u0144ska 2022 r., \u017ar\u00f3d\u0142o: AOD III.\" class=\"wp-image-11002\" srcset=\"http:\/\/lapidarium.fundacja-hereditas.pl\/wp-content\/uploads\/2022\/10\/Piekna_66a_drzwi_bramne-2.jpg 1660w, http:\/\/lapidarium.fundacja-hereditas.pl\/wp-content\/uploads\/2022\/10\/Piekna_66a_drzwi_bramne-2-216x300.jpg 216w, http:\/\/lapidarium.fundacja-hereditas.pl\/wp-content\/uploads\/2022\/10\/Piekna_66a_drzwi_bramne-2-737x1024.jpg 737w, http:\/\/lapidarium.fundacja-hereditas.pl\/wp-content\/uploads\/2022\/10\/Piekna_66a_drzwi_bramne-2-768x1066.jpg 768w, http:\/\/lapidarium.fundacja-hereditas.pl\/wp-content\/uploads\/2022\/10\/Piekna_66a_drzwi_bramne-2-1106x1536.jpg 1106w, http:\/\/lapidarium.fundacja-hereditas.pl\/wp-content\/uploads\/2022\/10\/Piekna_66a_drzwi_bramne-2-1475x2048.jpg 1475w, http:\/\/lapidarium.fundacja-hereditas.pl\/wp-content\/uploads\/2022\/10\/Piekna_66a_drzwi_bramne-2-150x208.jpg 150w, http:\/\/lapidarium.fundacja-hereditas.pl\/wp-content\/uploads\/2022\/10\/Piekna_66a_drzwi_bramne-2-300x417.jpg 300w, http:\/\/lapidarium.fundacja-hereditas.pl\/wp-content\/uploads\/2022\/10\/Piekna_66a_drzwi_bramne-2-696x966.jpg 696w, http:\/\/lapidarium.fundacja-hereditas.pl\/wp-content\/uploads\/2022\/10\/Piekna_66a_drzwi_bramne-2-1068x1483.jpg 1068w\" sizes=\"auto, (max-width: 1660px) 100vw, 1660px\" \/><figcaption class=\"wp-element-caption\">Przejazd bramny. Widok od ulicy. Fot. Marta Ku\u017ami\u0144ska 2022 r., \u017ar\u00f3d\u0142o: AOD III.<\/figcaption><\/figure>\n\n\n\n<figure class=\"wp-block-image size-large\"><img loading=\"lazy\" decoding=\"async\" width=\"1941\" height=\"2560\" data-id=\"11009\" src=\"http:\/\/lapidarium.fundacja-hereditas.pl\/wp-content\/uploads\/2022\/10\/Aga_Sienk_ul_Piekna_66_A_podworze_brama-scaled.jpg\" alt=\"Wrota bramne - widok od podw\u00f3rza. Fot. Agnieszka Sienkiewicz 2022 r., \u017ar\u00f3d\u0142o: AOD III.\" class=\"wp-image-11009\" srcset=\"http:\/\/lapidarium.fundacja-hereditas.pl\/wp-content\/uploads\/2022\/10\/Aga_Sienk_ul_Piekna_66_A_podworze_brama-scaled.jpg 1941w, http:\/\/lapidarium.fundacja-hereditas.pl\/wp-content\/uploads\/2022\/10\/Aga_Sienk_ul_Piekna_66_A_podworze_brama-227x300.jpg 227w, http:\/\/lapidarium.fundacja-hereditas.pl\/wp-content\/uploads\/2022\/10\/Aga_Sienk_ul_Piekna_66_A_podworze_brama-776x1024.jpg 776w, http:\/\/lapidarium.fundacja-hereditas.pl\/wp-content\/uploads\/2022\/10\/Aga_Sienk_ul_Piekna_66_A_podworze_brama-768x1013.jpg 768w, http:\/\/lapidarium.fundacja-hereditas.pl\/wp-content\/uploads\/2022\/10\/Aga_Sienk_ul_Piekna_66_A_podworze_brama-1165x1536.jpg 1165w, http:\/\/lapidarium.fundacja-hereditas.pl\/wp-content\/uploads\/2022\/10\/Aga_Sienk_ul_Piekna_66_A_podworze_brama-1553x2048.jpg 1553w, http:\/\/lapidarium.fundacja-hereditas.pl\/wp-content\/uploads\/2022\/10\/Aga_Sienk_ul_Piekna_66_A_podworze_brama-150x198.jpg 150w, http:\/\/lapidarium.fundacja-hereditas.pl\/wp-content\/uploads\/2022\/10\/Aga_Sienk_ul_Piekna_66_A_podworze_brama-300x396.jpg 300w, http:\/\/lapidarium.fundacja-hereditas.pl\/wp-content\/uploads\/2022\/10\/Aga_Sienk_ul_Piekna_66_A_podworze_brama-696x918.jpg 696w, http:\/\/lapidarium.fundacja-hereditas.pl\/wp-content\/uploads\/2022\/10\/Aga_Sienk_ul_Piekna_66_A_podworze_brama-1068x1408.jpg 1068w, http:\/\/lapidarium.fundacja-hereditas.pl\/wp-content\/uploads\/2022\/10\/Aga_Sienk_ul_Piekna_66_A_podworze_brama-1920x2532.jpg 1920w\" sizes=\"auto, (max-width: 1941px) 100vw, 1941px\" \/><figcaption class=\"wp-element-caption\">Wrota bramne &#8211; widok od podw\u00f3rza. Fot. Agnieszka Sienkiewicz 2022 r., \u017ar\u00f3d\u0142o: AOD III.<\/figcaption><\/figure>\n\n\n\n<figure class=\"wp-block-image size-large\"><img loading=\"lazy\" decoding=\"async\" width=\"2131\" height=\"2560\" data-id=\"10998\" src=\"http:\/\/lapidarium.fundacja-hereditas.pl\/wp-content\/uploads\/2022\/10\/MM_Warszawa_Piekna66a_05_-elewacja_tylnia-scaled.jpg\" alt=\"Elewacja podw\u00f3rzowa z przejazdem bramnym. Fot. Mariusz Majewski 2022 r., \u017ar\u00f3d\u0142o: AOD III.\" class=\"wp-image-10998\" srcset=\"http:\/\/lapidarium.fundacja-hereditas.pl\/wp-content\/uploads\/2022\/10\/MM_Warszawa_Piekna66a_05_-elewacja_tylnia-scaled.jpg 2131w, http:\/\/lapidarium.fundacja-hereditas.pl\/wp-content\/uploads\/2022\/10\/MM_Warszawa_Piekna66a_05_-elewacja_tylnia-250x300.jpg 250w, http:\/\/lapidarium.fundacja-hereditas.pl\/wp-content\/uploads\/2022\/10\/MM_Warszawa_Piekna66a_05_-elewacja_tylnia-852x1024.jpg 852w\" sizes=\"auto, (max-width: 2131px) 100vw, 2131px\" \/><figcaption class=\"wp-element-caption\">Elewacja podw\u00f3rzowa z przejazdem bramnym. Fot. Mariusz Majewski 2022 r., \u017ar\u00f3d\u0142o: AOD III.<\/figcaption><\/figure>\n\n\n\n<figure class=\"wp-block-image size-large\"><img loading=\"lazy\" decoding=\"async\" width=\"2560\" height=\"1565\" data-id=\"11008\" src=\"http:\/\/lapidarium.fundacja-hereditas.pl\/wp-content\/uploads\/2022\/10\/Warszawa_Piekna_66a_elewacja_podworzowa_Iwona_Otrebska-18-scaled.jpg\" alt=\"Dom frontowy. Widok od ty\u0142u - od podw\u00f3rza. Fot. Iwona Otr\u0119bska 2022 r., \u017ar\u00f3d\u0142o: AOD III.\" class=\"wp-image-11008\" srcset=\"http:\/\/lapidarium.fundacja-hereditas.pl\/wp-content\/uploads\/2022\/10\/Warszawa_Piekna_66a_elewacja_podworzowa_Iwona_Otrebska-18-scaled.jpg 2560w, http:\/\/lapidarium.fundacja-hereditas.pl\/wp-content\/uploads\/2022\/10\/Warszawa_Piekna_66a_elewacja_podworzowa_Iwona_Otrebska-18-300x183.jpg 300w, http:\/\/lapidarium.fundacja-hereditas.pl\/wp-content\/uploads\/2022\/10\/Warszawa_Piekna_66a_elewacja_podworzowa_Iwona_Otrebska-18-1024x626.jpg 1024w, http:\/\/lapidarium.fundacja-hereditas.pl\/wp-content\/uploads\/2022\/10\/Warszawa_Piekna_66a_elewacja_podworzowa_Iwona_Otrebska-18-768x470.jpg 768w, http:\/\/lapidarium.fundacja-hereditas.pl\/wp-content\/uploads\/2022\/10\/Warszawa_Piekna_66a_elewacja_podworzowa_Iwona_Otrebska-18-1536x939.jpg 1536w, http:\/\/lapidarium.fundacja-hereditas.pl\/wp-content\/uploads\/2022\/10\/Warszawa_Piekna_66a_elewacja_podworzowa_Iwona_Otrebska-18-2048x1252.jpg 2048w, http:\/\/lapidarium.fundacja-hereditas.pl\/wp-content\/uploads\/2022\/10\/Warszawa_Piekna_66a_elewacja_podworzowa_Iwona_Otrebska-18-150x92.jpg 150w, http:\/\/lapidarium.fundacja-hereditas.pl\/wp-content\/uploads\/2022\/10\/Warszawa_Piekna_66a_elewacja_podworzowa_Iwona_Otrebska-18-696x426.jpg 696w, http:\/\/lapidarium.fundacja-hereditas.pl\/wp-content\/uploads\/2022\/10\/Warszawa_Piekna_66a_elewacja_podworzowa_Iwona_Otrebska-18-1068x653.jpg 1068w, http:\/\/lapidarium.fundacja-hereditas.pl\/wp-content\/uploads\/2022\/10\/Warszawa_Piekna_66a_elewacja_podworzowa_Iwona_Otrebska-18-1920x1174.jpg 1920w\" sizes=\"auto, (max-width: 2560px) 100vw, 2560px\" \/><figcaption class=\"wp-element-caption\">Dom frontowy. Widok od ty\u0142u &#8211; od podw\u00f3rza. Fot. Iwona Otr\u0119bska 2022 r., \u017ar\u00f3d\u0142o: AOD III.<\/figcaption><\/figure>\n\n\n\n<figure class=\"wp-block-image size-large\"><img loading=\"lazy\" decoding=\"async\" width=\"1273\" height=\"2560\" data-id=\"10994\" src=\"http:\/\/lapidarium.fundacja-hereditas.pl\/wp-content\/uploads\/2022\/10\/Dziubiel_Agnieszka_Warszawa_Piekna_66a_tylnia_sciana_03-scaled.jpg\" alt=\"Dom frontowy. Widok od ty\u0142u - od podw\u00f3rza. Fot. Agnieszka Dziubiel 2022 r., \u017ar\u00f3d\u0142o: AOD III.\" class=\"wp-image-10994\" srcset=\"http:\/\/lapidarium.fundacja-hereditas.pl\/wp-content\/uploads\/2022\/10\/Dziubiel_Agnieszka_Warszawa_Piekna_66a_tylnia_sciana_03-scaled.jpg 1273w, http:\/\/lapidarium.fundacja-hereditas.pl\/wp-content\/uploads\/2022\/10\/Dziubiel_Agnieszka_Warszawa_Piekna_66a_tylnia_sciana_03-149x300.jpg 149w, http:\/\/lapidarium.fundacja-hereditas.pl\/wp-content\/uploads\/2022\/10\/Dziubiel_Agnieszka_Warszawa_Piekna_66a_tylnia_sciana_03-509x1024.jpg 509w\" sizes=\"auto, (max-width: 1273px) 100vw, 1273px\" \/><figcaption class=\"wp-element-caption\">Dom frontowy. Widok od ty\u0142u &#8211; od podw\u00f3rza. Fot. Agnieszka Dziubiel 2022 r., \u017ar\u00f3d\u0142o: AOD III.<\/figcaption><\/figure>\n\n\n\n<figure class=\"wp-block-image size-large\"><img loading=\"lazy\" decoding=\"async\" width=\"1907\" height=\"2560\" data-id=\"11001\" src=\"http:\/\/lapidarium.fundacja-hereditas.pl\/wp-content\/uploads\/2022\/10\/MM_Warszawa_Piekna66a_11_Vpietro_duszaklatki-scaled.jpg\" alt=\"Dusza klatki schodowej. Pi\u0119tro V. Fot. Mariusz Majewski 2022 r., \u017ar\u00f3d\u0142o: AOD III.\" class=\"wp-image-11001\" srcset=\"http:\/\/lapidarium.fundacja-hereditas.pl\/wp-content\/uploads\/2022\/10\/MM_Warszawa_Piekna66a_11_Vpietro_duszaklatki-scaled.jpg 1907w, http:\/\/lapidarium.fundacja-hereditas.pl\/wp-content\/uploads\/2022\/10\/MM_Warszawa_Piekna66a_11_Vpietro_duszaklatki-223x300.jpg 223w, http:\/\/lapidarium.fundacja-hereditas.pl\/wp-content\/uploads\/2022\/10\/MM_Warszawa_Piekna66a_11_Vpietro_duszaklatki-763x1024.jpg 763w, http:\/\/lapidarium.fundacja-hereditas.pl\/wp-content\/uploads\/2022\/10\/MM_Warszawa_Piekna66a_11_Vpietro_duszaklatki-768x1031.jpg 768w, http:\/\/lapidarium.fundacja-hereditas.pl\/wp-content\/uploads\/2022\/10\/MM_Warszawa_Piekna66a_11_Vpietro_duszaklatki-1144x1536.jpg 1144w, http:\/\/lapidarium.fundacja-hereditas.pl\/wp-content\/uploads\/2022\/10\/MM_Warszawa_Piekna66a_11_Vpietro_duszaklatki-1525x2048.jpg 1525w, http:\/\/lapidarium.fundacja-hereditas.pl\/wp-content\/uploads\/2022\/10\/MM_Warszawa_Piekna66a_11_Vpietro_duszaklatki-150x201.jpg 150w, http:\/\/lapidarium.fundacja-hereditas.pl\/wp-content\/uploads\/2022\/10\/MM_Warszawa_Piekna66a_11_Vpietro_duszaklatki-300x403.jpg 300w, http:\/\/lapidarium.fundacja-hereditas.pl\/wp-content\/uploads\/2022\/10\/MM_Warszawa_Piekna66a_11_Vpietro_duszaklatki-696x934.jpg 696w, http:\/\/lapidarium.fundacja-hereditas.pl\/wp-content\/uploads\/2022\/10\/MM_Warszawa_Piekna66a_11_Vpietro_duszaklatki-1068x1434.jpg 1068w, http:\/\/lapidarium.fundacja-hereditas.pl\/wp-content\/uploads\/2022\/10\/MM_Warszawa_Piekna66a_11_Vpietro_duszaklatki-1920x2578.jpg 1920w\" sizes=\"auto, (max-width: 1907px) 100vw, 1907px\" \/><figcaption class=\"wp-element-caption\">Dusza klatki schodowej. Pi\u0119tro V. Fot. Mariusz Majewski 2022 r., \u017ar\u00f3d\u0142o: AOD III.<\/figcaption><\/figure>\n\n\n\n<figure class=\"wp-block-image size-large\"><img loading=\"lazy\" decoding=\"async\" width=\"1930\" height=\"2560\" data-id=\"11000\" src=\"http:\/\/lapidarium.fundacja-hereditas.pl\/wp-content\/uploads\/2022\/10\/MM_Warszawa_Piekna66a_07_IVpolpietro_duszaklatki-scaled.jpg\" alt=\"Dusza klatki schodowej. Pi\u0119tro IV. Fot. Mariusz Majewski 2022 r., \u017ar\u00f3d\u0142o: AOD III.\" class=\"wp-image-11000\" srcset=\"http:\/\/lapidarium.fundacja-hereditas.pl\/wp-content\/uploads\/2022\/10\/MM_Warszawa_Piekna66a_07_IVpolpietro_duszaklatki-scaled.jpg 1930w, http:\/\/lapidarium.fundacja-hereditas.pl\/wp-content\/uploads\/2022\/10\/MM_Warszawa_Piekna66a_07_IVpolpietro_duszaklatki-226x300.jpg 226w, http:\/\/lapidarium.fundacja-hereditas.pl\/wp-content\/uploads\/2022\/10\/MM_Warszawa_Piekna66a_07_IVpolpietro_duszaklatki-772x1024.jpg 772w, http:\/\/lapidarium.fundacja-hereditas.pl\/wp-content\/uploads\/2022\/10\/MM_Warszawa_Piekna66a_07_IVpolpietro_duszaklatki-768x1019.jpg 768w, http:\/\/lapidarium.fundacja-hereditas.pl\/wp-content\/uploads\/2022\/10\/MM_Warszawa_Piekna66a_07_IVpolpietro_duszaklatki-1158x1536.jpg 1158w, http:\/\/lapidarium.fundacja-hereditas.pl\/wp-content\/uploads\/2022\/10\/MM_Warszawa_Piekna66a_07_IVpolpietro_duszaklatki-1544x2048.jpg 1544w, http:\/\/lapidarium.fundacja-hereditas.pl\/wp-content\/uploads\/2022\/10\/MM_Warszawa_Piekna66a_07_IVpolpietro_duszaklatki-150x199.jpg 150w, http:\/\/lapidarium.fundacja-hereditas.pl\/wp-content\/uploads\/2022\/10\/MM_Warszawa_Piekna66a_07_IVpolpietro_duszaklatki-300x398.jpg 300w, http:\/\/lapidarium.fundacja-hereditas.pl\/wp-content\/uploads\/2022\/10\/MM_Warszawa_Piekna66a_07_IVpolpietro_duszaklatki-696x923.jpg 696w, http:\/\/lapidarium.fundacja-hereditas.pl\/wp-content\/uploads\/2022\/10\/MM_Warszawa_Piekna66a_07_IVpolpietro_duszaklatki-1068x1417.jpg 1068w, http:\/\/lapidarium.fundacja-hereditas.pl\/wp-content\/uploads\/2022\/10\/MM_Warszawa_Piekna66a_07_IVpolpietro_duszaklatki-1920x2547.jpg 1920w\" sizes=\"auto, (max-width: 1930px) 100vw, 1930px\" \/><figcaption class=\"wp-element-caption\">Dusza klatki schodowej. Pi\u0119tro IV. Fot. Mariusz Majewski 2022 r., \u017ar\u00f3d\u0142o: AOD III.<\/figcaption><\/figure>\n\n\n\n<figure class=\"wp-block-image size-large\"><img loading=\"lazy\" decoding=\"async\" width=\"1902\" height=\"2560\" data-id=\"10999\" src=\"http:\/\/lapidarium.fundacja-hereditas.pl\/wp-content\/uploads\/2022\/10\/MM_Warszawa_Piekna66a_06_klatkaschodowa-scaled.jpg\" alt=\"Klatka schodowa. Fot. Mariusz Majewski 2022 r., \u017ar\u00f3d\u0142o: AOD III.\" class=\"wp-image-10999\" srcset=\"http:\/\/lapidarium.fundacja-hereditas.pl\/wp-content\/uploads\/2022\/10\/MM_Warszawa_Piekna66a_06_klatkaschodowa-scaled.jpg 1902w, http:\/\/lapidarium.fundacja-hereditas.pl\/wp-content\/uploads\/2022\/10\/MM_Warszawa_Piekna66a_06_klatkaschodowa-223x300.jpg 223w, http:\/\/lapidarium.fundacja-hereditas.pl\/wp-content\/uploads\/2022\/10\/MM_Warszawa_Piekna66a_06_klatkaschodowa-761x1024.jpg 761w, http:\/\/lapidarium.fundacja-hereditas.pl\/wp-content\/uploads\/2022\/10\/MM_Warszawa_Piekna66a_06_klatkaschodowa-768x1033.jpg 768w, http:\/\/lapidarium.fundacja-hereditas.pl\/wp-content\/uploads\/2022\/10\/MM_Warszawa_Piekna66a_06_klatkaschodowa-1141x1536.jpg 1141w, http:\/\/lapidarium.fundacja-hereditas.pl\/wp-content\/uploads\/2022\/10\/MM_Warszawa_Piekna66a_06_klatkaschodowa-1522x2048.jpg 1522w, http:\/\/lapidarium.fundacja-hereditas.pl\/wp-content\/uploads\/2022\/10\/MM_Warszawa_Piekna66a_06_klatkaschodowa-150x202.jpg 150w, http:\/\/lapidarium.fundacja-hereditas.pl\/wp-content\/uploads\/2022\/10\/MM_Warszawa_Piekna66a_06_klatkaschodowa-300x404.jpg 300w, http:\/\/lapidarium.fundacja-hereditas.pl\/wp-content\/uploads\/2022\/10\/MM_Warszawa_Piekna66a_06_klatkaschodowa-696x937.jpg 696w, http:\/\/lapidarium.fundacja-hereditas.pl\/wp-content\/uploads\/2022\/10\/MM_Warszawa_Piekna66a_06_klatkaschodowa-1068x1437.jpg 1068w, http:\/\/lapidarium.fundacja-hereditas.pl\/wp-content\/uploads\/2022\/10\/MM_Warszawa_Piekna66a_06_klatkaschodowa-1920x2584.jpg 1920w\" sizes=\"auto, (max-width: 1902px) 100vw, 1902px\" \/><figcaption class=\"wp-element-caption\">Klatka schodowa. Fot. Mariusz Majewski 2022 r., \u017ar\u00f3d\u0142o: AOD III.<\/figcaption><\/figure>\n\n\n\n<figure class=\"wp-block-image size-large\"><img loading=\"lazy\" decoding=\"async\" width=\"1901\" height=\"2560\" data-id=\"10980\" src=\"http:\/\/lapidarium.fundacja-hereditas.pl\/wp-content\/uploads\/2022\/10\/Aga_Sienk_ul_Piekna_66_A_klatka_schodowa-3-scaled.jpg\" alt=\"Klatka schodowa. P\u00f3\u0142pi\u0119tro. Fot. Agnieszka Sienkiewicz 2022 r., \u017ar\u00f3d\u0142o: AOD III.\" class=\"wp-image-10980\" srcset=\"http:\/\/lapidarium.fundacja-hereditas.pl\/wp-content\/uploads\/2022\/10\/Aga_Sienk_ul_Piekna_66_A_klatka_schodowa-3-scaled.jpg 1901w, http:\/\/lapidarium.fundacja-hereditas.pl\/wp-content\/uploads\/2022\/10\/Aga_Sienk_ul_Piekna_66_A_klatka_schodowa-3-223x300.jpg 223w, http:\/\/lapidarium.fundacja-hereditas.pl\/wp-content\/uploads\/2022\/10\/Aga_Sienk_ul_Piekna_66_A_klatka_schodowa-3-760x1024.jpg 760w, http:\/\/lapidarium.fundacja-hereditas.pl\/wp-content\/uploads\/2022\/10\/Aga_Sienk_ul_Piekna_66_A_klatka_schodowa-3-768x1034.jpg 768w, http:\/\/lapidarium.fundacja-hereditas.pl\/wp-content\/uploads\/2022\/10\/Aga_Sienk_ul_Piekna_66_A_klatka_schodowa-3-1141x1536.jpg 1141w, http:\/\/lapidarium.fundacja-hereditas.pl\/wp-content\/uploads\/2022\/10\/Aga_Sienk_ul_Piekna_66_A_klatka_schodowa-3-1521x2048.jpg 1521w, http:\/\/lapidarium.fundacja-hereditas.pl\/wp-content\/uploads\/2022\/10\/Aga_Sienk_ul_Piekna_66_A_klatka_schodowa-3-150x202.jpg 150w, http:\/\/lapidarium.fundacja-hereditas.pl\/wp-content\/uploads\/2022\/10\/Aga_Sienk_ul_Piekna_66_A_klatka_schodowa-3-300x404.jpg 300w, http:\/\/lapidarium.fundacja-hereditas.pl\/wp-content\/uploads\/2022\/10\/Aga_Sienk_ul_Piekna_66_A_klatka_schodowa-3-696x937.jpg 696w, http:\/\/lapidarium.fundacja-hereditas.pl\/wp-content\/uploads\/2022\/10\/Aga_Sienk_ul_Piekna_66_A_klatka_schodowa-3-1068x1438.jpg 1068w, http:\/\/lapidarium.fundacja-hereditas.pl\/wp-content\/uploads\/2022\/10\/Aga_Sienk_ul_Piekna_66_A_klatka_schodowa-3-1920x2585.jpg 1920w\" sizes=\"auto, (max-width: 1901px) 100vw, 1901px\" \/><figcaption class=\"wp-element-caption\">Klatka schodowa. P\u00f3\u0142pi\u0119tro. Fot. Agnieszka Sienkiewicz 2022 r., \u017ar\u00f3d\u0142o: AOD III.<\/figcaption><\/figure>\n\n\n\n<figure class=\"wp-block-image size-large\"><img loading=\"lazy\" decoding=\"async\" width=\"2011\" height=\"2560\" data-id=\"10981\" src=\"http:\/\/lapidarium.fundacja-hereditas.pl\/wp-content\/uploads\/2022\/10\/Aga_Sienk_ul_Piekna_66_A_klatka_schodowa-4-scaled.jpg\" alt=\"Klatka schodowa. Drzwi do mieszka\u0144. Fot. Agnieszka Sienkiewicz 2022 r., \u017ar\u00f3d\u0142o: AOD III.\" class=\"wp-image-10981\" srcset=\"http:\/\/lapidarium.fundacja-hereditas.pl\/wp-content\/uploads\/2022\/10\/Aga_Sienk_ul_Piekna_66_A_klatka_schodowa-4-scaled.jpg 2011w, http:\/\/lapidarium.fundacja-hereditas.pl\/wp-content\/uploads\/2022\/10\/Aga_Sienk_ul_Piekna_66_A_klatka_schodowa-4-236x300.jpg 236w, http:\/\/lapidarium.fundacja-hereditas.pl\/wp-content\/uploads\/2022\/10\/Aga_Sienk_ul_Piekna_66_A_klatka_schodowa-4-804x1024.jpg 804w, http:\/\/lapidarium.fundacja-hereditas.pl\/wp-content\/uploads\/2022\/10\/Aga_Sienk_ul_Piekna_66_A_klatka_schodowa-4-768x978.jpg 768w, http:\/\/lapidarium.fundacja-hereditas.pl\/wp-content\/uploads\/2022\/10\/Aga_Sienk_ul_Piekna_66_A_klatka_schodowa-4-1207x1536.jpg 1207w, http:\/\/lapidarium.fundacja-hereditas.pl\/wp-content\/uploads\/2022\/10\/Aga_Sienk_ul_Piekna_66_A_klatka_schodowa-4-1609x2048.jpg 1609w, http:\/\/lapidarium.fundacja-hereditas.pl\/wp-content\/uploads\/2022\/10\/Aga_Sienk_ul_Piekna_66_A_klatka_schodowa-4-150x191.jpg 150w, http:\/\/lapidarium.fundacja-hereditas.pl\/wp-content\/uploads\/2022\/10\/Aga_Sienk_ul_Piekna_66_A_klatka_schodowa-4-300x382.jpg 300w, http:\/\/lapidarium.fundacja-hereditas.pl\/wp-content\/uploads\/2022\/10\/Aga_Sienk_ul_Piekna_66_A_klatka_schodowa-4-696x886.jpg 696w, http:\/\/lapidarium.fundacja-hereditas.pl\/wp-content\/uploads\/2022\/10\/Aga_Sienk_ul_Piekna_66_A_klatka_schodowa-4-1068x1360.jpg 1068w\" sizes=\"auto, (max-width: 2011px) 100vw, 2011px\" \/><figcaption class=\"wp-element-caption\">Klatka schodowa. Drzwi do mieszka\u0144. Fot. Agnieszka Sienkiewicz 2022 r., \u017ar\u00f3d\u0142o: AOD III.<\/figcaption><\/figure>\n\n\n\n<figure class=\"wp-block-image size-large\"><img loading=\"lazy\" decoding=\"async\" width=\"1952\" height=\"2560\" data-id=\"10993\" src=\"http:\/\/lapidarium.fundacja-hereditas.pl\/wp-content\/uploads\/2022\/10\/Dziubiel_Agnieszka_Warszawa_Piekna_66a_klatka_schodowa_03-scaled.jpg\" alt=\"Klatka schodowa. Fot. Agnieszka Dziubiel 2022 r., \u017ar\u00f3d\u0142o: AOD III.\" class=\"wp-image-10993\" srcset=\"http:\/\/lapidarium.fundacja-hereditas.pl\/wp-content\/uploads\/2022\/10\/Dziubiel_Agnieszka_Warszawa_Piekna_66a_klatka_schodowa_03-scaled.jpg 1952w, http:\/\/lapidarium.fundacja-hereditas.pl\/wp-content\/uploads\/2022\/10\/Dziubiel_Agnieszka_Warszawa_Piekna_66a_klatka_schodowa_03-229x300.jpg 229w, http:\/\/lapidarium.fundacja-hereditas.pl\/wp-content\/uploads\/2022\/10\/Dziubiel_Agnieszka_Warszawa_Piekna_66a_klatka_schodowa_03-781x1024.jpg 781w, http:\/\/lapidarium.fundacja-hereditas.pl\/wp-content\/uploads\/2022\/10\/Dziubiel_Agnieszka_Warszawa_Piekna_66a_klatka_schodowa_03-768x1007.jpg 768w, http:\/\/lapidarium.fundacja-hereditas.pl\/wp-content\/uploads\/2022\/10\/Dziubiel_Agnieszka_Warszawa_Piekna_66a_klatka_schodowa_03-1171x1536.jpg 1171w, http:\/\/lapidarium.fundacja-hereditas.pl\/wp-content\/uploads\/2022\/10\/Dziubiel_Agnieszka_Warszawa_Piekna_66a_klatka_schodowa_03-1562x2048.jpg 1562w, http:\/\/lapidarium.fundacja-hereditas.pl\/wp-content\/uploads\/2022\/10\/Dziubiel_Agnieszka_Warszawa_Piekna_66a_klatka_schodowa_03-150x197.jpg 150w, http:\/\/lapidarium.fundacja-hereditas.pl\/wp-content\/uploads\/2022\/10\/Dziubiel_Agnieszka_Warszawa_Piekna_66a_klatka_schodowa_03-300x393.jpg 300w, http:\/\/lapidarium.fundacja-hereditas.pl\/wp-content\/uploads\/2022\/10\/Dziubiel_Agnieszka_Warszawa_Piekna_66a_klatka_schodowa_03-696x913.jpg 696w, http:\/\/lapidarium.fundacja-hereditas.pl\/wp-content\/uploads\/2022\/10\/Dziubiel_Agnieszka_Warszawa_Piekna_66a_klatka_schodowa_03-1068x1401.jpg 1068w, http:\/\/lapidarium.fundacja-hereditas.pl\/wp-content\/uploads\/2022\/10\/Dziubiel_Agnieszka_Warszawa_Piekna_66a_klatka_schodowa_03-1920x2518.jpg 1920w\" sizes=\"auto, (max-width: 1952px) 100vw, 1952px\" \/><figcaption class=\"wp-element-caption\">Klatka schodowa. Fot. Agnieszka Dziubiel 2022 r., \u017ar\u00f3d\u0142o: AOD III.<\/figcaption><\/figure>\n\n\n\n<figure class=\"wp-block-image size-large\"><img loading=\"lazy\" decoding=\"async\" width=\"1936\" height=\"2560\" data-id=\"10985\" src=\"http:\/\/lapidarium.fundacja-hereditas.pl\/wp-content\/uploads\/2022\/10\/BR_Warszawa_ul_Piekna_66A_balustrada_detal_01-scaled.jpg\" alt=\"Klatka schodowa. Balustrada. Fot. Bo\u017cena Rudzisz 2022 r., \u017ar\u00f3d\u0142o: AOD III.\" class=\"wp-image-10985\" srcset=\"http:\/\/lapidarium.fundacja-hereditas.pl\/wp-content\/uploads\/2022\/10\/BR_Warszawa_ul_Piekna_66A_balustrada_detal_01-scaled.jpg 1936w, http:\/\/lapidarium.fundacja-hereditas.pl\/wp-content\/uploads\/2022\/10\/BR_Warszawa_ul_Piekna_66A_balustrada_detal_01-227x300.jpg 227w, http:\/\/lapidarium.fundacja-hereditas.pl\/wp-content\/uploads\/2022\/10\/BR_Warszawa_ul_Piekna_66A_balustrada_detal_01-774x1024.jpg 774w, http:\/\/lapidarium.fundacja-hereditas.pl\/wp-content\/uploads\/2022\/10\/BR_Warszawa_ul_Piekna_66A_balustrada_detal_01-768x1016.jpg 768w, http:\/\/lapidarium.fundacja-hereditas.pl\/wp-content\/uploads\/2022\/10\/BR_Warszawa_ul_Piekna_66A_balustrada_detal_01-1161x1536.jpg 1161w, http:\/\/lapidarium.fundacja-hereditas.pl\/wp-content\/uploads\/2022\/10\/BR_Warszawa_ul_Piekna_66A_balustrada_detal_01-1549x2048.jpg 1549w, http:\/\/lapidarium.fundacja-hereditas.pl\/wp-content\/uploads\/2022\/10\/BR_Warszawa_ul_Piekna_66A_balustrada_detal_01-150x198.jpg 150w, http:\/\/lapidarium.fundacja-hereditas.pl\/wp-content\/uploads\/2022\/10\/BR_Warszawa_ul_Piekna_66A_balustrada_detal_01-300x397.jpg 300w, http:\/\/lapidarium.fundacja-hereditas.pl\/wp-content\/uploads\/2022\/10\/BR_Warszawa_ul_Piekna_66A_balustrada_detal_01-696x920.jpg 696w, http:\/\/lapidarium.fundacja-hereditas.pl\/wp-content\/uploads\/2022\/10\/BR_Warszawa_ul_Piekna_66A_balustrada_detal_01-1068x1412.jpg 1068w, http:\/\/lapidarium.fundacja-hereditas.pl\/wp-content\/uploads\/2022\/10\/BR_Warszawa_ul_Piekna_66A_balustrada_detal_01-1920x2539.jpg 1920w\" sizes=\"auto, (max-width: 1936px) 100vw, 1936px\" \/><figcaption class=\"wp-element-caption\">Klatka schodowa. Balustrada. Fot. Bo\u017cena Rudzisz 2022 r., \u017ar\u00f3d\u0142o: AOD III.<\/figcaption><\/figure>\n\n\n\n<figure class=\"wp-block-image size-large\"><img loading=\"lazy\" decoding=\"async\" width=\"1934\" height=\"2560\" data-id=\"10983\" src=\"http:\/\/lapidarium.fundacja-hereditas.pl\/wp-content\/uploads\/2022\/10\/Aga_Sienk_ul_Piekna_66_A_klatka_schodowa_porecz_balustrady_schodow-2-scaled.jpg\" alt=\"Klatka schodowa. Balustrada. Pok\u0142ady farby. Fot. Agnieszka Sienkiewicz 2022 r., \u017ar\u00f3d\u0142o: AOD III.\" class=\"wp-image-10983\" srcset=\"http:\/\/lapidarium.fundacja-hereditas.pl\/wp-content\/uploads\/2022\/10\/Aga_Sienk_ul_Piekna_66_A_klatka_schodowa_porecz_balustrady_schodow-2-scaled.jpg 1934w, http:\/\/lapidarium.fundacja-hereditas.pl\/wp-content\/uploads\/2022\/10\/Aga_Sienk_ul_Piekna_66_A_klatka_schodowa_porecz_balustrady_schodow-2-227x300.jpg 227w, http:\/\/lapidarium.fundacja-hereditas.pl\/wp-content\/uploads\/2022\/10\/Aga_Sienk_ul_Piekna_66_A_klatka_schodowa_porecz_balustrady_schodow-2-774x1024.jpg 774w, http:\/\/lapidarium.fundacja-hereditas.pl\/wp-content\/uploads\/2022\/10\/Aga_Sienk_ul_Piekna_66_A_klatka_schodowa_porecz_balustrady_schodow-2-768x1017.jpg 768w, http:\/\/lapidarium.fundacja-hereditas.pl\/wp-content\/uploads\/2022\/10\/Aga_Sienk_ul_Piekna_66_A_klatka_schodowa_porecz_balustrady_schodow-2-1160x1536.jpg 1160w, http:\/\/lapidarium.fundacja-hereditas.pl\/wp-content\/uploads\/2022\/10\/Aga_Sienk_ul_Piekna_66_A_klatka_schodowa_porecz_balustrady_schodow-2-1547x2048.jpg 1547w, http:\/\/lapidarium.fundacja-hereditas.pl\/wp-content\/uploads\/2022\/10\/Aga_Sienk_ul_Piekna_66_A_klatka_schodowa_porecz_balustrady_schodow-2-150x199.jpg 150w, http:\/\/lapidarium.fundacja-hereditas.pl\/wp-content\/uploads\/2022\/10\/Aga_Sienk_ul_Piekna_66_A_klatka_schodowa_porecz_balustrady_schodow-2-300x397.jpg 300w, http:\/\/lapidarium.fundacja-hereditas.pl\/wp-content\/uploads\/2022\/10\/Aga_Sienk_ul_Piekna_66_A_klatka_schodowa_porecz_balustrady_schodow-2-696x921.jpg 696w, http:\/\/lapidarium.fundacja-hereditas.pl\/wp-content\/uploads\/2022\/10\/Aga_Sienk_ul_Piekna_66_A_klatka_schodowa_porecz_balustrady_schodow-2-1068x1414.jpg 1068w, http:\/\/lapidarium.fundacja-hereditas.pl\/wp-content\/uploads\/2022\/10\/Aga_Sienk_ul_Piekna_66_A_klatka_schodowa_porecz_balustrady_schodow-2-1920x2541.jpg 1920w\" sizes=\"auto, (max-width: 1934px) 100vw, 1934px\" \/><figcaption class=\"wp-element-caption\">Klatka schodowa. Balustrada. Pok\u0142ady farby. Fot. Agnieszka Sienkiewicz 2022 r., \u017ar\u00f3d\u0142o: AOD III.<\/figcaption><\/figure>\n\n\n\n<figure class=\"wp-block-image size-large\"><img loading=\"lazy\" decoding=\"async\" width=\"2046\" height=\"2560\" data-id=\"10986\" src=\"http:\/\/lapidarium.fundacja-hereditas.pl\/wp-content\/uploads\/2022\/10\/BR_Warszawa_ul_Piekna_66A_balustrada_detal_02-scaled.jpg\" alt=\"Klatka schodowa. Schody - fragment balustrady. Fot. Bo\u017cena Rudzisz 2022 r., \u017ar\u00f3d\u0142o: AOD III.\" class=\"wp-image-10986\" srcset=\"http:\/\/lapidarium.fundacja-hereditas.pl\/wp-content\/uploads\/2022\/10\/BR_Warszawa_ul_Piekna_66A_balustrada_detal_02-scaled.jpg 2046w, http:\/\/lapidarium.fundacja-hereditas.pl\/wp-content\/uploads\/2022\/10\/BR_Warszawa_ul_Piekna_66A_balustrada_detal_02-240x300.jpg 240w, http:\/\/lapidarium.fundacja-hereditas.pl\/wp-content\/uploads\/2022\/10\/BR_Warszawa_ul_Piekna_66A_balustrada_detal_02-818x1024.jpg 818w, http:\/\/lapidarium.fundacja-hereditas.pl\/wp-content\/uploads\/2022\/10\/BR_Warszawa_ul_Piekna_66A_balustrada_detal_02-768x961.jpg 768w, http:\/\/lapidarium.fundacja-hereditas.pl\/wp-content\/uploads\/2022\/10\/BR_Warszawa_ul_Piekna_66A_balustrada_detal_02-1227x1536.jpg 1227w, http:\/\/lapidarium.fundacja-hereditas.pl\/wp-content\/uploads\/2022\/10\/BR_Warszawa_ul_Piekna_66A_balustrada_detal_02-1636x2048.jpg 1636w, http:\/\/lapidarium.fundacja-hereditas.pl\/wp-content\/uploads\/2022\/10\/BR_Warszawa_ul_Piekna_66A_balustrada_detal_02-150x188.jpg 150w, http:\/\/lapidarium.fundacja-hereditas.pl\/wp-content\/uploads\/2022\/10\/BR_Warszawa_ul_Piekna_66A_balustrada_detal_02-300x375.jpg 300w, http:\/\/lapidarium.fundacja-hereditas.pl\/wp-content\/uploads\/2022\/10\/BR_Warszawa_ul_Piekna_66A_balustrada_detal_02-696x871.jpg 696w, http:\/\/lapidarium.fundacja-hereditas.pl\/wp-content\/uploads\/2022\/10\/BR_Warszawa_ul_Piekna_66A_balustrada_detal_02-1068x1337.jpg 1068w, http:\/\/lapidarium.fundacja-hereditas.pl\/wp-content\/uploads\/2022\/10\/BR_Warszawa_ul_Piekna_66A_balustrada_detal_02-1920x2403.jpg 1920w\" sizes=\"auto, (max-width: 2046px) 100vw, 2046px\" \/><figcaption class=\"wp-element-caption\">Klatka schodowa. Schody &#8211; fragment balustrady. Fot. Bo\u017cena Rudzisz 2022 r., \u017ar\u00f3d\u0142o: AOD III.<\/figcaption><\/figure>\n\n\n\n<figure class=\"wp-block-image size-large\"><img loading=\"lazy\" decoding=\"async\" width=\"2050\" height=\"2560\" data-id=\"10982\" src=\"http:\/\/lapidarium.fundacja-hereditas.pl\/wp-content\/uploads\/2022\/10\/Aga_Sienk_ul_Piekna_66_A_klatka_schodowa_mocowanie_pretu_do_dywanu-scaled.jpg\" alt=\"Klatka schodowa. Schody - mocowanie pr\u0119tu do dywanu. Fot. Agnieszka Sienkiewicz 2022 r., \u017ar\u00f3d\u0142o: AOD III.\" class=\"wp-image-10982\" srcset=\"http:\/\/lapidarium.fundacja-hereditas.pl\/wp-content\/uploads\/2022\/10\/Aga_Sienk_ul_Piekna_66_A_klatka_schodowa_mocowanie_pretu_do_dywanu-scaled.jpg 2050w, http:\/\/lapidarium.fundacja-hereditas.pl\/wp-content\/uploads\/2022\/10\/Aga_Sienk_ul_Piekna_66_A_klatka_schodowa_mocowanie_pretu_do_dywanu-240x300.jpg 240w, http:\/\/lapidarium.fundacja-hereditas.pl\/wp-content\/uploads\/2022\/10\/Aga_Sienk_ul_Piekna_66_A_klatka_schodowa_mocowanie_pretu_do_dywanu-820x1024.jpg 820w, http:\/\/lapidarium.fundacja-hereditas.pl\/wp-content\/uploads\/2022\/10\/Aga_Sienk_ul_Piekna_66_A_klatka_schodowa_mocowanie_pretu_do_dywanu-768x959.jpg 768w, http:\/\/lapidarium.fundacja-hereditas.pl\/wp-content\/uploads\/2022\/10\/Aga_Sienk_ul_Piekna_66_A_klatka_schodowa_mocowanie_pretu_do_dywanu-1230x1536.jpg 1230w, http:\/\/lapidarium.fundacja-hereditas.pl\/wp-content\/uploads\/2022\/10\/Aga_Sienk_ul_Piekna_66_A_klatka_schodowa_mocowanie_pretu_do_dywanu-1640x2048.jpg 1640w, http:\/\/lapidarium.fundacja-hereditas.pl\/wp-content\/uploads\/2022\/10\/Aga_Sienk_ul_Piekna_66_A_klatka_schodowa_mocowanie_pretu_do_dywanu-150x187.jpg 150w, http:\/\/lapidarium.fundacja-hereditas.pl\/wp-content\/uploads\/2022\/10\/Aga_Sienk_ul_Piekna_66_A_klatka_schodowa_mocowanie_pretu_do_dywanu-300x375.jpg 300w, http:\/\/lapidarium.fundacja-hereditas.pl\/wp-content\/uploads\/2022\/10\/Aga_Sienk_ul_Piekna_66_A_klatka_schodowa_mocowanie_pretu_do_dywanu-696x869.jpg 696w, http:\/\/lapidarium.fundacja-hereditas.pl\/wp-content\/uploads\/2022\/10\/Aga_Sienk_ul_Piekna_66_A_klatka_schodowa_mocowanie_pretu_do_dywanu-1068x1334.jpg 1068w, http:\/\/lapidarium.fundacja-hereditas.pl\/wp-content\/uploads\/2022\/10\/Aga_Sienk_ul_Piekna_66_A_klatka_schodowa_mocowanie_pretu_do_dywanu-1920x2397.jpg 1920w\" sizes=\"auto, (max-width: 2050px) 100vw, 2050px\" \/><figcaption class=\"wp-element-caption\">Klatka schodowa. Schody &#8211; mocowanie pr\u0119tu do dywanu. Fot. Agnieszka Sienkiewicz 2022 r., \u017ar\u00f3d\u0142o: AOD III.<\/figcaption><\/figure>\n<\/figure>\n","protected":false},"excerpt":{"rendered":"<p>Kamienica wybudowana zapewne ok. 1910 r., na p\u0142ytkiej dzia\u0142ce umo\u017cliwiaj\u0105cej wzniesienie jedynie kr\u00f3tkich oficyn bocznych. Dom z racji swej nowoczesnej konstrukcji nie uleg\u0142 w czasie wojny wi\u0119kszym uszkodzeniom. Zniszczone by\u0142y jedynie ostatnie kondygnacje budynku. Po wojnie usuni\u0119to zar\u00f3wno wi\u0119kszo\u015b\u0107 element\u00f3w wystroju elewacji frontowej, jak i wn\u0119trz, m.in. na nowo zaaran\u017cowano klatk\u0119 schodow\u0105. Wtedy rozebrano tak\u017ce [&hellip;]<\/p>\n","protected":false},"author":6,"featured_media":10995,"comment_status":"open","ping_status":"open","sticky":false,"template":"","format":"standard","meta":{"footnotes":""},"categories":[168,4],"tags":[],"class_list":{"0":"post-10977","1":"post","2":"type-post","3":"status-publish","4":"format-standard","5":"has-post-thumbnail","7":"category-piekna","8":"category-warszawa"},"_links":{"self":[{"href":"http:\/\/lapidarium.fundacja-hereditas.pl\/index.php\/wp-json\/wp\/v2\/posts\/10977","targetHints":{"allow":["GET"]}}],"collection":[{"href":"http:\/\/lapidarium.fundacja-hereditas.pl\/index.php\/wp-json\/wp\/v2\/posts"}],"about":[{"href":"http:\/\/lapidarium.fundacja-hereditas.pl\/index.php\/wp-json\/wp\/v2\/types\/post"}],"author":[{"embeddable":true,"href":"http:\/\/lapidarium.fundacja-hereditas.pl\/index.php\/wp-json\/wp\/v2\/users\/6"}],"replies":[{"embeddable":true,"href":"http:\/\/lapidarium.fundacja-hereditas.pl\/index.php\/wp-json\/wp\/v2\/comments?post=10977"}],"version-history":[{"count":8,"href":"http:\/\/lapidarium.fundacja-hereditas.pl\/index.php\/wp-json\/wp\/v2\/posts\/10977\/revisions"}],"predecessor-version":[{"id":12945,"href":"http:\/\/lapidarium.fundacja-hereditas.pl\/index.php\/wp-json\/wp\/v2\/posts\/10977\/revisions\/12945"}],"wp:featuredmedia":[{"embeddable":true,"href":"http:\/\/lapidarium.fundacja-hereditas.pl\/index.php\/wp-json\/wp\/v2\/media\/10995"}],"wp:attachment":[{"href":"http:\/\/lapidarium.fundacja-hereditas.pl\/index.php\/wp-json\/wp\/v2\/media?parent=10977"}],"wp:term":[{"taxonomy":"category","embeddable":true,"href":"http:\/\/lapidarium.fundacja-hereditas.pl\/index.php\/wp-json\/wp\/v2\/categories?post=10977"},{"taxonomy":"post_tag","embeddable":true,"href":"http:\/\/lapidarium.fundacja-hereditas.pl\/index.php\/wp-json\/wp\/v2\/tags?post=10977"}],"curies":[{"name":"wp","href":"https:\/\/api.w.org\/{rel}","templated":true}]}}