{"id":10683,"date":"2022-10-26T12:50:10","date_gmt":"2022-10-26T10:50:10","guid":{"rendered":"http:\/\/lapidarium.fundacja-hereditas.pl\/?p=10683"},"modified":"2023-01-24T21:18:27","modified_gmt":"2023-01-24T20:18:27","slug":"kamienica-ul-wilcza-27b-warszawa","status":"publish","type":"post","link":"http:\/\/lapidarium.fundacja-hereditas.pl\/index.php\/2022\/10\/26\/kamienica-ul-wilcza-27b-warszawa\/","title":{"rendered":"Kamienica ul. Wilcza 27b, Warszawa"},"content":{"rendered":"\n<p>XIX-wieczna oficyna, sprzed 1897 r., wielokrotnie przebudowywana. Opr\u00f3cz mur\u00f3w i og\u00f3lnego zarysu obiektu niewiele pozosta\u0142o w nim element\u00f3w pierwotnych. Pocz\u0105tkowo dom mia\u0142 adres hipoteczny \u201e1701 j\u201d, a plac wychodz\u0105cy na po\u0142udnie od niego, na ulic\u0119 Pi\u0119kn\u0105 \u2013 numer \u201e1701 i\u201d (stan z 1897 r.) W 1901 r. oba place nosi\u0142y ju\u017c numer hipoteczny \u201e1701 j\u201d, a adres policyjny posesji brzmia\u0142: \u201ePi\u0119kna 30\u201d. W 1903 r. natomiast oba place maj\u0105 oznaczenie hipoteki \u201e1701 i\u201d, pozostaj\u0105c ca\u0142y czas przy adresie \u201ePi\u0119kna 30\u201d. \u00a0W dwudziestoleciu mi\u0119dzywojennym plac ten (pierwotny \u201e1701 j\u201d) przypisano do posesji \u201eMarsza\u0142kowska 62\u201d, jednak dawny podzia\u0142 w\u0142asno\u015bci sprawia\u0142, \u017ce komunikacja z t\u0105 cz\u0119\u015bci\u0105 nadal odbywa\u0142a si\u0119 przez ulic\u0119 Pi\u0119kn\u0105. W czasie wojny budynek zosta\u0142 powa\u017cnie uszkodzony. Po 1945 r. nast\u0105pi\u0142a zmiana adresu spowodowana najprawdopodobniej nowym uk\u0142adem komunikacyjnym. Powsta\u0142a kr\u00f3tka wewn\u0119trzna uliczka od strony ulicy Wilczej na miejscu wyburzonej wschodniej cz\u0119\u015bci kamienicy \u201eWilcza 29\u201d. Jednocze\u015bnie na po\u0142udniu wzniesiono MDM-owski blok, pod kt\u00f3ry rozebrano spor\u0105 cz\u0119\u015b\u0107 zabudowy m.in. t\u0119 z po\u0142udniowej cz\u0119\u015bci parceli \u201ePi\u0119kna 30\u201d.<\/p>\n\n\n\n<figure class=\"wp-block-gallery has-nested-images columns-default is-cropped wp-block-gallery-1 is-layout-flex wp-block-gallery-is-layout-flex\">\n<figure class=\"wp-block-image size-large\"><a href=\"http:\/\/lapidarium.fundacja-hereditas.pl\/wp-content\/uploads\/2022\/10\/Dziubiel_Agnieszka_Warszawa_Wilcza_27B_elewacja_frontowa_01-scaled.jpg\"><img loading=\"lazy\" decoding=\"async\" width=\"2560\" height=\"1193\" data-id=\"10668\" src=\"http:\/\/lapidarium.fundacja-hereditas.pl\/wp-content\/uploads\/2022\/10\/Dziubiel_Agnieszka_Warszawa_Wilcza_27B_elewacja_frontowa_01-scaled.jpg\" alt=\"Elewacja po\u0142udniowa - g\u0142\u00f3wna. Widok og\u00f3lny. Fot. Agnieszka Dziubiel 2022 r., \u017ar\u00f3d\u0142o: AOD III.\" class=\"wp-image-10668\" srcset=\"http:\/\/lapidarium.fundacja-hereditas.pl\/wp-content\/uploads\/2022\/10\/Dziubiel_Agnieszka_Warszawa_Wilcza_27B_elewacja_frontowa_01-scaled.jpg 2560w, http:\/\/lapidarium.fundacja-hereditas.pl\/wp-content\/uploads\/2022\/10\/Dziubiel_Agnieszka_Warszawa_Wilcza_27B_elewacja_frontowa_01-300x140.jpg 300w, http:\/\/lapidarium.fundacja-hereditas.pl\/wp-content\/uploads\/2022\/10\/Dziubiel_Agnieszka_Warszawa_Wilcza_27B_elewacja_frontowa_01-1024x477.jpg 1024w, http:\/\/lapidarium.fundacja-hereditas.pl\/wp-content\/uploads\/2022\/10\/Dziubiel_Agnieszka_Warszawa_Wilcza_27B_elewacja_frontowa_01-768x358.jpg 768w, http:\/\/lapidarium.fundacja-hereditas.pl\/wp-content\/uploads\/2022\/10\/Dziubiel_Agnieszka_Warszawa_Wilcza_27B_elewacja_frontowa_01-1536x716.jpg 1536w, http:\/\/lapidarium.fundacja-hereditas.pl\/wp-content\/uploads\/2022\/10\/Dziubiel_Agnieszka_Warszawa_Wilcza_27B_elewacja_frontowa_01-2048x954.jpg 2048w, http:\/\/lapidarium.fundacja-hereditas.pl\/wp-content\/uploads\/2022\/10\/Dziubiel_Agnieszka_Warszawa_Wilcza_27B_elewacja_frontowa_01-150x70.jpg 150w, http:\/\/lapidarium.fundacja-hereditas.pl\/wp-content\/uploads\/2022\/10\/Dziubiel_Agnieszka_Warszawa_Wilcza_27B_elewacja_frontowa_01-696x324.jpg 696w, http:\/\/lapidarium.fundacja-hereditas.pl\/wp-content\/uploads\/2022\/10\/Dziubiel_Agnieszka_Warszawa_Wilcza_27B_elewacja_frontowa_01-1068x498.jpg 1068w, http:\/\/lapidarium.fundacja-hereditas.pl\/wp-content\/uploads\/2022\/10\/Dziubiel_Agnieszka_Warszawa_Wilcza_27B_elewacja_frontowa_01-1920x895.jpg 1920w\" sizes=\"auto, (max-width: 2560px) 100vw, 2560px\" \/><\/a><figcaption class=\"wp-element-caption\">Elewacja po\u0142udniowa &#8211; g\u0142\u00f3wna. Widok og\u00f3lny. Fot. Agnieszka Dziubiel 2022 r., \u017ar\u00f3d\u0142o: AOD III.<\/figcaption><\/figure>\n\n\n\n<figure class=\"wp-block-image size-large\"><a href=\"http:\/\/lapidarium.fundacja-hereditas.pl\/wp-content\/uploads\/2022\/10\/116_Chodowiec_Mariusz_Warszawa_ul_Wilcza_27b_elewacja-1-scaled.jpg\"><img loading=\"lazy\" decoding=\"async\" width=\"2110\" height=\"2560\" data-id=\"10681\" src=\"http:\/\/lapidarium.fundacja-hereditas.pl\/wp-content\/uploads\/2022\/10\/116_Chodowiec_Mariusz_Warszawa_ul_Wilcza_27b_elewacja-1-scaled.jpg\" alt=\"Naro\u017cnik po\u0142udniowo wschodni. \u015aci\u0119ty dla u\u0142atwienia manewrowania wozom \/ samochodom. Fot. Mariusz Chodowiec 2022 r., \u017ar\u00f3d\u0142o: AOD III.\" class=\"wp-image-10681\" srcset=\"http:\/\/lapidarium.fundacja-hereditas.pl\/wp-content\/uploads\/2022\/10\/116_Chodowiec_Mariusz_Warszawa_ul_Wilcza_27b_elewacja-1-scaled.jpg 2110w, http:\/\/lapidarium.fundacja-hereditas.pl\/wp-content\/uploads\/2022\/10\/116_Chodowiec_Mariusz_Warszawa_ul_Wilcza_27b_elewacja-1-247x300.jpg 247w, http:\/\/lapidarium.fundacja-hereditas.pl\/wp-content\/uploads\/2022\/10\/116_Chodowiec_Mariusz_Warszawa_ul_Wilcza_27b_elewacja-1-844x1024.jpg 844w, http:\/\/lapidarium.fundacja-hereditas.pl\/wp-content\/uploads\/2022\/10\/116_Chodowiec_Mariusz_Warszawa_ul_Wilcza_27b_elewacja-1-768x932.jpg 768w, http:\/\/lapidarium.fundacja-hereditas.pl\/wp-content\/uploads\/2022\/10\/116_Chodowiec_Mariusz_Warszawa_ul_Wilcza_27b_elewacja-1-1266x1536.jpg 1266w, http:\/\/lapidarium.fundacja-hereditas.pl\/wp-content\/uploads\/2022\/10\/116_Chodowiec_Mariusz_Warszawa_ul_Wilcza_27b_elewacja-1-1688x2048.jpg 1688w, http:\/\/lapidarium.fundacja-hereditas.pl\/wp-content\/uploads\/2022\/10\/116_Chodowiec_Mariusz_Warszawa_ul_Wilcza_27b_elewacja-1-150x182.jpg 150w, http:\/\/lapidarium.fundacja-hereditas.pl\/wp-content\/uploads\/2022\/10\/116_Chodowiec_Mariusz_Warszawa_ul_Wilcza_27b_elewacja-1-300x364.jpg 300w, http:\/\/lapidarium.fundacja-hereditas.pl\/wp-content\/uploads\/2022\/10\/116_Chodowiec_Mariusz_Warszawa_ul_Wilcza_27b_elewacja-1-696x844.jpg 696w, http:\/\/lapidarium.fundacja-hereditas.pl\/wp-content\/uploads\/2022\/10\/116_Chodowiec_Mariusz_Warszawa_ul_Wilcza_27b_elewacja-1-1068x1296.jpg 1068w, http:\/\/lapidarium.fundacja-hereditas.pl\/wp-content\/uploads\/2022\/10\/116_Chodowiec_Mariusz_Warszawa_ul_Wilcza_27b_elewacja-1-1920x2329.jpg 1920w\" sizes=\"auto, (max-width: 2110px) 100vw, 2110px\" \/><\/a><figcaption class=\"wp-element-caption\">Naro\u017cnik po\u0142udniowo wschodni. \u015aci\u0119ty dla u\u0142atwienia manewrowania wozom \/ samochodom. Fot. Mariusz Chodowiec 2022 r., \u017ar\u00f3d\u0142o: AOD III.<\/figcaption><\/figure>\n\n\n\n<figure class=\"wp-block-image size-large\"><a href=\"http:\/\/lapidarium.fundacja-hereditas.pl\/wp-content\/uploads\/2022\/10\/115_Chodowiec_Mariusz_Warszawa_ul_Wilcza_27b_drzwi-scaled.jpg\"><img loading=\"lazy\" decoding=\"async\" width=\"1842\" height=\"2560\" data-id=\"10664\" src=\"http:\/\/lapidarium.fundacja-hereditas.pl\/wp-content\/uploads\/2022\/10\/115_Chodowiec_Mariusz_Warszawa_ul_Wilcza_27b_drzwi-scaled.jpg\" alt=\"Elewacja po\u0142udniowa - g\u0142\u00f3wna. Drzwi. Fot. Mariusz Chodowiec 2022 r., \u017ar\u00f3d\u0142o: AOD III.\" class=\"wp-image-10664\" srcset=\"http:\/\/lapidarium.fundacja-hereditas.pl\/wp-content\/uploads\/2022\/10\/115_Chodowiec_Mariusz_Warszawa_ul_Wilcza_27b_drzwi-scaled.jpg 1842w, http:\/\/lapidarium.fundacja-hereditas.pl\/wp-content\/uploads\/2022\/10\/115_Chodowiec_Mariusz_Warszawa_ul_Wilcza_27b_drzwi-216x300.jpg 216w, http:\/\/lapidarium.fundacja-hereditas.pl\/wp-content\/uploads\/2022\/10\/115_Chodowiec_Mariusz_Warszawa_ul_Wilcza_27b_drzwi-737x1024.jpg 737w, http:\/\/lapidarium.fundacja-hereditas.pl\/wp-content\/uploads\/2022\/10\/115_Chodowiec_Mariusz_Warszawa_ul_Wilcza_27b_drzwi-768x1068.jpg 768w, http:\/\/lapidarium.fundacja-hereditas.pl\/wp-content\/uploads\/2022\/10\/115_Chodowiec_Mariusz_Warszawa_ul_Wilcza_27b_drzwi-1105x1536.jpg 1105w, http:\/\/lapidarium.fundacja-hereditas.pl\/wp-content\/uploads\/2022\/10\/115_Chodowiec_Mariusz_Warszawa_ul_Wilcza_27b_drzwi-1473x2048.jpg 1473w, http:\/\/lapidarium.fundacja-hereditas.pl\/wp-content\/uploads\/2022\/10\/115_Chodowiec_Mariusz_Warszawa_ul_Wilcza_27b_drzwi-150x209.jpg 150w, http:\/\/lapidarium.fundacja-hereditas.pl\/wp-content\/uploads\/2022\/10\/115_Chodowiec_Mariusz_Warszawa_ul_Wilcza_27b_drzwi-300x417.jpg 300w, http:\/\/lapidarium.fundacja-hereditas.pl\/wp-content\/uploads\/2022\/10\/115_Chodowiec_Mariusz_Warszawa_ul_Wilcza_27b_drzwi-696x968.jpg 696w, http:\/\/lapidarium.fundacja-hereditas.pl\/wp-content\/uploads\/2022\/10\/115_Chodowiec_Mariusz_Warszawa_ul_Wilcza_27b_drzwi-1068x1485.jpg 1068w, http:\/\/lapidarium.fundacja-hereditas.pl\/wp-content\/uploads\/2022\/10\/115_Chodowiec_Mariusz_Warszawa_ul_Wilcza_27b_drzwi-1920x2669.jpg 1920w\" sizes=\"auto, (max-width: 1842px) 100vw, 1842px\" \/><\/a><figcaption class=\"wp-element-caption\">Elewacja po\u0142udniowa &#8211; g\u0142\u00f3wna. Drzwi. Fot. Mariusz Chodowiec 2022 r., \u017ar\u00f3d\u0142o: AOD III.<\/figcaption><\/figure>\n\n\n\n<figure class=\"wp-block-image size-large\"><a href=\"http:\/\/lapidarium.fundacja-hereditas.pl\/wp-content\/uploads\/2022\/10\/Dziubiel_Agnieszka_Warszawa_Wilcza_27B_elewacja_frontowa_wykusz_okienny_01-scaled.jpg\"><img loading=\"lazy\" decoding=\"async\" width=\"1337\" height=\"2560\" data-id=\"10670\" src=\"http:\/\/lapidarium.fundacja-hereditas.pl\/wp-content\/uploads\/2022\/10\/Dziubiel_Agnieszka_Warszawa_Wilcza_27B_elewacja_frontowa_wykusz_okienny_01-scaled.jpg\" alt=\"Elewacja po\u0142udniowa Okno parteru. Fot. Agnieszka Dziubiel 2022 r., \u017ar\u00f3d\u0142o: AOD III.\" class=\"wp-image-10670\" srcset=\"http:\/\/lapidarium.fundacja-hereditas.pl\/wp-content\/uploads\/2022\/10\/Dziubiel_Agnieszka_Warszawa_Wilcza_27B_elewacja_frontowa_wykusz_okienny_01-scaled.jpg 1337w, http:\/\/lapidarium.fundacja-hereditas.pl\/wp-content\/uploads\/2022\/10\/Dziubiel_Agnieszka_Warszawa_Wilcza_27B_elewacja_frontowa_wykusz_okienny_01-157x300.jpg 157w, http:\/\/lapidarium.fundacja-hereditas.pl\/wp-content\/uploads\/2022\/10\/Dziubiel_Agnieszka_Warszawa_Wilcza_27B_elewacja_frontowa_wykusz_okienny_01-535x1024.jpg 535w, http:\/\/lapidarium.fundacja-hereditas.pl\/wp-content\/uploads\/2022\/10\/Dziubiel_Agnieszka_Warszawa_Wilcza_27B_elewacja_frontowa_wykusz_okienny_01-768x1471.jpg 768w, http:\/\/lapidarium.fundacja-hereditas.pl\/wp-content\/uploads\/2022\/10\/Dziubiel_Agnieszka_Warszawa_Wilcza_27B_elewacja_frontowa_wykusz_okienny_01-802x1536.jpg 802w, http:\/\/lapidarium.fundacja-hereditas.pl\/wp-content\/uploads\/2022\/10\/Dziubiel_Agnieszka_Warszawa_Wilcza_27B_elewacja_frontowa_wykusz_okienny_01-1070x2048.jpg 1070w, http:\/\/lapidarium.fundacja-hereditas.pl\/wp-content\/uploads\/2022\/10\/Dziubiel_Agnieszka_Warszawa_Wilcza_27B_elewacja_frontowa_wykusz_okienny_01-150x287.jpg 150w, http:\/\/lapidarium.fundacja-hereditas.pl\/wp-content\/uploads\/2022\/10\/Dziubiel_Agnieszka_Warszawa_Wilcza_27B_elewacja_frontowa_wykusz_okienny_01-300x574.jpg 300w, http:\/\/lapidarium.fundacja-hereditas.pl\/wp-content\/uploads\/2022\/10\/Dziubiel_Agnieszka_Warszawa_Wilcza_27B_elewacja_frontowa_wykusz_okienny_01-696x1333.jpg 696w, http:\/\/lapidarium.fundacja-hereditas.pl\/wp-content\/uploads\/2022\/10\/Dziubiel_Agnieszka_Warszawa_Wilcza_27B_elewacja_frontowa_wykusz_okienny_01-1068x2045.jpg 1068w\" sizes=\"auto, (max-width: 1337px) 100vw, 1337px\" \/><\/a><figcaption class=\"wp-element-caption\">Elewacja po\u0142udniowa Okno parteru. Fot. Agnieszka Dziubiel 2022 r., \u017ar\u00f3d\u0142o: AOD III.<\/figcaption><\/figure>\n\n\n\n<figure class=\"wp-block-image size-large\"><a href=\"http:\/\/lapidarium.fundacja-hereditas.pl\/wp-content\/uploads\/2022\/10\/Dziubiel_Agnieszka_Warszawa_Wilcza_27B_elewacja_frontowa_detal_01-scaled.jpg\"><img loading=\"lazy\" decoding=\"async\" width=\"1152\" height=\"2560\" data-id=\"10669\" src=\"http:\/\/lapidarium.fundacja-hereditas.pl\/wp-content\/uploads\/2022\/10\/Dziubiel_Agnieszka_Warszawa_Wilcza_27B_elewacja_frontowa_detal_01-scaled.jpg\" alt=\"Elewacja po\u0142udniowa - g\u0142\u00f3wna Wn\u0119ka. z kapliczk\u0105 - parter. Fot. Agnieszka Dziubiel 2022 r., \u017ar\u00f3d\u0142o: AOD III.\" class=\"wp-image-10669\" srcset=\"http:\/\/lapidarium.fundacja-hereditas.pl\/wp-content\/uploads\/2022\/10\/Dziubiel_Agnieszka_Warszawa_Wilcza_27B_elewacja_frontowa_detal_01-scaled.jpg 1152w, http:\/\/lapidarium.fundacja-hereditas.pl\/wp-content\/uploads\/2022\/10\/Dziubiel_Agnieszka_Warszawa_Wilcza_27B_elewacja_frontowa_detal_01-135x300.jpg 135w, http:\/\/lapidarium.fundacja-hereditas.pl\/wp-content\/uploads\/2022\/10\/Dziubiel_Agnieszka_Warszawa_Wilcza_27B_elewacja_frontowa_detal_01-461x1024.jpg 461w, http:\/\/lapidarium.fundacja-hereditas.pl\/wp-content\/uploads\/2022\/10\/Dziubiel_Agnieszka_Warszawa_Wilcza_27B_elewacja_frontowa_detal_01-768x1707.jpg 768w, http:\/\/lapidarium.fundacja-hereditas.pl\/wp-content\/uploads\/2022\/10\/Dziubiel_Agnieszka_Warszawa_Wilcza_27B_elewacja_frontowa_detal_01-691x1536.jpg 691w, http:\/\/lapidarium.fundacja-hereditas.pl\/wp-content\/uploads\/2022\/10\/Dziubiel_Agnieszka_Warszawa_Wilcza_27B_elewacja_frontowa_detal_01-921x2048.jpg 921w, http:\/\/lapidarium.fundacja-hereditas.pl\/wp-content\/uploads\/2022\/10\/Dziubiel_Agnieszka_Warszawa_Wilcza_27B_elewacja_frontowa_detal_01-150x333.jpg 150w, http:\/\/lapidarium.fundacja-hereditas.pl\/wp-content\/uploads\/2022\/10\/Dziubiel_Agnieszka_Warszawa_Wilcza_27B_elewacja_frontowa_detal_01-300x667.jpg 300w, http:\/\/lapidarium.fundacja-hereditas.pl\/wp-content\/uploads\/2022\/10\/Dziubiel_Agnieszka_Warszawa_Wilcza_27B_elewacja_frontowa_detal_01-696x1547.jpg 696w, http:\/\/lapidarium.fundacja-hereditas.pl\/wp-content\/uploads\/2022\/10\/Dziubiel_Agnieszka_Warszawa_Wilcza_27B_elewacja_frontowa_detal_01-1068x2374.jpg 1068w\" sizes=\"auto, (max-width: 1152px) 100vw, 1152px\" \/><\/a><figcaption class=\"wp-element-caption\">Elewacja po\u0142udniowa &#8211; g\u0142\u00f3wna. Wn\u0119ka z kapliczk\u0105 &#8211; parter. Fot. Agnieszka Dziubiel 2022 r., \u017ar\u00f3d\u0142o: AOD III.<\/figcaption><\/figure>\n\n\n\n<figure class=\"wp-block-image size-large\"><a href=\"http:\/\/lapidarium.fundacja-hereditas.pl\/wp-content\/uploads\/2022\/10\/Dziubiel_Agnieszka_Warszawa_Wilcza_27B_elewacja_frontowa_wykusz_okienny_02-scaled.jpg\"><img loading=\"lazy\" decoding=\"async\" width=\"1540\" height=\"2560\" data-id=\"10671\" src=\"http:\/\/lapidarium.fundacja-hereditas.pl\/wp-content\/uploads\/2022\/10\/Dziubiel_Agnieszka_Warszawa_Wilcza_27B_elewacja_frontowa_wykusz_okienny_02-scaled.jpg\" alt=\"Elewacja po\u0142udniowa - g\u0142\u00f3wna Okienko na parterze. Fot. Agnieszka Dziubiel 2022 r., \u017ar\u00f3d\u0142o: AOD III.\" class=\"wp-image-10671\" srcset=\"http:\/\/lapidarium.fundacja-hereditas.pl\/wp-content\/uploads\/2022\/10\/Dziubiel_Agnieszka_Warszawa_Wilcza_27B_elewacja_frontowa_wykusz_okienny_02-scaled.jpg 1540w, http:\/\/lapidarium.fundacja-hereditas.pl\/wp-content\/uploads\/2022\/10\/Dziubiel_Agnieszka_Warszawa_Wilcza_27B_elewacja_frontowa_wykusz_okienny_02-181x300.jpg 181w, http:\/\/lapidarium.fundacja-hereditas.pl\/wp-content\/uploads\/2022\/10\/Dziubiel_Agnieszka_Warszawa_Wilcza_27B_elewacja_frontowa_wykusz_okienny_02-616x1024.jpg 616w, http:\/\/lapidarium.fundacja-hereditas.pl\/wp-content\/uploads\/2022\/10\/Dziubiel_Agnieszka_Warszawa_Wilcza_27B_elewacja_frontowa_wykusz_okienny_02-768x1276.jpg 768w, http:\/\/lapidarium.fundacja-hereditas.pl\/wp-content\/uploads\/2022\/10\/Dziubiel_Agnieszka_Warszawa_Wilcza_27B_elewacja_frontowa_wykusz_okienny_02-924x1536.jpg 924w, http:\/\/lapidarium.fundacja-hereditas.pl\/wp-content\/uploads\/2022\/10\/Dziubiel_Agnieszka_Warszawa_Wilcza_27B_elewacja_frontowa_wykusz_okienny_02-1232x2048.jpg 1232w, http:\/\/lapidarium.fundacja-hereditas.pl\/wp-content\/uploads\/2022\/10\/Dziubiel_Agnieszka_Warszawa_Wilcza_27B_elewacja_frontowa_wykusz_okienny_02-150x249.jpg 150w, http:\/\/lapidarium.fundacja-hereditas.pl\/wp-content\/uploads\/2022\/10\/Dziubiel_Agnieszka_Warszawa_Wilcza_27B_elewacja_frontowa_wykusz_okienny_02-300x499.jpg 300w, http:\/\/lapidarium.fundacja-hereditas.pl\/wp-content\/uploads\/2022\/10\/Dziubiel_Agnieszka_Warszawa_Wilcza_27B_elewacja_frontowa_wykusz_okienny_02-696x1157.jpg 696w, http:\/\/lapidarium.fundacja-hereditas.pl\/wp-content\/uploads\/2022\/10\/Dziubiel_Agnieszka_Warszawa_Wilcza_27B_elewacja_frontowa_wykusz_okienny_02-1068x1775.jpg 1068w\" sizes=\"auto, (max-width: 1540px) 100vw, 1540px\" \/><\/a><figcaption class=\"wp-element-caption\">Elewacja po\u0142udniowa &#8211; g\u0142\u00f3wna Okienko na parterze. Fot. Agnieszka Dziubiel 2022 r., \u017ar\u00f3d\u0142o: AOD III.<\/figcaption><\/figure>\n\n\n\n<figure class=\"wp-block-image size-large\"><a href=\"http:\/\/lapidarium.fundacja-hereditas.pl\/wp-content\/uploads\/2022\/10\/BR_Warszawa_ul_Wilcza_27_B_drzwi_wejsciowe_na_klatke_schodowa-scaled.jpg\"><img loading=\"lazy\" decoding=\"async\" width=\"1728\" height=\"2560\" data-id=\"10667\" src=\"http:\/\/lapidarium.fundacja-hereditas.pl\/wp-content\/uploads\/2022\/10\/BR_Warszawa_ul_Wilcza_27_B_drzwi_wejsciowe_na_klatke_schodowa-scaled.jpg\" alt=\"Elewacja po\u0142udniowa - g\u0142\u00f3wna. Drzwi na klatk\u0119 schodow\u0105 - parter. Fot. Bo\u017cena Rudzisz 2022 r., \u017ar\u00f3d\u0142o: AOD III.\" class=\"wp-image-10667\" srcset=\"http:\/\/lapidarium.fundacja-hereditas.pl\/wp-content\/uploads\/2022\/10\/BR_Warszawa_ul_Wilcza_27_B_drzwi_wejsciowe_na_klatke_schodowa-scaled.jpg 1728w, http:\/\/lapidarium.fundacja-hereditas.pl\/wp-content\/uploads\/2022\/10\/BR_Warszawa_ul_Wilcza_27_B_drzwi_wejsciowe_na_klatke_schodowa-202x300.jpg 202w, http:\/\/lapidarium.fundacja-hereditas.pl\/wp-content\/uploads\/2022\/10\/BR_Warszawa_ul_Wilcza_27_B_drzwi_wejsciowe_na_klatke_schodowa-691x1024.jpg 691w, http:\/\/lapidarium.fundacja-hereditas.pl\/wp-content\/uploads\/2022\/10\/BR_Warszawa_ul_Wilcza_27_B_drzwi_wejsciowe_na_klatke_schodowa-768x1138.jpg 768w, http:\/\/lapidarium.fundacja-hereditas.pl\/wp-content\/uploads\/2022\/10\/BR_Warszawa_ul_Wilcza_27_B_drzwi_wejsciowe_na_klatke_schodowa-1037x1536.jpg 1037w, http:\/\/lapidarium.fundacja-hereditas.pl\/wp-content\/uploads\/2022\/10\/BR_Warszawa_ul_Wilcza_27_B_drzwi_wejsciowe_na_klatke_schodowa-1382x2048.jpg 1382w, http:\/\/lapidarium.fundacja-hereditas.pl\/wp-content\/uploads\/2022\/10\/BR_Warszawa_ul_Wilcza_27_B_drzwi_wejsciowe_na_klatke_schodowa-150x222.jpg 150w, http:\/\/lapidarium.fundacja-hereditas.pl\/wp-content\/uploads\/2022\/10\/BR_Warszawa_ul_Wilcza_27_B_drzwi_wejsciowe_na_klatke_schodowa-300x445.jpg 300w, http:\/\/lapidarium.fundacja-hereditas.pl\/wp-content\/uploads\/2022\/10\/BR_Warszawa_ul_Wilcza_27_B_drzwi_wejsciowe_na_klatke_schodowa-696x1031.jpg 696w, http:\/\/lapidarium.fundacja-hereditas.pl\/wp-content\/uploads\/2022\/10\/BR_Warszawa_ul_Wilcza_27_B_drzwi_wejsciowe_na_klatke_schodowa-1068x1583.jpg 1068w, http:\/\/lapidarium.fundacja-hereditas.pl\/wp-content\/uploads\/2022\/10\/BR_Warszawa_ul_Wilcza_27_B_drzwi_wejsciowe_na_klatke_schodowa-1920x2845.jpg 1920w\" sizes=\"auto, (max-width: 1728px) 100vw, 1728px\" \/><\/a><figcaption class=\"wp-element-caption\">Elewacja po\u0142udniowa &#8211; g\u0142\u00f3wna. Drzwi na klatk\u0119 schodow\u0105 &#8211; parter. Fot. Bo\u017cena Rudzisz 2022 r., \u017ar\u00f3d\u0142o: AOD III.<\/figcaption><\/figure>\n\n\n\n<figure class=\"wp-block-image size-large\"><a href=\"http:\/\/lapidarium.fundacja-hereditas.pl\/wp-content\/uploads\/2022\/10\/Dziubiel_Agnieszka_Warszawa_Wilcza_27B_klatka_schodowa_posadzka_lastryko_znak_firmowy_03-scaled.jpg\"><img loading=\"lazy\" decoding=\"async\" width=\"1214\" height=\"2560\" data-id=\"10676\" src=\"http:\/\/lapidarium.fundacja-hereditas.pl\/wp-content\/uploads\/2022\/10\/Dziubiel_Agnieszka_Warszawa_Wilcza_27B_klatka_schodowa_posadzka_lastryko_znak_firmowy_03-scaled.jpg\" alt=\"Klatka schodowa. Parter. Inicja\u0142y &quot;A.W.&quot; bezpo\u015brednio przy wej\u015bciu. Fot. Agnieszka Dziubiel 2022 r., \u017ar\u00f3d\u0142o: AOD III.\" class=\"wp-image-10676\" srcset=\"http:\/\/lapidarium.fundacja-hereditas.pl\/wp-content\/uploads\/2022\/10\/Dziubiel_Agnieszka_Warszawa_Wilcza_27B_klatka_schodowa_posadzka_lastryko_znak_firmowy_03-scaled.jpg 1214w, http:\/\/lapidarium.fundacja-hereditas.pl\/wp-content\/uploads\/2022\/10\/Dziubiel_Agnieszka_Warszawa_Wilcza_27B_klatka_schodowa_posadzka_lastryko_znak_firmowy_03-142x300.jpg 142w, http:\/\/lapidarium.fundacja-hereditas.pl\/wp-content\/uploads\/2022\/10\/Dziubiel_Agnieszka_Warszawa_Wilcza_27B_klatka_schodowa_posadzka_lastryko_znak_firmowy_03-486x1024.jpg 486w, http:\/\/lapidarium.fundacja-hereditas.pl\/wp-content\/uploads\/2022\/10\/Dziubiel_Agnieszka_Warszawa_Wilcza_27B_klatka_schodowa_posadzka_lastryko_znak_firmowy_03-768x1619.jpg 768w, http:\/\/lapidarium.fundacja-hereditas.pl\/wp-content\/uploads\/2022\/10\/Dziubiel_Agnieszka_Warszawa_Wilcza_27B_klatka_schodowa_posadzka_lastryko_znak_firmowy_03-729x1536.jpg 729w, http:\/\/lapidarium.fundacja-hereditas.pl\/wp-content\/uploads\/2022\/10\/Dziubiel_Agnieszka_Warszawa_Wilcza_27B_klatka_schodowa_posadzka_lastryko_znak_firmowy_03-971x2048.jpg 971w, http:\/\/lapidarium.fundacja-hereditas.pl\/wp-content\/uploads\/2022\/10\/Dziubiel_Agnieszka_Warszawa_Wilcza_27B_klatka_schodowa_posadzka_lastryko_znak_firmowy_03-150x316.jpg 150w, http:\/\/lapidarium.fundacja-hereditas.pl\/wp-content\/uploads\/2022\/10\/Dziubiel_Agnieszka_Warszawa_Wilcza_27B_klatka_schodowa_posadzka_lastryko_znak_firmowy_03-300x632.jpg 300w, http:\/\/lapidarium.fundacja-hereditas.pl\/wp-content\/uploads\/2022\/10\/Dziubiel_Agnieszka_Warszawa_Wilcza_27B_klatka_schodowa_posadzka_lastryko_znak_firmowy_03-696x1467.jpg 696w, http:\/\/lapidarium.fundacja-hereditas.pl\/wp-content\/uploads\/2022\/10\/Dziubiel_Agnieszka_Warszawa_Wilcza_27B_klatka_schodowa_posadzka_lastryko_znak_firmowy_03-1068x2252.jpg 1068w\" sizes=\"auto, (max-width: 1214px) 100vw, 1214px\" \/><\/a><figcaption class=\"wp-element-caption\">Klatka schodowa. Parter. Inicja\u0142y &#8222;A.W.&#8221; bezpo\u015brednio przy wej\u015bciu. Fot. Agnieszka Dziubiel 2022 r., \u017ar\u00f3d\u0142o: AOD III.<\/figcaption><\/figure>\n\n\n\n<figure class=\"wp-block-image size-large\"><a href=\"http:\/\/lapidarium.fundacja-hereditas.pl\/wp-content\/uploads\/2022\/10\/2_Chodowiec_Danuta_Warszawa_Wilcza_27B_posadzka_inicjaly.jpg\"><img loading=\"lazy\" decoding=\"async\" width=\"1819\" height=\"2214\" data-id=\"10661\" src=\"http:\/\/lapidarium.fundacja-hereditas.pl\/wp-content\/uploads\/2022\/10\/2_Chodowiec_Danuta_Warszawa_Wilcza_27B_posadzka_inicjaly.jpg\" alt=\"Klatka schodowa. Parter. Inicja\u0142y &quot;A.W.&quot; bezpo\u015brednio przy wej\u015bciu. Fot. Danuta Chodowiec 2022 r., \u017ar\u00f3d\u0142o: AOD III.\" class=\"wp-image-10661\" srcset=\"http:\/\/lapidarium.fundacja-hereditas.pl\/wp-content\/uploads\/2022\/10\/2_Chodowiec_Danuta_Warszawa_Wilcza_27B_posadzka_inicjaly.jpg 1819w, http:\/\/lapidarium.fundacja-hereditas.pl\/wp-content\/uploads\/2022\/10\/2_Chodowiec_Danuta_Warszawa_Wilcza_27B_posadzka_inicjaly-246x300.jpg 246w, http:\/\/lapidarium.fundacja-hereditas.pl\/wp-content\/uploads\/2022\/10\/2_Chodowiec_Danuta_Warszawa_Wilcza_27B_posadzka_inicjaly-841x1024.jpg 841w, http:\/\/lapidarium.fundacja-hereditas.pl\/wp-content\/uploads\/2022\/10\/2_Chodowiec_Danuta_Warszawa_Wilcza_27B_posadzka_inicjaly-768x935.jpg 768w, http:\/\/lapidarium.fundacja-hereditas.pl\/wp-content\/uploads\/2022\/10\/2_Chodowiec_Danuta_Warszawa_Wilcza_27B_posadzka_inicjaly-1262x1536.jpg 1262w, http:\/\/lapidarium.fundacja-hereditas.pl\/wp-content\/uploads\/2022\/10\/2_Chodowiec_Danuta_Warszawa_Wilcza_27B_posadzka_inicjaly-1683x2048.jpg 1683w, http:\/\/lapidarium.fundacja-hereditas.pl\/wp-content\/uploads\/2022\/10\/2_Chodowiec_Danuta_Warszawa_Wilcza_27B_posadzka_inicjaly-150x183.jpg 150w, http:\/\/lapidarium.fundacja-hereditas.pl\/wp-content\/uploads\/2022\/10\/2_Chodowiec_Danuta_Warszawa_Wilcza_27B_posadzka_inicjaly-300x365.jpg 300w, http:\/\/lapidarium.fundacja-hereditas.pl\/wp-content\/uploads\/2022\/10\/2_Chodowiec_Danuta_Warszawa_Wilcza_27B_posadzka_inicjaly-696x847.jpg 696w, http:\/\/lapidarium.fundacja-hereditas.pl\/wp-content\/uploads\/2022\/10\/2_Chodowiec_Danuta_Warszawa_Wilcza_27B_posadzka_inicjaly-1068x1300.jpg 1068w\" sizes=\"auto, (max-width: 1819px) 100vw, 1819px\" \/><\/a><figcaption class=\"wp-element-caption\">Klatka schodowa. Parter. Inicja\u0142y &#8222;A.W.&#8221; bezpo\u015brednio przy wej\u015bciu. Fot. Danuta Chodowiec 2022 r., \u017ar\u00f3d\u0142o: AOD III.<\/figcaption><\/figure>\n\n\n\n<figure class=\"wp-block-image size-large\"><a href=\"http:\/\/lapidarium.fundacja-hereditas.pl\/wp-content\/uploads\/2022\/10\/Dziubiel_Agnieszka_Warszawa_Wilcza_27B_klatka_schodowa_detal_01a-scaled.jpg\"><img loading=\"lazy\" decoding=\"async\" width=\"1275\" height=\"2560\" data-id=\"10682\" src=\"http:\/\/lapidarium.fundacja-hereditas.pl\/wp-content\/uploads\/2022\/10\/Dziubiel_Agnieszka_Warszawa_Wilcza_27B_klatka_schodowa_detal_01a-scaled.jpg\" alt=\"Klatka schodowa. Parter. Zakr\u0119t \u015bciany przy pocz\u0105tku schod\u00f3w. Fot. Agnieszka Dziubiel 2022 r., \u017ar\u00f3d\u0142o: AOD III.\" class=\"wp-image-10682\" srcset=\"http:\/\/lapidarium.fundacja-hereditas.pl\/wp-content\/uploads\/2022\/10\/Dziubiel_Agnieszka_Warszawa_Wilcza_27B_klatka_schodowa_detal_01a-scaled.jpg 1275w, http:\/\/lapidarium.fundacja-hereditas.pl\/wp-content\/uploads\/2022\/10\/Dziubiel_Agnieszka_Warszawa_Wilcza_27B_klatka_schodowa_detal_01a-149x300.jpg 149w, http:\/\/lapidarium.fundacja-hereditas.pl\/wp-content\/uploads\/2022\/10\/Dziubiel_Agnieszka_Warszawa_Wilcza_27B_klatka_schodowa_detal_01a-510x1024.jpg 510w, http:\/\/lapidarium.fundacja-hereditas.pl\/wp-content\/uploads\/2022\/10\/Dziubiel_Agnieszka_Warszawa_Wilcza_27B_klatka_schodowa_detal_01a-768x1542.jpg 768w, http:\/\/lapidarium.fundacja-hereditas.pl\/wp-content\/uploads\/2022\/10\/Dziubiel_Agnieszka_Warszawa_Wilcza_27B_klatka_schodowa_detal_01a-765x1536.jpg 765w, http:\/\/lapidarium.fundacja-hereditas.pl\/wp-content\/uploads\/2022\/10\/Dziubiel_Agnieszka_Warszawa_Wilcza_27B_klatka_schodowa_detal_01a-1020x2048.jpg 1020w, http:\/\/lapidarium.fundacja-hereditas.pl\/wp-content\/uploads\/2022\/10\/Dziubiel_Agnieszka_Warszawa_Wilcza_27B_klatka_schodowa_detal_01a-150x301.jpg 150w, http:\/\/lapidarium.fundacja-hereditas.pl\/wp-content\/uploads\/2022\/10\/Dziubiel_Agnieszka_Warszawa_Wilcza_27B_klatka_schodowa_detal_01a-300x602.jpg 300w, http:\/\/lapidarium.fundacja-hereditas.pl\/wp-content\/uploads\/2022\/10\/Dziubiel_Agnieszka_Warszawa_Wilcza_27B_klatka_schodowa_detal_01a-696x1397.jpg 696w, http:\/\/lapidarium.fundacja-hereditas.pl\/wp-content\/uploads\/2022\/10\/Dziubiel_Agnieszka_Warszawa_Wilcza_27B_klatka_schodowa_detal_01a-1068x2144.jpg 1068w\" sizes=\"auto, (max-width: 1275px) 100vw, 1275px\" \/><\/a><figcaption class=\"wp-element-caption\">Klatka schodowa. Parter. Zakr\u0119t \u015bciany przy pocz\u0105tku schod\u00f3w. Fot. Agnieszka Dziubiel 2022 r., \u017ar\u00f3d\u0142o: AOD III.<\/figcaption><\/figure>\n\n\n\n<figure class=\"wp-block-image size-large\"><a href=\"http:\/\/lapidarium.fundacja-hereditas.pl\/wp-content\/uploads\/2022\/10\/Dziubiel_Agnieszka_Warszawa_Wilcza_27B_klatka_schodowa_schody_01-scaled.jpg\"><img loading=\"lazy\" decoding=\"async\" width=\"1255\" height=\"2560\" data-id=\"10677\" src=\"http:\/\/lapidarium.fundacja-hereditas.pl\/wp-content\/uploads\/2022\/10\/Dziubiel_Agnieszka_Warszawa_Wilcza_27B_klatka_schodowa_schody_01-scaled.jpg\" alt=\"Klatka schodowa. Parter. Pocz\u0105tek marmurowych schod\u00f3w na I pi\u0119tro. Fot. Agnieszka Dziubiel 2022 r., \u017ar\u00f3d\u0142o: AOD III.\" class=\"wp-image-10677\" srcset=\"http:\/\/lapidarium.fundacja-hereditas.pl\/wp-content\/uploads\/2022\/10\/Dziubiel_Agnieszka_Warszawa_Wilcza_27B_klatka_schodowa_schody_01-scaled.jpg 1255w, http:\/\/lapidarium.fundacja-hereditas.pl\/wp-content\/uploads\/2022\/10\/Dziubiel_Agnieszka_Warszawa_Wilcza_27B_klatka_schodowa_schody_01-147x300.jpg 147w, http:\/\/lapidarium.fundacja-hereditas.pl\/wp-content\/uploads\/2022\/10\/Dziubiel_Agnieszka_Warszawa_Wilcza_27B_klatka_schodowa_schody_01-502x1024.jpg 502w, http:\/\/lapidarium.fundacja-hereditas.pl\/wp-content\/uploads\/2022\/10\/Dziubiel_Agnieszka_Warszawa_Wilcza_27B_klatka_schodowa_schody_01-768x1567.jpg 768w, http:\/\/lapidarium.fundacja-hereditas.pl\/wp-content\/uploads\/2022\/10\/Dziubiel_Agnieszka_Warszawa_Wilcza_27B_klatka_schodowa_schody_01-753x1536.jpg 753w, http:\/\/lapidarium.fundacja-hereditas.pl\/wp-content\/uploads\/2022\/10\/Dziubiel_Agnieszka_Warszawa_Wilcza_27B_klatka_schodowa_schody_01-1004x2048.jpg 1004w, http:\/\/lapidarium.fundacja-hereditas.pl\/wp-content\/uploads\/2022\/10\/Dziubiel_Agnieszka_Warszawa_Wilcza_27B_klatka_schodowa_schody_01-150x306.jpg 150w, http:\/\/lapidarium.fundacja-hereditas.pl\/wp-content\/uploads\/2022\/10\/Dziubiel_Agnieszka_Warszawa_Wilcza_27B_klatka_schodowa_schody_01-300x612.jpg 300w, http:\/\/lapidarium.fundacja-hereditas.pl\/wp-content\/uploads\/2022\/10\/Dziubiel_Agnieszka_Warszawa_Wilcza_27B_klatka_schodowa_schody_01-696x1420.jpg 696w, http:\/\/lapidarium.fundacja-hereditas.pl\/wp-content\/uploads\/2022\/10\/Dziubiel_Agnieszka_Warszawa_Wilcza_27B_klatka_schodowa_schody_01-1068x2179.jpg 1068w\" sizes=\"auto, (max-width: 1255px) 100vw, 1255px\" \/><\/a><figcaption class=\"wp-element-caption\">Klatka schodowa. Parter. Pocz\u0105tek marmurowych schod\u00f3w na I pi\u0119tro. Fot. Agnieszka Dziubiel 2022 r., \u017ar\u00f3d\u0142o: AOD III.<\/figcaption><\/figure>\n\n\n\n<figure class=\"wp-block-image size-large\"><a href=\"http:\/\/lapidarium.fundacja-hereditas.pl\/wp-content\/uploads\/2022\/10\/Dziubiel_Agnieszka_Warszawa_Wilcza_27B_klatka_schodowa_schody_03-scaled.jpg\"><img loading=\"lazy\" decoding=\"async\" width=\"1186\" height=\"2560\" data-id=\"10678\" src=\"http:\/\/lapidarium.fundacja-hereditas.pl\/wp-content\/uploads\/2022\/10\/Dziubiel_Agnieszka_Warszawa_Wilcza_27B_klatka_schodowa_schody_03-scaled.jpg\" alt=\"Klatka schodowa. Widok z parteru na I pi\u0119tro. Schody z marmuru. Fot. Agnieszka Dziubiel 2022 r., \u017ar\u00f3d\u0142o: AOD III.\" class=\"wp-image-10678\" srcset=\"http:\/\/lapidarium.fundacja-hereditas.pl\/wp-content\/uploads\/2022\/10\/Dziubiel_Agnieszka_Warszawa_Wilcza_27B_klatka_schodowa_schody_03-scaled.jpg 1186w, http:\/\/lapidarium.fundacja-hereditas.pl\/wp-content\/uploads\/2022\/10\/Dziubiel_Agnieszka_Warszawa_Wilcza_27B_klatka_schodowa_schody_03-139x300.jpg 139w, http:\/\/lapidarium.fundacja-hereditas.pl\/wp-content\/uploads\/2022\/10\/Dziubiel_Agnieszka_Warszawa_Wilcza_27B_klatka_schodowa_schody_03-474x1024.jpg 474w, http:\/\/lapidarium.fundacja-hereditas.pl\/wp-content\/uploads\/2022\/10\/Dziubiel_Agnieszka_Warszawa_Wilcza_27B_klatka_schodowa_schody_03-768x1658.jpg 768w, http:\/\/lapidarium.fundacja-hereditas.pl\/wp-content\/uploads\/2022\/10\/Dziubiel_Agnieszka_Warszawa_Wilcza_27B_klatka_schodowa_schody_03-712x1536.jpg 712w, http:\/\/lapidarium.fundacja-hereditas.pl\/wp-content\/uploads\/2022\/10\/Dziubiel_Agnieszka_Warszawa_Wilcza_27B_klatka_schodowa_schody_03-949x2048.jpg 949w, http:\/\/lapidarium.fundacja-hereditas.pl\/wp-content\/uploads\/2022\/10\/Dziubiel_Agnieszka_Warszawa_Wilcza_27B_klatka_schodowa_schody_03-150x324.jpg 150w, http:\/\/lapidarium.fundacja-hereditas.pl\/wp-content\/uploads\/2022\/10\/Dziubiel_Agnieszka_Warszawa_Wilcza_27B_klatka_schodowa_schody_03-300x648.jpg 300w, http:\/\/lapidarium.fundacja-hereditas.pl\/wp-content\/uploads\/2022\/10\/Dziubiel_Agnieszka_Warszawa_Wilcza_27B_klatka_schodowa_schody_03-696x1502.jpg 696w, http:\/\/lapidarium.fundacja-hereditas.pl\/wp-content\/uploads\/2022\/10\/Dziubiel_Agnieszka_Warszawa_Wilcza_27B_klatka_schodowa_schody_03-1068x2305.jpg 1068w\" sizes=\"auto, (max-width: 1186px) 100vw, 1186px\" \/><\/a><figcaption class=\"wp-element-caption\">Klatka schodowa. Widok z parteru na I pi\u0119tro. Schody z marmuru. Fot. Agnieszka Dziubiel 2022 r., \u017ar\u00f3d\u0142o: AOD III.<\/figcaption><\/figure>\n\n\n\n<figure class=\"wp-block-image size-large\"><a href=\"http:\/\/lapidarium.fundacja-hereditas.pl\/wp-content\/uploads\/2022\/10\/Dziubiel_Agnieszka_Warszawa_Wilcza_27B_klatka_schodowa_schody_04-scaled.jpg\"><img loading=\"lazy\" decoding=\"async\" width=\"1193\" height=\"2560\" data-id=\"10679\" src=\"http:\/\/lapidarium.fundacja-hereditas.pl\/wp-content\/uploads\/2022\/10\/Dziubiel_Agnieszka_Warszawa_Wilcza_27B_klatka_schodowa_schody_04-scaled.jpg\" alt=\"Klatka schodowa. Widok z I pi\u0119tra na parter. Schody z marmuru. Fot. Agnieszka Dziubiel 2022 r., \u017ar\u00f3d\u0142o: AOD III.\" class=\"wp-image-10679\" srcset=\"http:\/\/lapidarium.fundacja-hereditas.pl\/wp-content\/uploads\/2022\/10\/Dziubiel_Agnieszka_Warszawa_Wilcza_27B_klatka_schodowa_schody_04-scaled.jpg 1193w, http:\/\/lapidarium.fundacja-hereditas.pl\/wp-content\/uploads\/2022\/10\/Dziubiel_Agnieszka_Warszawa_Wilcza_27B_klatka_schodowa_schody_04-140x300.jpg 140w, http:\/\/lapidarium.fundacja-hereditas.pl\/wp-content\/uploads\/2022\/10\/Dziubiel_Agnieszka_Warszawa_Wilcza_27B_klatka_schodowa_schody_04-477x1024.jpg 477w, http:\/\/lapidarium.fundacja-hereditas.pl\/wp-content\/uploads\/2022\/10\/Dziubiel_Agnieszka_Warszawa_Wilcza_27B_klatka_schodowa_schody_04-768x1648.jpg 768w, http:\/\/lapidarium.fundacja-hereditas.pl\/wp-content\/uploads\/2022\/10\/Dziubiel_Agnieszka_Warszawa_Wilcza_27B_klatka_schodowa_schody_04-716x1536.jpg 716w, http:\/\/lapidarium.fundacja-hereditas.pl\/wp-content\/uploads\/2022\/10\/Dziubiel_Agnieszka_Warszawa_Wilcza_27B_klatka_schodowa_schody_04-954x2048.jpg 954w, http:\/\/lapidarium.fundacja-hereditas.pl\/wp-content\/uploads\/2022\/10\/Dziubiel_Agnieszka_Warszawa_Wilcza_27B_klatka_schodowa_schody_04-150x322.jpg 150w, http:\/\/lapidarium.fundacja-hereditas.pl\/wp-content\/uploads\/2022\/10\/Dziubiel_Agnieszka_Warszawa_Wilcza_27B_klatka_schodowa_schody_04-300x644.jpg 300w, http:\/\/lapidarium.fundacja-hereditas.pl\/wp-content\/uploads\/2022\/10\/Dziubiel_Agnieszka_Warszawa_Wilcza_27B_klatka_schodowa_schody_04-696x1494.jpg 696w, http:\/\/lapidarium.fundacja-hereditas.pl\/wp-content\/uploads\/2022\/10\/Dziubiel_Agnieszka_Warszawa_Wilcza_27B_klatka_schodowa_schody_04-1068x2292.jpg 1068w\" sizes=\"auto, (max-width: 1193px) 100vw, 1193px\" \/><\/a><figcaption class=\"wp-element-caption\">Klatka schodowa. Widok z I pi\u0119tra na parter. Schody z marmuru. Fot. Agnieszka Dziubiel 2022 r., \u017ar\u00f3d\u0142o: AOD III.<\/figcaption><\/figure>\n\n\n\n<figure class=\"wp-block-image size-large\"><a href=\"http:\/\/lapidarium.fundacja-hereditas.pl\/wp-content\/uploads\/2022\/10\/Dziubiel_Agnieszka_Warszawa_Wilcza_27B_klatka_schodowa_korytarz_01-scaled.jpg\"><img loading=\"lazy\" decoding=\"async\" width=\"1264\" height=\"2560\" data-id=\"10673\" src=\"http:\/\/lapidarium.fundacja-hereditas.pl\/wp-content\/uploads\/2022\/10\/Dziubiel_Agnieszka_Warszawa_Wilcza_27B_klatka_schodowa_korytarz_01-scaled.jpg\" alt=\"Klatka schodowa. Widok z I-go pi\u0119tra. Fot. Agnieszka Dziubiel 2022 r., \u017ar\u00f3d\u0142o: AOD III.\" class=\"wp-image-10673\" srcset=\"http:\/\/lapidarium.fundacja-hereditas.pl\/wp-content\/uploads\/2022\/10\/Dziubiel_Agnieszka_Warszawa_Wilcza_27B_klatka_schodowa_korytarz_01-scaled.jpg 1264w, http:\/\/lapidarium.fundacja-hereditas.pl\/wp-content\/uploads\/2022\/10\/Dziubiel_Agnieszka_Warszawa_Wilcza_27B_klatka_schodowa_korytarz_01-148x300.jpg 148w, http:\/\/lapidarium.fundacja-hereditas.pl\/wp-content\/uploads\/2022\/10\/Dziubiel_Agnieszka_Warszawa_Wilcza_27B_klatka_schodowa_korytarz_01-506x1024.jpg 506w, http:\/\/lapidarium.fundacja-hereditas.pl\/wp-content\/uploads\/2022\/10\/Dziubiel_Agnieszka_Warszawa_Wilcza_27B_klatka_schodowa_korytarz_01-768x1555.jpg 768w, http:\/\/lapidarium.fundacja-hereditas.pl\/wp-content\/uploads\/2022\/10\/Dziubiel_Agnieszka_Warszawa_Wilcza_27B_klatka_schodowa_korytarz_01-759x1536.jpg 759w, http:\/\/lapidarium.fundacja-hereditas.pl\/wp-content\/uploads\/2022\/10\/Dziubiel_Agnieszka_Warszawa_Wilcza_27B_klatka_schodowa_korytarz_01-150x304.jpg 150w, http:\/\/lapidarium.fundacja-hereditas.pl\/wp-content\/uploads\/2022\/10\/Dziubiel_Agnieszka_Warszawa_Wilcza_27B_klatka_schodowa_korytarz_01-300x607.jpg 300w, http:\/\/lapidarium.fundacja-hereditas.pl\/wp-content\/uploads\/2022\/10\/Dziubiel_Agnieszka_Warszawa_Wilcza_27B_klatka_schodowa_korytarz_01-696x1409.jpg 696w, http:\/\/lapidarium.fundacja-hereditas.pl\/wp-content\/uploads\/2022\/10\/Dziubiel_Agnieszka_Warszawa_Wilcza_27B_klatka_schodowa_korytarz_01-1068x2162.jpg 1068w\" sizes=\"auto, (max-width: 1264px) 100vw, 1264px\" \/><\/a><figcaption class=\"wp-element-caption\">Klatka schodowa. Widok z I-go pi\u0119tra. Fot. Agnieszka Dziubiel 2022 r., \u017ar\u00f3d\u0142o: AOD III.<\/figcaption><\/figure>\n\n\n\n<figure class=\"wp-block-image size-large\"><a href=\"http:\/\/lapidarium.fundacja-hereditas.pl\/wp-content\/uploads\/2022\/10\/Dziubiel_Agnieszka_Warszawa_Wilcza_27B_klatka_schodowa_korytarz_02-scaled.jpg\"><img loading=\"lazy\" decoding=\"async\" width=\"1184\" height=\"2560\" data-id=\"10674\" src=\"http:\/\/lapidarium.fundacja-hereditas.pl\/wp-content\/uploads\/2022\/10\/Dziubiel_Agnieszka_Warszawa_Wilcza_27B_klatka_schodowa_korytarz_02-scaled.jpg\" alt=\"Klatka schodowa. Pocz\u0105tek drewnianych schod\u00f3w na II pi\u0119tro. Fot. Agnieszka Dziubiel 2022 r., \u017ar\u00f3d\u0142o: AOD III.\" class=\"wp-image-10674\" srcset=\"http:\/\/lapidarium.fundacja-hereditas.pl\/wp-content\/uploads\/2022\/10\/Dziubiel_Agnieszka_Warszawa_Wilcza_27B_klatka_schodowa_korytarz_02-scaled.jpg 1184w, http:\/\/lapidarium.fundacja-hereditas.pl\/wp-content\/uploads\/2022\/10\/Dziubiel_Agnieszka_Warszawa_Wilcza_27B_klatka_schodowa_korytarz_02-139x300.jpg 139w, http:\/\/lapidarium.fundacja-hereditas.pl\/wp-content\/uploads\/2022\/10\/Dziubiel_Agnieszka_Warszawa_Wilcza_27B_klatka_schodowa_korytarz_02-474x1024.jpg 474w, http:\/\/lapidarium.fundacja-hereditas.pl\/wp-content\/uploads\/2022\/10\/Dziubiel_Agnieszka_Warszawa_Wilcza_27B_klatka_schodowa_korytarz_02-768x1660.jpg 768w, http:\/\/lapidarium.fundacja-hereditas.pl\/wp-content\/uploads\/2022\/10\/Dziubiel_Agnieszka_Warszawa_Wilcza_27B_klatka_schodowa_korytarz_02-711x1536.jpg 711w, http:\/\/lapidarium.fundacja-hereditas.pl\/wp-content\/uploads\/2022\/10\/Dziubiel_Agnieszka_Warszawa_Wilcza_27B_klatka_schodowa_korytarz_02-947x2048.jpg 947w, http:\/\/lapidarium.fundacja-hereditas.pl\/wp-content\/uploads\/2022\/10\/Dziubiel_Agnieszka_Warszawa_Wilcza_27B_klatka_schodowa_korytarz_02-150x324.jpg 150w, http:\/\/lapidarium.fundacja-hereditas.pl\/wp-content\/uploads\/2022\/10\/Dziubiel_Agnieszka_Warszawa_Wilcza_27B_klatka_schodowa_korytarz_02-300x648.jpg 300w, http:\/\/lapidarium.fundacja-hereditas.pl\/wp-content\/uploads\/2022\/10\/Dziubiel_Agnieszka_Warszawa_Wilcza_27B_klatka_schodowa_korytarz_02-696x1504.jpg 696w, http:\/\/lapidarium.fundacja-hereditas.pl\/wp-content\/uploads\/2022\/10\/Dziubiel_Agnieszka_Warszawa_Wilcza_27B_klatka_schodowa_korytarz_02-1068x2309.jpg 1068w\" sizes=\"auto, (max-width: 1184px) 100vw, 1184px\" \/><\/a><figcaption class=\"wp-element-caption\">Klatka schodowa. Pocz\u0105tek drewnianych schod\u00f3w na II pi\u0119tro. Fot. Agnieszka Dziubiel 2022 r., \u017ar\u00f3d\u0142o: AOD III.<\/figcaption><\/figure>\n\n\n\n<figure class=\"wp-block-image size-large\"><a href=\"http:\/\/lapidarium.fundacja-hereditas.pl\/wp-content\/uploads\/2022\/10\/3_Chodowiec_Danuta_Warszawa_Wilcza_27B_schody_zdobienie-scaled.jpg\"><img loading=\"lazy\" decoding=\"async\" width=\"2560\" height=\"1452\" data-id=\"10662\" src=\"http:\/\/lapidarium.fundacja-hereditas.pl\/wp-content\/uploads\/2022\/10\/3_Chodowiec_Danuta_Warszawa_Wilcza_27B_schody_zdobienie-scaled.jpg\" alt=\"Klatka schodowa. Drewniane schody na II pi\u0119tro z nowymi stopniami. Fot. Danuta Chodowiec 2022 r., \u017ar\u00f3d\u0142o: AOD III.\" class=\"wp-image-10662\" srcset=\"http:\/\/lapidarium.fundacja-hereditas.pl\/wp-content\/uploads\/2022\/10\/3_Chodowiec_Danuta_Warszawa_Wilcza_27B_schody_zdobienie-scaled.jpg 2560w, http:\/\/lapidarium.fundacja-hereditas.pl\/wp-content\/uploads\/2022\/10\/3_Chodowiec_Danuta_Warszawa_Wilcza_27B_schody_zdobienie-300x170.jpg 300w, http:\/\/lapidarium.fundacja-hereditas.pl\/wp-content\/uploads\/2022\/10\/3_Chodowiec_Danuta_Warszawa_Wilcza_27B_schody_zdobienie-1024x581.jpg 1024w, http:\/\/lapidarium.fundacja-hereditas.pl\/wp-content\/uploads\/2022\/10\/3_Chodowiec_Danuta_Warszawa_Wilcza_27B_schody_zdobienie-768x436.jpg 768w, http:\/\/lapidarium.fundacja-hereditas.pl\/wp-content\/uploads\/2022\/10\/3_Chodowiec_Danuta_Warszawa_Wilcza_27B_schody_zdobienie-1536x871.jpg 1536w, http:\/\/lapidarium.fundacja-hereditas.pl\/wp-content\/uploads\/2022\/10\/3_Chodowiec_Danuta_Warszawa_Wilcza_27B_schody_zdobienie-2048x1162.jpg 2048w, http:\/\/lapidarium.fundacja-hereditas.pl\/wp-content\/uploads\/2022\/10\/3_Chodowiec_Danuta_Warszawa_Wilcza_27B_schody_zdobienie-150x85.jpg 150w, http:\/\/lapidarium.fundacja-hereditas.pl\/wp-content\/uploads\/2022\/10\/3_Chodowiec_Danuta_Warszawa_Wilcza_27B_schody_zdobienie-696x395.jpg 696w, http:\/\/lapidarium.fundacja-hereditas.pl\/wp-content\/uploads\/2022\/10\/3_Chodowiec_Danuta_Warszawa_Wilcza_27B_schody_zdobienie-1068x606.jpg 1068w, http:\/\/lapidarium.fundacja-hereditas.pl\/wp-content\/uploads\/2022\/10\/3_Chodowiec_Danuta_Warszawa_Wilcza_27B_schody_zdobienie-1920x1089.jpg 1920w\" sizes=\"auto, (max-width: 2560px) 100vw, 2560px\" \/><\/a><figcaption class=\"wp-element-caption\">Klatka schodowa. Drewniane schody na II pi\u0119tro z nowymi stopniami. Fot. Danuta Chodowiec 2022 r., \u017ar\u00f3d\u0142o: AOD III.<\/figcaption><\/figure>\n\n\n\n<figure class=\"wp-block-image size-large\"><a href=\"http:\/\/lapidarium.fundacja-hereditas.pl\/wp-content\/uploads\/2022\/10\/Dziubiel_Agnieszka_Warszawa_Wilcza_27B_klatka_schodowa_schody_05-scaled.jpg\"><img loading=\"lazy\" decoding=\"async\" width=\"1325\" height=\"2560\" data-id=\"10680\" src=\"http:\/\/lapidarium.fundacja-hereditas.pl\/wp-content\/uploads\/2022\/10\/Dziubiel_Agnieszka_Warszawa_Wilcza_27B_klatka_schodowa_schody_05-scaled.jpg\" alt=\"Klatka schodowa. Drewniane schody na II pi\u0119tro z nowymi stopniami. Fot. Agnieszka Dziubiel 2022 r., \u017ar\u00f3d\u0142o: AOD III.\" class=\"wp-image-10680\" srcset=\"http:\/\/lapidarium.fundacja-hereditas.pl\/wp-content\/uploads\/2022\/10\/Dziubiel_Agnieszka_Warszawa_Wilcza_27B_klatka_schodowa_schody_05-scaled.jpg 1325w, http:\/\/lapidarium.fundacja-hereditas.pl\/wp-content\/uploads\/2022\/10\/Dziubiel_Agnieszka_Warszawa_Wilcza_27B_klatka_schodowa_schody_05-155x300.jpg 155w, http:\/\/lapidarium.fundacja-hereditas.pl\/wp-content\/uploads\/2022\/10\/Dziubiel_Agnieszka_Warszawa_Wilcza_27B_klatka_schodowa_schody_05-530x1024.jpg 530w, http:\/\/lapidarium.fundacja-hereditas.pl\/wp-content\/uploads\/2022\/10\/Dziubiel_Agnieszka_Warszawa_Wilcza_27B_klatka_schodowa_schody_05-768x1484.jpg 768w, http:\/\/lapidarium.fundacja-hereditas.pl\/wp-content\/uploads\/2022\/10\/Dziubiel_Agnieszka_Warszawa_Wilcza_27B_klatka_schodowa_schody_05-795x1536.jpg 795w, http:\/\/lapidarium.fundacja-hereditas.pl\/wp-content\/uploads\/2022\/10\/Dziubiel_Agnieszka_Warszawa_Wilcza_27B_klatka_schodowa_schody_05-1060x2048.jpg 1060w, http:\/\/lapidarium.fundacja-hereditas.pl\/wp-content\/uploads\/2022\/10\/Dziubiel_Agnieszka_Warszawa_Wilcza_27B_klatka_schodowa_schody_05-150x290.jpg 150w, http:\/\/lapidarium.fundacja-hereditas.pl\/wp-content\/uploads\/2022\/10\/Dziubiel_Agnieszka_Warszawa_Wilcza_27B_klatka_schodowa_schody_05-300x580.jpg 300w, http:\/\/lapidarium.fundacja-hereditas.pl\/wp-content\/uploads\/2022\/10\/Dziubiel_Agnieszka_Warszawa_Wilcza_27B_klatka_schodowa_schody_05-696x1345.jpg 696w, http:\/\/lapidarium.fundacja-hereditas.pl\/wp-content\/uploads\/2022\/10\/Dziubiel_Agnieszka_Warszawa_Wilcza_27B_klatka_schodowa_schody_05-1068x2064.jpg 1068w\" sizes=\"auto, (max-width: 1325px) 100vw, 1325px\" \/><\/a><figcaption class=\"wp-element-caption\">Klatka schodowa. Drewniane schody na II pi\u0119tro z nowymi stopniami. Fot. Agnieszka Dziubiel 2022 r., \u017ar\u00f3d\u0142o: AOD III.<\/figcaption><\/figure>\n\n\n\n<figure class=\"wp-block-image size-large\"><a href=\"http:\/\/lapidarium.fundacja-hereditas.pl\/wp-content\/uploads\/2022\/10\/Dziubiel_Agnieszka_Warszawa_Wilcza_27B_klatka_schodowa_ostatnie_pietro_01-scaled.jpg\"><img loading=\"lazy\" decoding=\"async\" width=\"1081\" height=\"2560\" data-id=\"10675\" src=\"http:\/\/lapidarium.fundacja-hereditas.pl\/wp-content\/uploads\/2022\/10\/Dziubiel_Agnieszka_Warszawa_Wilcza_27B_klatka_schodowa_ostatnie_pietro_01-scaled.jpg\" alt=\"Klatka schodowa. \u015awietlik na II pi\u0119trze. Fot. Agnieszka Dziubiel 2022 r., \u017ar\u00f3d\u0142o: AOD III.\" class=\"wp-image-10675\" srcset=\"http:\/\/lapidarium.fundacja-hereditas.pl\/wp-content\/uploads\/2022\/10\/Dziubiel_Agnieszka_Warszawa_Wilcza_27B_klatka_schodowa_ostatnie_pietro_01-scaled.jpg 1081w, http:\/\/lapidarium.fundacja-hereditas.pl\/wp-content\/uploads\/2022\/10\/Dziubiel_Agnieszka_Warszawa_Wilcza_27B_klatka_schodowa_ostatnie_pietro_01-127x300.jpg 127w, http:\/\/lapidarium.fundacja-hereditas.pl\/wp-content\/uploads\/2022\/10\/Dziubiel_Agnieszka_Warszawa_Wilcza_27B_klatka_schodowa_ostatnie_pietro_01-432x1024.jpg 432w, http:\/\/lapidarium.fundacja-hereditas.pl\/wp-content\/uploads\/2022\/10\/Dziubiel_Agnieszka_Warszawa_Wilcza_27B_klatka_schodowa_ostatnie_pietro_01-768x1818.jpg 768w, http:\/\/lapidarium.fundacja-hereditas.pl\/wp-content\/uploads\/2022\/10\/Dziubiel_Agnieszka_Warszawa_Wilcza_27B_klatka_schodowa_ostatnie_pietro_01-649x1536.jpg 649w, http:\/\/lapidarium.fundacja-hereditas.pl\/wp-content\/uploads\/2022\/10\/Dziubiel_Agnieszka_Warszawa_Wilcza_27B_klatka_schodowa_ostatnie_pietro_01-865x2048.jpg 865w, http:\/\/lapidarium.fundacja-hereditas.pl\/wp-content\/uploads\/2022\/10\/Dziubiel_Agnieszka_Warszawa_Wilcza_27B_klatka_schodowa_ostatnie_pietro_01-150x355.jpg 150w, http:\/\/lapidarium.fundacja-hereditas.pl\/wp-content\/uploads\/2022\/10\/Dziubiel_Agnieszka_Warszawa_Wilcza_27B_klatka_schodowa_ostatnie_pietro_01-300x710.jpg 300w, http:\/\/lapidarium.fundacja-hereditas.pl\/wp-content\/uploads\/2022\/10\/Dziubiel_Agnieszka_Warszawa_Wilcza_27B_klatka_schodowa_ostatnie_pietro_01-696x1648.jpg 696w, http:\/\/lapidarium.fundacja-hereditas.pl\/wp-content\/uploads\/2022\/10\/Dziubiel_Agnieszka_Warszawa_Wilcza_27B_klatka_schodowa_ostatnie_pietro_01-1068x2529.jpg 1068w\" sizes=\"auto, (max-width: 1081px) 100vw, 1081px\" \/><\/a><figcaption class=\"wp-element-caption\">Klatka schodowa. \u015awietlik na II pi\u0119trze. Fot. Agnieszka Dziubiel 2022 r., \u017ar\u00f3d\u0142o: AOD III.<\/figcaption><\/figure>\n\n\n\n<figure class=\"wp-block-image size-large\"><a href=\"http:\/\/lapidarium.fundacja-hereditas.pl\/wp-content\/uploads\/2022\/10\/5_Chodowiec_Danuta_Warszawa_Wilcza_27B_klamka_strych-scaled.jpg\"><img loading=\"lazy\" decoding=\"async\" width=\"1640\" height=\"2560\" data-id=\"10663\" src=\"http:\/\/lapidarium.fundacja-hereditas.pl\/wp-content\/uploads\/2022\/10\/5_Chodowiec_Danuta_Warszawa_Wilcza_27B_klamka_strych-scaled.jpg\" alt=\"Klatka schodowa drzwi na strych. Klamka przeniesiona sk\u0105din\u0105d. Fot. Danuta Chodowiec 2022 r., \u017ar\u00f3d\u0142o: AOD III.\" class=\"wp-image-10663\" srcset=\"http:\/\/lapidarium.fundacja-hereditas.pl\/wp-content\/uploads\/2022\/10\/5_Chodowiec_Danuta_Warszawa_Wilcza_27B_klamka_strych-scaled.jpg 1640w, http:\/\/lapidarium.fundacja-hereditas.pl\/wp-content\/uploads\/2022\/10\/5_Chodowiec_Danuta_Warszawa_Wilcza_27B_klamka_strych-192x300.jpg 192w, http:\/\/lapidarium.fundacja-hereditas.pl\/wp-content\/uploads\/2022\/10\/5_Chodowiec_Danuta_Warszawa_Wilcza_27B_klamka_strych-656x1024.jpg 656w, http:\/\/lapidarium.fundacja-hereditas.pl\/wp-content\/uploads\/2022\/10\/5_Chodowiec_Danuta_Warszawa_Wilcza_27B_klamka_strych-768x1199.jpg 768w, http:\/\/lapidarium.fundacja-hereditas.pl\/wp-content\/uploads\/2022\/10\/5_Chodowiec_Danuta_Warszawa_Wilcza_27B_klamka_strych-984x1536.jpg 984w, http:\/\/lapidarium.fundacja-hereditas.pl\/wp-content\/uploads\/2022\/10\/5_Chodowiec_Danuta_Warszawa_Wilcza_27B_klamka_strych-1312x2048.jpg 1312w, http:\/\/lapidarium.fundacja-hereditas.pl\/wp-content\/uploads\/2022\/10\/5_Chodowiec_Danuta_Warszawa_Wilcza_27B_klamka_strych-150x234.jpg 150w, http:\/\/lapidarium.fundacja-hereditas.pl\/wp-content\/uploads\/2022\/10\/5_Chodowiec_Danuta_Warszawa_Wilcza_27B_klamka_strych-300x468.jpg 300w, http:\/\/lapidarium.fundacja-hereditas.pl\/wp-content\/uploads\/2022\/10\/5_Chodowiec_Danuta_Warszawa_Wilcza_27B_klamka_strych-696x1086.jpg 696w, http:\/\/lapidarium.fundacja-hereditas.pl\/wp-content\/uploads\/2022\/10\/5_Chodowiec_Danuta_Warszawa_Wilcza_27B_klamka_strych-1068x1667.jpg 1068w\" sizes=\"auto, (max-width: 1640px) 100vw, 1640px\" \/><\/a><figcaption class=\"wp-element-caption\">Klatka schodowa drzwi na strych. Klamka przeniesiona sk\u0105din\u0105d. Fot. Danuta Chodowiec 2022 r., \u017ar\u00f3d\u0142o: AOD III.<\/figcaption><\/figure>\n\n\n\n<figure class=\"wp-block-image size-large\"><a href=\"http:\/\/lapidarium.fundacja-hereditas.pl\/wp-content\/uploads\/2022\/10\/119_Chodowiec_Mariusz_Warszawa_ul_Wilcza_27b_klamka_strych-scaled.jpg\"><img loading=\"lazy\" decoding=\"async\" width=\"2011\" height=\"2560\" data-id=\"10666\" src=\"http:\/\/lapidarium.fundacja-hereditas.pl\/wp-content\/uploads\/2022\/10\/119_Chodowiec_Mariusz_Warszawa_ul_Wilcza_27b_klamka_strych-scaled.jpg\" alt=\"Klatka schodowa drzwi na strych. Klamka przeniesiona sk\u0105din\u0105d. Fot. Mariusz Chodowiec 2022 r., \u017ar\u00f3d\u0142o: AOD III.\" class=\"wp-image-10666\" srcset=\"http:\/\/lapidarium.fundacja-hereditas.pl\/wp-content\/uploads\/2022\/10\/119_Chodowiec_Mariusz_Warszawa_ul_Wilcza_27b_klamka_strych-scaled.jpg 2011w, http:\/\/lapidarium.fundacja-hereditas.pl\/wp-content\/uploads\/2022\/10\/119_Chodowiec_Mariusz_Warszawa_ul_Wilcza_27b_klamka_strych-236x300.jpg 236w, http:\/\/lapidarium.fundacja-hereditas.pl\/wp-content\/uploads\/2022\/10\/119_Chodowiec_Mariusz_Warszawa_ul_Wilcza_27b_klamka_strych-804x1024.jpg 804w, http:\/\/lapidarium.fundacja-hereditas.pl\/wp-content\/uploads\/2022\/10\/119_Chodowiec_Mariusz_Warszawa_ul_Wilcza_27b_klamka_strych-768x978.jpg 768w, http:\/\/lapidarium.fundacja-hereditas.pl\/wp-content\/uploads\/2022\/10\/119_Chodowiec_Mariusz_Warszawa_ul_Wilcza_27b_klamka_strych-1207x1536.jpg 1207w, http:\/\/lapidarium.fundacja-hereditas.pl\/wp-content\/uploads\/2022\/10\/119_Chodowiec_Mariusz_Warszawa_ul_Wilcza_27b_klamka_strych-1609x2048.jpg 1609w, http:\/\/lapidarium.fundacja-hereditas.pl\/wp-content\/uploads\/2022\/10\/119_Chodowiec_Mariusz_Warszawa_ul_Wilcza_27b_klamka_strych-150x191.jpg 150w, http:\/\/lapidarium.fundacja-hereditas.pl\/wp-content\/uploads\/2022\/10\/119_Chodowiec_Mariusz_Warszawa_ul_Wilcza_27b_klamka_strych-300x382.jpg 300w, http:\/\/lapidarium.fundacja-hereditas.pl\/wp-content\/uploads\/2022\/10\/119_Chodowiec_Mariusz_Warszawa_ul_Wilcza_27b_klamka_strych-696x886.jpg 696w, http:\/\/lapidarium.fundacja-hereditas.pl\/wp-content\/uploads\/2022\/10\/119_Chodowiec_Mariusz_Warszawa_ul_Wilcza_27b_klamka_strych-1068x1360.jpg 1068w, http:\/\/lapidarium.fundacja-hereditas.pl\/wp-content\/uploads\/2022\/10\/119_Chodowiec_Mariusz_Warszawa_ul_Wilcza_27b_klamka_strych-1920x2444.jpg 1920w\" sizes=\"auto, (max-width: 2011px) 100vw, 2011px\" \/><\/a><figcaption class=\"wp-element-caption\">Klatka schodowa drzwi na strych. Klamka przeniesiona sk\u0105din\u0105d. Fot. Mariusz Chodowiec 2022 r., \u017ar\u00f3d\u0142o: AOD III.<\/figcaption><\/figure>\n<\/figure>\n","protected":false},"excerpt":{"rendered":"<p>XIX-wieczna oficyna, sprzed 1897 r., wielokrotnie przebudowywana. Opr\u00f3cz mur\u00f3w i og\u00f3lnego zarysu obiektu niewiele pozosta\u0142o w nim element\u00f3w pierwotnych. Pocz\u0105tkowo dom mia\u0142 adres hipoteczny \u201e1701 j\u201d, a plac wychodz\u0105cy na po\u0142udnie od niego, na ulic\u0119 Pi\u0119kn\u0105 \u2013 numer \u201e1701 i\u201d (stan z 1897 r.) W 1901 r. oba place nosi\u0142y ju\u017c numer hipoteczny \u201e1701 j\u201d, [&hellip;]<\/p>\n","protected":false},"author":6,"featured_media":10668,"comment_status":"open","ping_status":"open","sticky":false,"template":"","format":"standard","meta":{"footnotes":""},"categories":[4,27],"tags":[],"class_list":{"0":"post-10683","1":"post","2":"type-post","3":"status-publish","4":"format-standard","5":"has-post-thumbnail","7":"category-warszawa","8":"category-wilcza"},"_links":{"self":[{"href":"http:\/\/lapidarium.fundacja-hereditas.pl\/index.php\/wp-json\/wp\/v2\/posts\/10683","targetHints":{"allow":["GET"]}}],"collection":[{"href":"http:\/\/lapidarium.fundacja-hereditas.pl\/index.php\/wp-json\/wp\/v2\/posts"}],"about":[{"href":"http:\/\/lapidarium.fundacja-hereditas.pl\/index.php\/wp-json\/wp\/v2\/types\/post"}],"author":[{"embeddable":true,"href":"http:\/\/lapidarium.fundacja-hereditas.pl\/index.php\/wp-json\/wp\/v2\/users\/6"}],"replies":[{"embeddable":true,"href":"http:\/\/lapidarium.fundacja-hereditas.pl\/index.php\/wp-json\/wp\/v2\/comments?post=10683"}],"version-history":[{"count":6,"href":"http:\/\/lapidarium.fundacja-hereditas.pl\/index.php\/wp-json\/wp\/v2\/posts\/10683\/revisions"}],"predecessor-version":[{"id":12955,"href":"http:\/\/lapidarium.fundacja-hereditas.pl\/index.php\/wp-json\/wp\/v2\/posts\/10683\/revisions\/12955"}],"wp:featuredmedia":[{"embeddable":true,"href":"http:\/\/lapidarium.fundacja-hereditas.pl\/index.php\/wp-json\/wp\/v2\/media\/10668"}],"wp:attachment":[{"href":"http:\/\/lapidarium.fundacja-hereditas.pl\/index.php\/wp-json\/wp\/v2\/media?parent=10683"}],"wp:term":[{"taxonomy":"category","embeddable":true,"href":"http:\/\/lapidarium.fundacja-hereditas.pl\/index.php\/wp-json\/wp\/v2\/categories?post=10683"},{"taxonomy":"post_tag","embeddable":true,"href":"http:\/\/lapidarium.fundacja-hereditas.pl\/index.php\/wp-json\/wp\/v2\/tags?post=10683"}],"curies":[{"name":"wp","href":"https:\/\/api.w.org\/{rel}","templated":true}]}}