{"id":10436,"date":"2022-09-30T23:36:53","date_gmt":"2022-09-30T21:36:53","guid":{"rendered":"http:\/\/lapidarium.fundacja-hereditas.pl\/?p=10436"},"modified":"2022-10-04T13:40:36","modified_gmt":"2022-10-04T11:40:36","slug":"kamienica-malczewskiego-21-radom","status":"publish","type":"post","link":"http:\/\/lapidarium.fundacja-hereditas.pl\/index.php\/2022\/09\/30\/kamienica-malczewskiego-21-radom\/","title":{"rendered":"Kamienica &#8211; Malczewskiego 21, Radom."},"content":{"rendered":"\n<p>ul. Malczewskiego 21 &#8211; Dwupi\u0119trowa kamienica o bardzo ciekawym eklektycznym wystroju fasady, sk\u0142aniaj\u0105cym si\u0119 ku secesji.<\/p>\n\n\n\n<p>Dodatkowe zdj\u0119cia obiekt\u00f3w udost\u0119pniamy na \u017cyczenie. Osoby zainteresowane prosimy o kontakt z Fundacj\u0105 Hereditas.<\/p>\n\n\n\n<figure class=\"wp-block-gallery has-nested-images columns-default is-cropped wp-block-gallery-1 is-layout-flex wp-block-gallery-is-layout-flex\">\n<figure class=\"wp-block-image size-large\"><a href=\"http:\/\/lapidarium.fundacja-hereditas.pl\/wp-content\/uploads\/2022\/09\/Radom.Malczewskiego.21.2022.08.27_134435_aaaaaaa.jpg\"><img loading=\"lazy\" decoding=\"async\" width=\"701\" height=\"430\" data-id=\"10359\" src=\"http:\/\/lapidarium.fundacja-hereditas.pl\/wp-content\/uploads\/2022\/09\/Radom.Malczewskiego.21.2022.08.27_134435_aaaaaaa.jpg\" alt=\"\" class=\"wp-image-10359\" srcset=\"http:\/\/lapidarium.fundacja-hereditas.pl\/wp-content\/uploads\/2022\/09\/Radom.Malczewskiego.21.2022.08.27_134435_aaaaaaa.jpg 701w, http:\/\/lapidarium.fundacja-hereditas.pl\/wp-content\/uploads\/2022\/09\/Radom.Malczewskiego.21.2022.08.27_134435_aaaaaaa-300x184.jpg 300w, http:\/\/lapidarium.fundacja-hereditas.pl\/wp-content\/uploads\/2022\/09\/Radom.Malczewskiego.21.2022.08.27_134435_aaaaaaa-150x92.jpg 150w, http:\/\/lapidarium.fundacja-hereditas.pl\/wp-content\/uploads\/2022\/09\/Radom.Malczewskiego.21.2022.08.27_134435_aaaaaaa-696x427.jpg 696w\" sizes=\"auto, (max-width: 701px) 100vw, 701px\" \/><\/a><\/figure>\n\n\n\n<figure class=\"wp-block-image size-large\"><a href=\"http:\/\/lapidarium.fundacja-hereditas.pl\/wp-content\/uploads\/2022\/09\/Radom.Malczewskiego.21.2022.08.27_134435_aaaaaa.jpg\"><img loading=\"lazy\" decoding=\"async\" width=\"252\" height=\"826\" data-id=\"10358\" src=\"http:\/\/lapidarium.fundacja-hereditas.pl\/wp-content\/uploads\/2022\/09\/Radom.Malczewskiego.21.2022.08.27_134435_aaaaaa.jpg\" alt=\"\" class=\"wp-image-10358\" srcset=\"http:\/\/lapidarium.fundacja-hereditas.pl\/wp-content\/uploads\/2022\/09\/Radom.Malczewskiego.21.2022.08.27_134435_aaaaaa.jpg 252w, http:\/\/lapidarium.fundacja-hereditas.pl\/wp-content\/uploads\/2022\/09\/Radom.Malczewskiego.21.2022.08.27_134435_aaaaaa-150x492.jpg 150w\" sizes=\"auto, (max-width: 252px) 100vw, 252px\" \/><\/a><\/figure>\n\n\n\n<figure class=\"wp-block-image size-large\"><a href=\"http:\/\/lapidarium.fundacja-hereditas.pl\/wp-content\/uploads\/2022\/09\/Radom.Malczewskiego.21.2022.08.27_134435_aaaaa.jpg\"><img loading=\"lazy\" decoding=\"async\" width=\"691\" height=\"543\" data-id=\"10357\" src=\"http:\/\/lapidarium.fundacja-hereditas.pl\/wp-content\/uploads\/2022\/09\/Radom.Malczewskiego.21.2022.08.27_134435_aaaaa.jpg\" alt=\"\" class=\"wp-image-10357\" srcset=\"http:\/\/lapidarium.fundacja-hereditas.pl\/wp-content\/uploads\/2022\/09\/Radom.Malczewskiego.21.2022.08.27_134435_aaaaa.jpg 691w, http:\/\/lapidarium.fundacja-hereditas.pl\/wp-content\/uploads\/2022\/09\/Radom.Malczewskiego.21.2022.08.27_134435_aaaaa-300x236.jpg 300w, http:\/\/lapidarium.fundacja-hereditas.pl\/wp-content\/uploads\/2022\/09\/Radom.Malczewskiego.21.2022.08.27_134435_aaaaa-150x118.jpg 150w\" sizes=\"auto, (max-width: 691px) 100vw, 691px\" \/><\/a><\/figure>\n\n\n\n<figure class=\"wp-block-image size-large\"><a href=\"http:\/\/lapidarium.fundacja-hereditas.pl\/wp-content\/uploads\/2022\/09\/Radom.Malczewskiego.21.2022.08.27_134435_aaaa.jpg\"><img loading=\"lazy\" decoding=\"async\" width=\"343\" height=\"791\" data-id=\"10356\" src=\"http:\/\/lapidarium.fundacja-hereditas.pl\/wp-content\/uploads\/2022\/09\/Radom.Malczewskiego.21.2022.08.27_134435_aaaa.jpg\" alt=\"\" class=\"wp-image-10356\" srcset=\"http:\/\/lapidarium.fundacja-hereditas.pl\/wp-content\/uploads\/2022\/09\/Radom.Malczewskiego.21.2022.08.27_134435_aaaa.jpg 343w, http:\/\/lapidarium.fundacja-hereditas.pl\/wp-content\/uploads\/2022\/09\/Radom.Malczewskiego.21.2022.08.27_134435_aaaa-130x300.jpg 130w, http:\/\/lapidarium.fundacja-hereditas.pl\/wp-content\/uploads\/2022\/09\/Radom.Malczewskiego.21.2022.08.27_134435_aaaa-150x346.jpg 150w, http:\/\/lapidarium.fundacja-hereditas.pl\/wp-content\/uploads\/2022\/09\/Radom.Malczewskiego.21.2022.08.27_134435_aaaa-300x692.jpg 300w\" sizes=\"auto, (max-width: 343px) 100vw, 343px\" \/><\/a><\/figure>\n\n\n\n<figure class=\"wp-block-image size-large\"><a href=\"http:\/\/lapidarium.fundacja-hereditas.pl\/wp-content\/uploads\/2022\/09\/Radom.Malczewskiego.21.2022.08.27_134435_aaa.jpg\"><img loading=\"lazy\" decoding=\"async\" width=\"772\" height=\"491\" data-id=\"10355\" src=\"http:\/\/lapidarium.fundacja-hereditas.pl\/wp-content\/uploads\/2022\/09\/Radom.Malczewskiego.21.2022.08.27_134435_aaa.jpg\" alt=\"\" class=\"wp-image-10355\" srcset=\"http:\/\/lapidarium.fundacja-hereditas.pl\/wp-content\/uploads\/2022\/09\/Radom.Malczewskiego.21.2022.08.27_134435_aaa.jpg 772w, http:\/\/lapidarium.fundacja-hereditas.pl\/wp-content\/uploads\/2022\/09\/Radom.Malczewskiego.21.2022.08.27_134435_aaa-300x191.jpg 300w, http:\/\/lapidarium.fundacja-hereditas.pl\/wp-content\/uploads\/2022\/09\/Radom.Malczewskiego.21.2022.08.27_134435_aaa-768x488.jpg 768w, http:\/\/lapidarium.fundacja-hereditas.pl\/wp-content\/uploads\/2022\/09\/Radom.Malczewskiego.21.2022.08.27_134435_aaa-150x95.jpg 150w, http:\/\/lapidarium.fundacja-hereditas.pl\/wp-content\/uploads\/2022\/09\/Radom.Malczewskiego.21.2022.08.27_134435_aaa-696x443.jpg 696w\" sizes=\"auto, (max-width: 772px) 100vw, 772px\" \/><\/a><\/figure>\n\n\n\n<figure class=\"wp-block-image size-large\"><a href=\"http:\/\/lapidarium.fundacja-hereditas.pl\/wp-content\/uploads\/2022\/09\/Radom.Malczewskiego.21.2022.08.27_134435_aa.jpg\"><img loading=\"lazy\" decoding=\"async\" width=\"516\" height=\"676\" data-id=\"10354\" src=\"http:\/\/lapidarium.fundacja-hereditas.pl\/wp-content\/uploads\/2022\/09\/Radom.Malczewskiego.21.2022.08.27_134435_aa.jpg\" alt=\"\" class=\"wp-image-10354\" srcset=\"http:\/\/lapidarium.fundacja-hereditas.pl\/wp-content\/uploads\/2022\/09\/Radom.Malczewskiego.21.2022.08.27_134435_aa.jpg 516w, http:\/\/lapidarium.fundacja-hereditas.pl\/wp-content\/uploads\/2022\/09\/Radom.Malczewskiego.21.2022.08.27_134435_aa-229x300.jpg 229w, http:\/\/lapidarium.fundacja-hereditas.pl\/wp-content\/uploads\/2022\/09\/Radom.Malczewskiego.21.2022.08.27_134435_aa-150x197.jpg 150w, http:\/\/lapidarium.fundacja-hereditas.pl\/wp-content\/uploads\/2022\/09\/Radom.Malczewskiego.21.2022.08.27_134435_aa-300x393.jpg 300w\" sizes=\"auto, (max-width: 516px) 100vw, 516px\" \/><\/a><\/figure>\n\n\n\n<figure class=\"wp-block-image size-large\"><a href=\"http:\/\/lapidarium.fundacja-hereditas.pl\/wp-content\/uploads\/2022\/09\/Radom.Malczewskiego.21.2022.08.27_134435_a.jpg\"><img loading=\"lazy\" decoding=\"async\" width=\"812\" height=\"722\" data-id=\"10353\" src=\"http:\/\/lapidarium.fundacja-hereditas.pl\/wp-content\/uploads\/2022\/09\/Radom.Malczewskiego.21.2022.08.27_134435_a.jpg\" alt=\"\" class=\"wp-image-10353\" srcset=\"http:\/\/lapidarium.fundacja-hereditas.pl\/wp-content\/uploads\/2022\/09\/Radom.Malczewskiego.21.2022.08.27_134435_a.jpg 812w, http:\/\/lapidarium.fundacja-hereditas.pl\/wp-content\/uploads\/2022\/09\/Radom.Malczewskiego.21.2022.08.27_134435_a-300x267.jpg 300w, http:\/\/lapidarium.fundacja-hereditas.pl\/wp-content\/uploads\/2022\/09\/Radom.Malczewskiego.21.2022.08.27_134435_a-768x683.jpg 768w, http:\/\/lapidarium.fundacja-hereditas.pl\/wp-content\/uploads\/2022\/09\/Radom.Malczewskiego.21.2022.08.27_134435_a-150x133.jpg 150w, http:\/\/lapidarium.fundacja-hereditas.pl\/wp-content\/uploads\/2022\/09\/Radom.Malczewskiego.21.2022.08.27_134435_a-696x619.jpg 696w\" sizes=\"auto, (max-width: 812px) 100vw, 812px\" \/><\/a><\/figure>\n\n\n\n<figure class=\"wp-block-image size-large\"><a href=\"http:\/\/lapidarium.fundacja-hereditas.pl\/wp-content\/uploads\/2022\/09\/Radom.Malczewskiego.21.elewacja.IMG_3996-scaled.jpg\"><img loading=\"lazy\" decoding=\"async\" width=\"2326\" height=\"2560\" data-id=\"10343\" src=\"http:\/\/lapidarium.fundacja-hereditas.pl\/wp-content\/uploads\/2022\/09\/Radom.Malczewskiego.21.elewacja.IMG_3996-scaled.jpg\" alt=\"\" class=\"wp-image-10343\" srcset=\"http:\/\/lapidarium.fundacja-hereditas.pl\/wp-content\/uploads\/2022\/09\/Radom.Malczewskiego.21.elewacja.IMG_3996-scaled.jpg 2326w, http:\/\/lapidarium.fundacja-hereditas.pl\/wp-content\/uploads\/2022\/09\/Radom.Malczewskiego.21.elewacja.IMG_3996-273x300.jpg 273w, http:\/\/lapidarium.fundacja-hereditas.pl\/wp-content\/uploads\/2022\/09\/Radom.Malczewskiego.21.elewacja.IMG_3996-930x1024.jpg 930w, http:\/\/lapidarium.fundacja-hereditas.pl\/wp-content\/uploads\/2022\/09\/Radom.Malczewskiego.21.elewacja.IMG_3996-768x845.jpg 768w, http:\/\/lapidarium.fundacja-hereditas.pl\/wp-content\/uploads\/2022\/09\/Radom.Malczewskiego.21.elewacja.IMG_3996-1395x1536.jpg 1395w, http:\/\/lapidarium.fundacja-hereditas.pl\/wp-content\/uploads\/2022\/09\/Radom.Malczewskiego.21.elewacja.IMG_3996-1861x2048.jpg 1861w, http:\/\/lapidarium.fundacja-hereditas.pl\/wp-content\/uploads\/2022\/09\/Radom.Malczewskiego.21.elewacja.IMG_3996-150x165.jpg 150w, http:\/\/lapidarium.fundacja-hereditas.pl\/wp-content\/uploads\/2022\/09\/Radom.Malczewskiego.21.elewacja.IMG_3996-300x330.jpg 300w, http:\/\/lapidarium.fundacja-hereditas.pl\/wp-content\/uploads\/2022\/09\/Radom.Malczewskiego.21.elewacja.IMG_3996-696x766.jpg 696w, http:\/\/lapidarium.fundacja-hereditas.pl\/wp-content\/uploads\/2022\/09\/Radom.Malczewskiego.21.elewacja.IMG_3996-1068x1176.jpg 1068w, http:\/\/lapidarium.fundacja-hereditas.pl\/wp-content\/uploads\/2022\/09\/Radom.Malczewskiego.21.elewacja.IMG_3996-1920x2113.jpg 1920w\" sizes=\"auto, (max-width: 2326px) 100vw, 2326px\" \/><\/a><\/figure>\n\n\n\n<figure class=\"wp-block-image size-large\"><a href=\"http:\/\/lapidarium.fundacja-hereditas.pl\/wp-content\/uploads\/2022\/09\/Radom.Malczewskiego.21.elewacja.IMG_3993-scaled.jpg\"><img loading=\"lazy\" decoding=\"async\" width=\"2219\" height=\"2560\" data-id=\"10342\" src=\"http:\/\/lapidarium.fundacja-hereditas.pl\/wp-content\/uploads\/2022\/09\/Radom.Malczewskiego.21.elewacja.IMG_3993-scaled.jpg\" alt=\"\" class=\"wp-image-10342\" srcset=\"http:\/\/lapidarium.fundacja-hereditas.pl\/wp-content\/uploads\/2022\/09\/Radom.Malczewskiego.21.elewacja.IMG_3993-scaled.jpg 2219w, http:\/\/lapidarium.fundacja-hereditas.pl\/wp-content\/uploads\/2022\/09\/Radom.Malczewskiego.21.elewacja.IMG_3993-260x300.jpg 260w, http:\/\/lapidarium.fundacja-hereditas.pl\/wp-content\/uploads\/2022\/09\/Radom.Malczewskiego.21.elewacja.IMG_3993-888x1024.jpg 888w, http:\/\/lapidarium.fundacja-hereditas.pl\/wp-content\/uploads\/2022\/09\/Radom.Malczewskiego.21.elewacja.IMG_3993-768x886.jpg 768w, http:\/\/lapidarium.fundacja-hereditas.pl\/wp-content\/uploads\/2022\/09\/Radom.Malczewskiego.21.elewacja.IMG_3993-1332x1536.jpg 1332w, http:\/\/lapidarium.fundacja-hereditas.pl\/wp-content\/uploads\/2022\/09\/Radom.Malczewskiego.21.elewacja.IMG_3993-1775x2048.jpg 1775w, http:\/\/lapidarium.fundacja-hereditas.pl\/wp-content\/uploads\/2022\/09\/Radom.Malczewskiego.21.elewacja.IMG_3993-150x173.jpg 150w, http:\/\/lapidarium.fundacja-hereditas.pl\/wp-content\/uploads\/2022\/09\/Radom.Malczewskiego.21.elewacja.IMG_3993-300x346.jpg 300w, http:\/\/lapidarium.fundacja-hereditas.pl\/wp-content\/uploads\/2022\/09\/Radom.Malczewskiego.21.elewacja.IMG_3993-696x803.jpg 696w, http:\/\/lapidarium.fundacja-hereditas.pl\/wp-content\/uploads\/2022\/09\/Radom.Malczewskiego.21.elewacja.IMG_3993-1068x1232.jpg 1068w, http:\/\/lapidarium.fundacja-hereditas.pl\/wp-content\/uploads\/2022\/09\/Radom.Malczewskiego.21.elewacja.IMG_3993-1920x2215.jpg 1920w\" sizes=\"auto, (max-width: 2219px) 100vw, 2219px\" \/><\/a><\/figure>\n\n\n\n<figure class=\"wp-block-image size-large\"><a href=\"http:\/\/lapidarium.fundacja-hereditas.pl\/wp-content\/uploads\/2022\/09\/Radom.Malczewskiego.21.2022.IMG_3989-scaled.jpg\"><img loading=\"lazy\" decoding=\"async\" width=\"2560\" height=\"2259\" data-id=\"10341\" src=\"http:\/\/lapidarium.fundacja-hereditas.pl\/wp-content\/uploads\/2022\/09\/Radom.Malczewskiego.21.2022.IMG_3989-scaled.jpg\" alt=\"\" class=\"wp-image-10341\" srcset=\"http:\/\/lapidarium.fundacja-hereditas.pl\/wp-content\/uploads\/2022\/09\/Radom.Malczewskiego.21.2022.IMG_3989-scaled.jpg 2560w, http:\/\/lapidarium.fundacja-hereditas.pl\/wp-content\/uploads\/2022\/09\/Radom.Malczewskiego.21.2022.IMG_3989-300x265.jpg 300w, http:\/\/lapidarium.fundacja-hereditas.pl\/wp-content\/uploads\/2022\/09\/Radom.Malczewskiego.21.2022.IMG_3989-1024x904.jpg 1024w, http:\/\/lapidarium.fundacja-hereditas.pl\/wp-content\/uploads\/2022\/09\/Radom.Malczewskiego.21.2022.IMG_3989-768x678.jpg 768w, http:\/\/lapidarium.fundacja-hereditas.pl\/wp-content\/uploads\/2022\/09\/Radom.Malczewskiego.21.2022.IMG_3989-1536x1356.jpg 1536w, http:\/\/lapidarium.fundacja-hereditas.pl\/wp-content\/uploads\/2022\/09\/Radom.Malczewskiego.21.2022.IMG_3989-2048x1808.jpg 2048w, http:\/\/lapidarium.fundacja-hereditas.pl\/wp-content\/uploads\/2022\/09\/Radom.Malczewskiego.21.2022.IMG_3989-150x132.jpg 150w, http:\/\/lapidarium.fundacja-hereditas.pl\/wp-content\/uploads\/2022\/09\/Radom.Malczewskiego.21.2022.IMG_3989-696x614.jpg 696w, http:\/\/lapidarium.fundacja-hereditas.pl\/wp-content\/uploads\/2022\/09\/Radom.Malczewskiego.21.2022.IMG_3989-1068x943.jpg 1068w, http:\/\/lapidarium.fundacja-hereditas.pl\/wp-content\/uploads\/2022\/09\/Radom.Malczewskiego.21.2022.IMG_3989-1920x1695.jpg 1920w\" sizes=\"auto, (max-width: 2560px) 100vw, 2560px\" \/><\/a><\/figure>\n\n\n\n<figure class=\"wp-block-image size-large\"><a href=\"http:\/\/lapidarium.fundacja-hereditas.pl\/wp-content\/uploads\/2022\/09\/Radom.Malczewskiego.21.2022.08.27_134435.jpg\"><img decoding=\"async\" data-id=\"10340\" src=\"http:\/\/lapidarium.fundacja-hereditas.pl\/wp-content\/uploads\/2022\/09\/Radom.Malczewskiego.21.2022.08.27_134435.jpg\" alt=\"\" class=\"wp-image-10340\"\/><\/a><\/figure>\n<\/figure>\n","protected":false},"excerpt":{"rendered":"<p>ul. Malczewskiego 21 &#8211; Dwupi\u0119trowa kamienica o bardzo ciekawym eklektycznym wystroju fasady, sk\u0142aniaj\u0105cym si\u0119 ku secesji. Dodatkowe zdj\u0119cia obiekt\u00f3w udost\u0119pniamy na \u017cyczenie. Osoby zainteresowane prosimy o kontakt z Fundacj\u0105 Hereditas.<\/p>\n","protected":false},"author":6,"featured_media":10534,"comment_status":"open","ping_status":"open","sticky":false,"template":"","format":"standard","meta":{"footnotes":""},"categories":[162,161],"tags":[],"class_list":{"0":"post-10436","1":"post","2":"type-post","3":"status-publish","4":"format-standard","5":"has-post-thumbnail","7":"category-malczewskiego-radom","8":"category-radom"},"_links":{"self":[{"href":"http:\/\/lapidarium.fundacja-hereditas.pl\/index.php\/wp-json\/wp\/v2\/posts\/10436","targetHints":{"allow":["GET"]}}],"collection":[{"href":"http:\/\/lapidarium.fundacja-hereditas.pl\/index.php\/wp-json\/wp\/v2\/posts"}],"about":[{"href":"http:\/\/lapidarium.fundacja-hereditas.pl\/index.php\/wp-json\/wp\/v2\/types\/post"}],"author":[{"embeddable":true,"href":"http:\/\/lapidarium.fundacja-hereditas.pl\/index.php\/wp-json\/wp\/v2\/users\/6"}],"replies":[{"embeddable":true,"href":"http:\/\/lapidarium.fundacja-hereditas.pl\/index.php\/wp-json\/wp\/v2\/comments?post=10436"}],"version-history":[{"count":7,"href":"http:\/\/lapidarium.fundacja-hereditas.pl\/index.php\/wp-json\/wp\/v2\/posts\/10436\/revisions"}],"predecessor-version":[{"id":10549,"href":"http:\/\/lapidarium.fundacja-hereditas.pl\/index.php\/wp-json\/wp\/v2\/posts\/10436\/revisions\/10549"}],"wp:featuredmedia":[{"embeddable":true,"href":"http:\/\/lapidarium.fundacja-hereditas.pl\/index.php\/wp-json\/wp\/v2\/media\/10534"}],"wp:attachment":[{"href":"http:\/\/lapidarium.fundacja-hereditas.pl\/index.php\/wp-json\/wp\/v2\/media?parent=10436"}],"wp:term":[{"taxonomy":"category","embeddable":true,"href":"http:\/\/lapidarium.fundacja-hereditas.pl\/index.php\/wp-json\/wp\/v2\/categories?post=10436"},{"taxonomy":"post_tag","embeddable":true,"href":"http:\/\/lapidarium.fundacja-hereditas.pl\/index.php\/wp-json\/wp\/v2\/tags?post=10436"}],"curies":[{"name":"wp","href":"https:\/\/api.w.org\/{rel}","templated":true}]}}