{"id":10196,"date":"2022-09-30T12:11:49","date_gmt":"2022-09-30T10:11:49","guid":{"rendered":"http:\/\/lapidarium.fundacja-hereditas.pl\/?p=10196"},"modified":"2022-09-30T12:11:51","modified_gmt":"2022-09-30T10:11:51","slug":"kamienica-ul-3-go-maja-20-przasnysz","status":"publish","type":"post","link":"http:\/\/lapidarium.fundacja-hereditas.pl\/index.php\/2022\/09\/30\/kamienica-ul-3-go-maja-20-przasnysz\/","title":{"rendered":"Kamienica &#8211; ul. 3-go Maja 20, Przasnysz."},"content":{"rendered":"\n<p>ul. 3-go Maja 20 &#8211; Parterowa kamienica z czerwonej nietynkowanej ceg\u0142y klinkierowej. Budynki tego typu zwyk\u0142o okre\u015bla\u0107 si\u0119 mianem architektury koszarowej.<\/p>\n\n\n\n<p>Dodatkowe zdj\u0119cia obiekt\u00f3w udost\u0119pniamy na \u017cyczenie. Osoby zainteresowane prosimy o kontakt z Fundacj\u0105 Hereditas.<\/p>\n\n\n\n<figure class=\"wp-block-gallery has-nested-images columns-default is-cropped wp-block-gallery-1 is-layout-flex wp-block-gallery-is-layout-flex\">\n<figure class=\"wp-block-image size-large\"><a href=\"http:\/\/lapidarium.fundacja-hereditas.pl\/wp-content\/uploads\/2022\/09\/Przasnysz_3_Maja_20_widok_ogolny_Zbigniew_Michalczyk-scaled.jpg\"><img loading=\"lazy\" decoding=\"async\" width=\"2560\" height=\"1437\" data-id=\"10154\" src=\"http:\/\/lapidarium.fundacja-hereditas.pl\/wp-content\/uploads\/2022\/09\/Przasnysz_3_Maja_20_widok_ogolny_Zbigniew_Michalczyk-scaled.jpg\" alt=\"Widok og\u00f3lny. Elewacja po\u0142udniowa. Fot. Zbigniew Michalczyk 2022 r., \u017ar\u00f3d\u0142o: Res in Ornamento II.\" class=\"wp-image-10154\" srcset=\"http:\/\/lapidarium.fundacja-hereditas.pl\/wp-content\/uploads\/2022\/09\/Przasnysz_3_Maja_20_widok_ogolny_Zbigniew_Michalczyk-scaled.jpg 2560w, http:\/\/lapidarium.fundacja-hereditas.pl\/wp-content\/uploads\/2022\/09\/Przasnysz_3_Maja_20_widok_ogolny_Zbigniew_Michalczyk-300x168.jpg 300w, http:\/\/lapidarium.fundacja-hereditas.pl\/wp-content\/uploads\/2022\/09\/Przasnysz_3_Maja_20_widok_ogolny_Zbigniew_Michalczyk-1024x575.jpg 1024w, http:\/\/lapidarium.fundacja-hereditas.pl\/wp-content\/uploads\/2022\/09\/Przasnysz_3_Maja_20_widok_ogolny_Zbigniew_Michalczyk-768x431.jpg 768w, http:\/\/lapidarium.fundacja-hereditas.pl\/wp-content\/uploads\/2022\/09\/Przasnysz_3_Maja_20_widok_ogolny_Zbigniew_Michalczyk-1536x862.jpg 1536w, http:\/\/lapidarium.fundacja-hereditas.pl\/wp-content\/uploads\/2022\/09\/Przasnysz_3_Maja_20_widok_ogolny_Zbigniew_Michalczyk-2048x1150.jpg 2048w, http:\/\/lapidarium.fundacja-hereditas.pl\/wp-content\/uploads\/2022\/09\/Przasnysz_3_Maja_20_widok_ogolny_Zbigniew_Michalczyk-150x84.jpg 150w, http:\/\/lapidarium.fundacja-hereditas.pl\/wp-content\/uploads\/2022\/09\/Przasnysz_3_Maja_20_widok_ogolny_Zbigniew_Michalczyk-696x391.jpg 696w, http:\/\/lapidarium.fundacja-hereditas.pl\/wp-content\/uploads\/2022\/09\/Przasnysz_3_Maja_20_widok_ogolny_Zbigniew_Michalczyk-1068x600.jpg 1068w, http:\/\/lapidarium.fundacja-hereditas.pl\/wp-content\/uploads\/2022\/09\/Przasnysz_3_Maja_20_widok_ogolny_Zbigniew_Michalczyk-1920x1078.jpg 1920w\" sizes=\"auto, (max-width: 2560px) 100vw, 2560px\" \/><\/a><figcaption>Widok og\u00f3lny. Elewacja po\u0142udniowa. Fot. Zbigniew Michalczyk 2022 r., \u017ar\u00f3d\u0142o: Res in Ornamento II.<\/figcaption><\/figure>\n\n\n\n<figure class=\"wp-block-image size-large\"><a href=\"http:\/\/lapidarium.fundacja-hereditas.pl\/wp-content\/uploads\/2022\/09\/Przasnysz_3_Maja_20_szczyt_elew_front_Zbigniew_Michalczyk-scaled.jpg\"><img loading=\"lazy\" decoding=\"async\" width=\"2560\" height=\"1887\" data-id=\"10151\" src=\"http:\/\/lapidarium.fundacja-hereditas.pl\/wp-content\/uploads\/2022\/09\/Przasnysz_3_Maja_20_szczyt_elew_front_Zbigniew_Michalczyk-scaled.jpg\" alt=\"Elewacja po\u0142udniowa. Ryzalit wschodnia cz\u0119\u015b\u0107 fasady. Fot. Zbigniew Michalczyk 2022 r., \u017ar\u00f3d\u0142o: Res in Ornamento II.\" class=\"wp-image-10151\" srcset=\"http:\/\/lapidarium.fundacja-hereditas.pl\/wp-content\/uploads\/2022\/09\/Przasnysz_3_Maja_20_szczyt_elew_front_Zbigniew_Michalczyk-scaled.jpg 2560w, http:\/\/lapidarium.fundacja-hereditas.pl\/wp-content\/uploads\/2022\/09\/Przasnysz_3_Maja_20_szczyt_elew_front_Zbigniew_Michalczyk-300x221.jpg 300w, http:\/\/lapidarium.fundacja-hereditas.pl\/wp-content\/uploads\/2022\/09\/Przasnysz_3_Maja_20_szczyt_elew_front_Zbigniew_Michalczyk-1024x755.jpg 1024w, http:\/\/lapidarium.fundacja-hereditas.pl\/wp-content\/uploads\/2022\/09\/Przasnysz_3_Maja_20_szczyt_elew_front_Zbigniew_Michalczyk-768x566.jpg 768w, http:\/\/lapidarium.fundacja-hereditas.pl\/wp-content\/uploads\/2022\/09\/Przasnysz_3_Maja_20_szczyt_elew_front_Zbigniew_Michalczyk-1536x1132.jpg 1536w, http:\/\/lapidarium.fundacja-hereditas.pl\/wp-content\/uploads\/2022\/09\/Przasnysz_3_Maja_20_szczyt_elew_front_Zbigniew_Michalczyk-2048x1509.jpg 2048w, http:\/\/lapidarium.fundacja-hereditas.pl\/wp-content\/uploads\/2022\/09\/Przasnysz_3_Maja_20_szczyt_elew_front_Zbigniew_Michalczyk-150x111.jpg 150w, http:\/\/lapidarium.fundacja-hereditas.pl\/wp-content\/uploads\/2022\/09\/Przasnysz_3_Maja_20_szczyt_elew_front_Zbigniew_Michalczyk-696x513.jpg 696w, http:\/\/lapidarium.fundacja-hereditas.pl\/wp-content\/uploads\/2022\/09\/Przasnysz_3_Maja_20_szczyt_elew_front_Zbigniew_Michalczyk-1068x787.jpg 1068w, http:\/\/lapidarium.fundacja-hereditas.pl\/wp-content\/uploads\/2022\/09\/Przasnysz_3_Maja_20_szczyt_elew_front_Zbigniew_Michalczyk-1920x1415.jpg 1920w\" sizes=\"auto, (max-width: 2560px) 100vw, 2560px\" \/><\/a><figcaption>Elewacja po\u0142udniowa. Ryzalit wschodnia cz\u0119\u015b\u0107 fasady. Fot. Zbigniew Michalczyk 2022 r., \u017ar\u00f3d\u0142o: Res in Ornamento II.<\/figcaption><\/figure>\n\n\n\n<figure class=\"wp-block-image size-large\"><a href=\"http:\/\/lapidarium.fundacja-hereditas.pl\/wp-content\/uploads\/2022\/09\/Przasnysz_3_Maja_20_szczyt_elew_front_Zbigniew_Michalczyk_a-scaled.jpg\"><img loading=\"lazy\" decoding=\"async\" width=\"2560\" height=\"769\" data-id=\"10152\" src=\"http:\/\/lapidarium.fundacja-hereditas.pl\/wp-content\/uploads\/2022\/09\/Przasnysz_3_Maja_20_szczyt_elew_front_Zbigniew_Michalczyk_a-scaled.jpg\" alt=\"Elewacja po\u0142udniowa. Gzyms nad ryzalitem wschodniej cz\u0119\u015bci fasady. Fot. Zbigniew Michalczyk 2022 r., \u017ar\u00f3d\u0142o: Res in Ornamento II.\" class=\"wp-image-10152\" srcset=\"http:\/\/lapidarium.fundacja-hereditas.pl\/wp-content\/uploads\/2022\/09\/Przasnysz_3_Maja_20_szczyt_elew_front_Zbigniew_Michalczyk_a-scaled.jpg 2560w, http:\/\/lapidarium.fundacja-hereditas.pl\/wp-content\/uploads\/2022\/09\/Przasnysz_3_Maja_20_szczyt_elew_front_Zbigniew_Michalczyk_a-300x90.jpg 300w, http:\/\/lapidarium.fundacja-hereditas.pl\/wp-content\/uploads\/2022\/09\/Przasnysz_3_Maja_20_szczyt_elew_front_Zbigniew_Michalczyk_a-1024x308.jpg 1024w, http:\/\/lapidarium.fundacja-hereditas.pl\/wp-content\/uploads\/2022\/09\/Przasnysz_3_Maja_20_szczyt_elew_front_Zbigniew_Michalczyk_a-768x231.jpg 768w, http:\/\/lapidarium.fundacja-hereditas.pl\/wp-content\/uploads\/2022\/09\/Przasnysz_3_Maja_20_szczyt_elew_front_Zbigniew_Michalczyk_a-1536x461.jpg 1536w, http:\/\/lapidarium.fundacja-hereditas.pl\/wp-content\/uploads\/2022\/09\/Przasnysz_3_Maja_20_szczyt_elew_front_Zbigniew_Michalczyk_a-2048x615.jpg 2048w, http:\/\/lapidarium.fundacja-hereditas.pl\/wp-content\/uploads\/2022\/09\/Przasnysz_3_Maja_20_szczyt_elew_front_Zbigniew_Michalczyk_a-150x45.jpg 150w, http:\/\/lapidarium.fundacja-hereditas.pl\/wp-content\/uploads\/2022\/09\/Przasnysz_3_Maja_20_szczyt_elew_front_Zbigniew_Michalczyk_a-696x209.jpg 696w, http:\/\/lapidarium.fundacja-hereditas.pl\/wp-content\/uploads\/2022\/09\/Przasnysz_3_Maja_20_szczyt_elew_front_Zbigniew_Michalczyk_a-1068x321.jpg 1068w, http:\/\/lapidarium.fundacja-hereditas.pl\/wp-content\/uploads\/2022\/09\/Przasnysz_3_Maja_20_szczyt_elew_front_Zbigniew_Michalczyk_a-1920x577.jpg 1920w\" sizes=\"auto, (max-width: 2560px) 100vw, 2560px\" \/><\/a><figcaption>Elewacja po\u0142udniowa. Gzyms nad ryzalitem wschodniej cz\u0119\u015bci fasady. Fot. Zbigniew Michalczyk 2022 r., \u017ar\u00f3d\u0142o: Res in Ornamento II.<\/figcaption><\/figure>\n\n\n\n<figure class=\"wp-block-image size-large\"><a href=\"http:\/\/lapidarium.fundacja-hereditas.pl\/wp-content\/uploads\/2022\/09\/Przasnysz_3_Maja_20_szczyt_elew_front_Zbigniew_Michalczyk_aa.jpg\"><img loading=\"lazy\" decoding=\"async\" width=\"1057\" height=\"1288\" data-id=\"10153\" src=\"http:\/\/lapidarium.fundacja-hereditas.pl\/wp-content\/uploads\/2022\/09\/Przasnysz_3_Maja_20_szczyt_elew_front_Zbigniew_Michalczyk_aa.jpg\" alt=\"Elewacja po\u0142udniowa. G\u0142owica pilastra. Fot. Zbigniew Michalczyk 2022 r., \u017ar\u00f3d\u0142o: Res in Ornamento II.\" class=\"wp-image-10153\" srcset=\"http:\/\/lapidarium.fundacja-hereditas.pl\/wp-content\/uploads\/2022\/09\/Przasnysz_3_Maja_20_szczyt_elew_front_Zbigniew_Michalczyk_aa.jpg 1057w, http:\/\/lapidarium.fundacja-hereditas.pl\/wp-content\/uploads\/2022\/09\/Przasnysz_3_Maja_20_szczyt_elew_front_Zbigniew_Michalczyk_aa-246x300.jpg 246w, http:\/\/lapidarium.fundacja-hereditas.pl\/wp-content\/uploads\/2022\/09\/Przasnysz_3_Maja_20_szczyt_elew_front_Zbigniew_Michalczyk_aa-840x1024.jpg 840w, http:\/\/lapidarium.fundacja-hereditas.pl\/wp-content\/uploads\/2022\/09\/Przasnysz_3_Maja_20_szczyt_elew_front_Zbigniew_Michalczyk_aa-768x936.jpg 768w, http:\/\/lapidarium.fundacja-hereditas.pl\/wp-content\/uploads\/2022\/09\/Przasnysz_3_Maja_20_szczyt_elew_front_Zbigniew_Michalczyk_aa-150x183.jpg 150w, http:\/\/lapidarium.fundacja-hereditas.pl\/wp-content\/uploads\/2022\/09\/Przasnysz_3_Maja_20_szczyt_elew_front_Zbigniew_Michalczyk_aa-300x366.jpg 300w, http:\/\/lapidarium.fundacja-hereditas.pl\/wp-content\/uploads\/2022\/09\/Przasnysz_3_Maja_20_szczyt_elew_front_Zbigniew_Michalczyk_aa-696x848.jpg 696w\" sizes=\"auto, (max-width: 1057px) 100vw, 1057px\" \/><\/a><figcaption>Elewacja po\u0142udniowa. G\u0142owica pilastra. Fot. Zbigniew Michalczyk 2022 r., \u017ar\u00f3d\u0142o: Res in Ornamento II.<\/figcaption><\/figure>\n\n\n\n<figure class=\"wp-block-image size-large\"><a href=\"http:\/\/lapidarium.fundacja-hereditas.pl\/wp-content\/uploads\/2022\/09\/Przasnysz_3_Maja_20_okno_elew_front_zblizenie_Zbigniew_Michalczyk_a.jpg\"><img loading=\"lazy\" decoding=\"async\" width=\"2409\" height=\"1301\" data-id=\"10150\" src=\"http:\/\/lapidarium.fundacja-hereditas.pl\/wp-content\/uploads\/2022\/09\/Przasnysz_3_Maja_20_okno_elew_front_zblizenie_Zbigniew_Michalczyk_a.jpg\" alt=\"Elewacja po\u0142udniowa. Zwornik nad oknem parteru. Fot. Zbigniew Michalczyk 2022 r., \u017ar\u00f3d\u0142o: Res in Ornamento II.\" class=\"wp-image-10150\" srcset=\"http:\/\/lapidarium.fundacja-hereditas.pl\/wp-content\/uploads\/2022\/09\/Przasnysz_3_Maja_20_okno_elew_front_zblizenie_Zbigniew_Michalczyk_a.jpg 2409w, http:\/\/lapidarium.fundacja-hereditas.pl\/wp-content\/uploads\/2022\/09\/Przasnysz_3_Maja_20_okno_elew_front_zblizenie_Zbigniew_Michalczyk_a-300x162.jpg 300w, http:\/\/lapidarium.fundacja-hereditas.pl\/wp-content\/uploads\/2022\/09\/Przasnysz_3_Maja_20_okno_elew_front_zblizenie_Zbigniew_Michalczyk_a-1024x553.jpg 1024w, http:\/\/lapidarium.fundacja-hereditas.pl\/wp-content\/uploads\/2022\/09\/Przasnysz_3_Maja_20_okno_elew_front_zblizenie_Zbigniew_Michalczyk_a-768x415.jpg 768w, http:\/\/lapidarium.fundacja-hereditas.pl\/wp-content\/uploads\/2022\/09\/Przasnysz_3_Maja_20_okno_elew_front_zblizenie_Zbigniew_Michalczyk_a-1536x830.jpg 1536w, http:\/\/lapidarium.fundacja-hereditas.pl\/wp-content\/uploads\/2022\/09\/Przasnysz_3_Maja_20_okno_elew_front_zblizenie_Zbigniew_Michalczyk_a-2048x1106.jpg 2048w, http:\/\/lapidarium.fundacja-hereditas.pl\/wp-content\/uploads\/2022\/09\/Przasnysz_3_Maja_20_okno_elew_front_zblizenie_Zbigniew_Michalczyk_a-150x81.jpg 150w, http:\/\/lapidarium.fundacja-hereditas.pl\/wp-content\/uploads\/2022\/09\/Przasnysz_3_Maja_20_okno_elew_front_zblizenie_Zbigniew_Michalczyk_a-696x376.jpg 696w, http:\/\/lapidarium.fundacja-hereditas.pl\/wp-content\/uploads\/2022\/09\/Przasnysz_3_Maja_20_okno_elew_front_zblizenie_Zbigniew_Michalczyk_a-1068x577.jpg 1068w, http:\/\/lapidarium.fundacja-hereditas.pl\/wp-content\/uploads\/2022\/09\/Przasnysz_3_Maja_20_okno_elew_front_zblizenie_Zbigniew_Michalczyk_a-1920x1037.jpg 1920w\" sizes=\"auto, (max-width: 2409px) 100vw, 2409px\" \/><\/a><figcaption>Elewacja po\u0142udniowa. Zwornik nad oknem parteru. Fot. Zbigniew Michalczyk 2022 r., \u017ar\u00f3d\u0142o: Res in Ornamento II.<\/figcaption><\/figure>\n\n\n\n<figure class=\"wp-block-image size-large\"><a href=\"http:\/\/lapidarium.fundacja-hereditas.pl\/wp-content\/uploads\/2022\/09\/Przasnysz_3_Maja_20_okno_elew_front_Zbigniew_Michalczyk-scaled.jpg\"><img loading=\"lazy\" decoding=\"async\" width=\"2060\" height=\"2560\" data-id=\"10147\" src=\"http:\/\/lapidarium.fundacja-hereditas.pl\/wp-content\/uploads\/2022\/09\/Przasnysz_3_Maja_20_okno_elew_front_Zbigniew_Michalczyk-scaled.jpg\" alt=\"Elewacja po\u0142udniowa. Okno parteru. Prawa cz\u0119\u015b\u0107 wschodniego ryzalitu. Fot. Zbigniew Michalczyk 2022 r., \u017ar\u00f3d\u0142o: Res in Ornamento II.\" class=\"wp-image-10147\" srcset=\"http:\/\/lapidarium.fundacja-hereditas.pl\/wp-content\/uploads\/2022\/09\/Przasnysz_3_Maja_20_okno_elew_front_Zbigniew_Michalczyk-scaled.jpg 2060w, http:\/\/lapidarium.fundacja-hereditas.pl\/wp-content\/uploads\/2022\/09\/Przasnysz_3_Maja_20_okno_elew_front_Zbigniew_Michalczyk-241x300.jpg 241w, http:\/\/lapidarium.fundacja-hereditas.pl\/wp-content\/uploads\/2022\/09\/Przasnysz_3_Maja_20_okno_elew_front_Zbigniew_Michalczyk-824x1024.jpg 824w, http:\/\/lapidarium.fundacja-hereditas.pl\/wp-content\/uploads\/2022\/09\/Przasnysz_3_Maja_20_okno_elew_front_Zbigniew_Michalczyk-768x955.jpg 768w, http:\/\/lapidarium.fundacja-hereditas.pl\/wp-content\/uploads\/2022\/09\/Przasnysz_3_Maja_20_okno_elew_front_Zbigniew_Michalczyk-1236x1536.jpg 1236w, http:\/\/lapidarium.fundacja-hereditas.pl\/wp-content\/uploads\/2022\/09\/Przasnysz_3_Maja_20_okno_elew_front_Zbigniew_Michalczyk-1648x2048.jpg 1648w, http:\/\/lapidarium.fundacja-hereditas.pl\/wp-content\/uploads\/2022\/09\/Przasnysz_3_Maja_20_okno_elew_front_Zbigniew_Michalczyk-150x186.jpg 150w, http:\/\/lapidarium.fundacja-hereditas.pl\/wp-content\/uploads\/2022\/09\/Przasnysz_3_Maja_20_okno_elew_front_Zbigniew_Michalczyk-300x373.jpg 300w, http:\/\/lapidarium.fundacja-hereditas.pl\/wp-content\/uploads\/2022\/09\/Przasnysz_3_Maja_20_okno_elew_front_Zbigniew_Michalczyk-696x865.jpg 696w, http:\/\/lapidarium.fundacja-hereditas.pl\/wp-content\/uploads\/2022\/09\/Przasnysz_3_Maja_20_okno_elew_front_Zbigniew_Michalczyk-1068x1327.jpg 1068w, http:\/\/lapidarium.fundacja-hereditas.pl\/wp-content\/uploads\/2022\/09\/Przasnysz_3_Maja_20_okno_elew_front_Zbigniew_Michalczyk-1920x2386.jpg 1920w\" sizes=\"auto, (max-width: 2060px) 100vw, 2060px\" \/><\/a><figcaption>Elewacja po\u0142udniowa. Okno parteru. Prawa cz\u0119\u015b\u0107 wschodniego ryzalitu. Fot. Zbigniew Michalczyk 2022 r., \u017ar\u00f3d\u0142o: Res in Ornamento II.<\/figcaption><\/figure>\n\n\n\n<figure class=\"wp-block-image size-large\"><a href=\"http:\/\/lapidarium.fundacja-hereditas.pl\/wp-content\/uploads\/2022\/09\/Przasnysz_3_Maja_20_okno_elew_front_Zbigniew_Michalczyk_a.jpg\"><img loading=\"lazy\" decoding=\"async\" width=\"1328\" height=\"1408\" data-id=\"10148\" src=\"http:\/\/lapidarium.fundacja-hereditas.pl\/wp-content\/uploads\/2022\/09\/Przasnysz_3_Maja_20_okno_elew_front_Zbigniew_Michalczyk_a.jpg\" alt=\"Elewacja po\u0142udniowa. G\u0142owica pilastra naro\u017cnego - prawa cz\u0119\u015b\u0107 wschodniego ryzalitu. Fot. Zbigniew Michalczyk 2022 r., \u017ar\u00f3d\u0142o: Res in Ornamento II.\" class=\"wp-image-10148\" srcset=\"http:\/\/lapidarium.fundacja-hereditas.pl\/wp-content\/uploads\/2022\/09\/Przasnysz_3_Maja_20_okno_elew_front_Zbigniew_Michalczyk_a.jpg 1328w, http:\/\/lapidarium.fundacja-hereditas.pl\/wp-content\/uploads\/2022\/09\/Przasnysz_3_Maja_20_okno_elew_front_Zbigniew_Michalczyk_a-283x300.jpg 283w, http:\/\/lapidarium.fundacja-hereditas.pl\/wp-content\/uploads\/2022\/09\/Przasnysz_3_Maja_20_okno_elew_front_Zbigniew_Michalczyk_a-966x1024.jpg 966w, http:\/\/lapidarium.fundacja-hereditas.pl\/wp-content\/uploads\/2022\/09\/Przasnysz_3_Maja_20_okno_elew_front_Zbigniew_Michalczyk_a-768x814.jpg 768w, http:\/\/lapidarium.fundacja-hereditas.pl\/wp-content\/uploads\/2022\/09\/Przasnysz_3_Maja_20_okno_elew_front_Zbigniew_Michalczyk_a-150x159.jpg 150w, http:\/\/lapidarium.fundacja-hereditas.pl\/wp-content\/uploads\/2022\/09\/Przasnysz_3_Maja_20_okno_elew_front_Zbigniew_Michalczyk_a-300x318.jpg 300w, http:\/\/lapidarium.fundacja-hereditas.pl\/wp-content\/uploads\/2022\/09\/Przasnysz_3_Maja_20_okno_elew_front_Zbigniew_Michalczyk_a-696x738.jpg 696w, http:\/\/lapidarium.fundacja-hereditas.pl\/wp-content\/uploads\/2022\/09\/Przasnysz_3_Maja_20_okno_elew_front_Zbigniew_Michalczyk_a-1068x1132.jpg 1068w\" sizes=\"auto, (max-width: 1328px) 100vw, 1328px\" \/><\/a><figcaption>Elewacja po\u0142udniowa. G\u0142owica pilastra naro\u017cnego &#8211; prawa cz\u0119\u015b\u0107 wschodniego ryzalitu. Fot. Zbigniew Michalczyk 2022 r., \u017ar\u00f3d\u0142o: Res in Ornamento II.<\/figcaption><\/figure>\n\n\n\n<figure class=\"wp-block-image size-large\"><a href=\"http:\/\/lapidarium.fundacja-hereditas.pl\/wp-content\/uploads\/2022\/09\/Przasnysz_3_Maja_20_widok_ogolny_Zbigniew_Michalczyk_aaaa.jpg\"><img loading=\"lazy\" decoding=\"async\" width=\"705\" height=\"1080\" data-id=\"10158\" src=\"http:\/\/lapidarium.fundacja-hereditas.pl\/wp-content\/uploads\/2022\/09\/Przasnysz_3_Maja_20_widok_ogolny_Zbigniew_Michalczyk_aaaa.jpg\" alt=\"Elewacja po\u0142udniowa. Wej\u015bcie. Fot. Zbigniew Michalczyk 2022 r., \u017ar\u00f3d\u0142o: Res in Ornamento II.\" class=\"wp-image-10158\" srcset=\"http:\/\/lapidarium.fundacja-hereditas.pl\/wp-content\/uploads\/2022\/09\/Przasnysz_3_Maja_20_widok_ogolny_Zbigniew_Michalczyk_aaaa.jpg 705w, http:\/\/lapidarium.fundacja-hereditas.pl\/wp-content\/uploads\/2022\/09\/Przasnysz_3_Maja_20_widok_ogolny_Zbigniew_Michalczyk_aaaa-196x300.jpg 196w, http:\/\/lapidarium.fundacja-hereditas.pl\/wp-content\/uploads\/2022\/09\/Przasnysz_3_Maja_20_widok_ogolny_Zbigniew_Michalczyk_aaaa-668x1024.jpg 668w, http:\/\/lapidarium.fundacja-hereditas.pl\/wp-content\/uploads\/2022\/09\/Przasnysz_3_Maja_20_widok_ogolny_Zbigniew_Michalczyk_aaaa-150x230.jpg 150w, http:\/\/lapidarium.fundacja-hereditas.pl\/wp-content\/uploads\/2022\/09\/Przasnysz_3_Maja_20_widok_ogolny_Zbigniew_Michalczyk_aaaa-300x460.jpg 300w, http:\/\/lapidarium.fundacja-hereditas.pl\/wp-content\/uploads\/2022\/09\/Przasnysz_3_Maja_20_widok_ogolny_Zbigniew_Michalczyk_aaaa-696x1066.jpg 696w\" sizes=\"auto, (max-width: 705px) 100vw, 705px\" \/><\/a><figcaption>Elewacja po\u0142udniowa. Wej\u015bcie. Fot. Zbigniew Michalczyk 2022 r., \u017ar\u00f3d\u0142o: Res in Ornamento II.<\/figcaption><\/figure>\n\n\n\n<figure class=\"wp-block-image size-large\"><a href=\"http:\/\/lapidarium.fundacja-hereditas.pl\/wp-content\/uploads\/2022\/09\/Przasnysz_3_Maja_20_okno_elew_front_zblizenie_Zbigniew_Michalczyk-scaled.jpg\"><img loading=\"lazy\" decoding=\"async\" width=\"1971\" height=\"2560\" data-id=\"10149\" src=\"http:\/\/lapidarium.fundacja-hereditas.pl\/wp-content\/uploads\/2022\/09\/Przasnysz_3_Maja_20_okno_elew_front_zblizenie_Zbigniew_Michalczyk-scaled.jpg\" alt=\"Elewacja po\u0142udniowa. Okno parteru, pilasty, zwornik. Fot. Zbigniew Michalczyk 2022 r., \u017ar\u00f3d\u0142o: Res in Ornamento II.\" class=\"wp-image-10149\" srcset=\"http:\/\/lapidarium.fundacja-hereditas.pl\/wp-content\/uploads\/2022\/09\/Przasnysz_3_Maja_20_okno_elew_front_zblizenie_Zbigniew_Michalczyk-scaled.jpg 1971w, http:\/\/lapidarium.fundacja-hereditas.pl\/wp-content\/uploads\/2022\/09\/Przasnysz_3_Maja_20_okno_elew_front_zblizenie_Zbigniew_Michalczyk-231x300.jpg 231w, http:\/\/lapidarium.fundacja-hereditas.pl\/wp-content\/uploads\/2022\/09\/Przasnysz_3_Maja_20_okno_elew_front_zblizenie_Zbigniew_Michalczyk-788x1024.jpg 788w, http:\/\/lapidarium.fundacja-hereditas.pl\/wp-content\/uploads\/2022\/09\/Przasnysz_3_Maja_20_okno_elew_front_zblizenie_Zbigniew_Michalczyk-768x997.jpg 768w, http:\/\/lapidarium.fundacja-hereditas.pl\/wp-content\/uploads\/2022\/09\/Przasnysz_3_Maja_20_okno_elew_front_zblizenie_Zbigniew_Michalczyk-1183x1536.jpg 1183w, http:\/\/lapidarium.fundacja-hereditas.pl\/wp-content\/uploads\/2022\/09\/Przasnysz_3_Maja_20_okno_elew_front_zblizenie_Zbigniew_Michalczyk-1577x2048.jpg 1577w, http:\/\/lapidarium.fundacja-hereditas.pl\/wp-content\/uploads\/2022\/09\/Przasnysz_3_Maja_20_okno_elew_front_zblizenie_Zbigniew_Michalczyk-150x195.jpg 150w, http:\/\/lapidarium.fundacja-hereditas.pl\/wp-content\/uploads\/2022\/09\/Przasnysz_3_Maja_20_okno_elew_front_zblizenie_Zbigniew_Michalczyk-300x390.jpg 300w, http:\/\/lapidarium.fundacja-hereditas.pl\/wp-content\/uploads\/2022\/09\/Przasnysz_3_Maja_20_okno_elew_front_zblizenie_Zbigniew_Michalczyk-696x904.jpg 696w, http:\/\/lapidarium.fundacja-hereditas.pl\/wp-content\/uploads\/2022\/09\/Przasnysz_3_Maja_20_okno_elew_front_zblizenie_Zbigniew_Michalczyk-1068x1387.jpg 1068w, http:\/\/lapidarium.fundacja-hereditas.pl\/wp-content\/uploads\/2022\/09\/Przasnysz_3_Maja_20_okno_elew_front_zblizenie_Zbigniew_Michalczyk-1920x2494.jpg 1920w\" sizes=\"auto, (max-width: 1971px) 100vw, 1971px\" \/><\/a><figcaption>Elewacja po\u0142udniowa. Okno parteru, pilasty, zwornik. Fot. Zbigniew Michalczyk 2022 r., \u017ar\u00f3d\u0142o: Res in Ornamento II.<\/figcaption><\/figure>\n\n\n\n<figure class=\"wp-block-image size-large\"><a href=\"http:\/\/lapidarium.fundacja-hereditas.pl\/wp-content\/uploads\/2022\/09\/Przasnysz_3_Maja_20_widok_ogolny_Zbigniew_Michalczyk_aaa.jpg\"><img loading=\"lazy\" decoding=\"async\" width=\"414\" height=\"220\" data-id=\"10157\" src=\"http:\/\/lapidarium.fundacja-hereditas.pl\/wp-content\/uploads\/2022\/09\/Przasnysz_3_Maja_20_widok_ogolny_Zbigniew_Michalczyk_aaa.jpg\" alt=\"Elewacja po\u0142udniowa. Parapet. Fot. Zbigniew Michalczyk 2022 r., \u017ar\u00f3d\u0142o: Res in Ornamento II.\" class=\"wp-image-10157\" srcset=\"http:\/\/lapidarium.fundacja-hereditas.pl\/wp-content\/uploads\/2022\/09\/Przasnysz_3_Maja_20_widok_ogolny_Zbigniew_Michalczyk_aaa.jpg 414w, http:\/\/lapidarium.fundacja-hereditas.pl\/wp-content\/uploads\/2022\/09\/Przasnysz_3_Maja_20_widok_ogolny_Zbigniew_Michalczyk_aaa-300x159.jpg 300w, http:\/\/lapidarium.fundacja-hereditas.pl\/wp-content\/uploads\/2022\/09\/Przasnysz_3_Maja_20_widok_ogolny_Zbigniew_Michalczyk_aaa-150x80.jpg 150w\" sizes=\"auto, (max-width: 414px) 100vw, 414px\" \/><\/a><figcaption>Elewacja po\u0142udniowa. Parapet. Fot. Zbigniew Michalczyk 2022 r., \u017ar\u00f3d\u0142o: Res in Ornamento II.<\/figcaption><\/figure>\n\n\n\n<figure class=\"wp-block-image size-large\"><a href=\"http:\/\/lapidarium.fundacja-hereditas.pl\/wp-content\/uploads\/2022\/09\/Przasnysz_3_Maja_20_widok_ogolny_Zbigniew_Michalczyk_aa.jpg\"><img loading=\"lazy\" decoding=\"async\" width=\"453\" height=\"523\" data-id=\"10156\" src=\"http:\/\/lapidarium.fundacja-hereditas.pl\/wp-content\/uploads\/2022\/09\/Przasnysz_3_Maja_20_widok_ogolny_Zbigniew_Michalczyk_aa.jpg\" alt=\"Elewacja po\u0142udniowa. Podmur\u00f3wka i podstawa pilastra. Fot. Zbigniew Michalczyk 2022 r., \u017ar\u00f3d\u0142o: Res in Ornamento II.\" class=\"wp-image-10156\" srcset=\"http:\/\/lapidarium.fundacja-hereditas.pl\/wp-content\/uploads\/2022\/09\/Przasnysz_3_Maja_20_widok_ogolny_Zbigniew_Michalczyk_aa.jpg 453w, http:\/\/lapidarium.fundacja-hereditas.pl\/wp-content\/uploads\/2022\/09\/Przasnysz_3_Maja_20_widok_ogolny_Zbigniew_Michalczyk_aa-260x300.jpg 260w, http:\/\/lapidarium.fundacja-hereditas.pl\/wp-content\/uploads\/2022\/09\/Przasnysz_3_Maja_20_widok_ogolny_Zbigniew_Michalczyk_aa-150x173.jpg 150w, http:\/\/lapidarium.fundacja-hereditas.pl\/wp-content\/uploads\/2022\/09\/Przasnysz_3_Maja_20_widok_ogolny_Zbigniew_Michalczyk_aa-300x346.jpg 300w\" sizes=\"auto, (max-width: 453px) 100vw, 453px\" \/><\/a><figcaption>Elewacja po\u0142udniowa. Podmur\u00f3wka i podstawa pilastra. Fot. Zbigniew Michalczyk 2022 r., \u017ar\u00f3d\u0142o: Res in Ornamento II.<\/figcaption><\/figure>\n\n\n\n<figure class=\"wp-block-image size-large\"><a href=\"http:\/\/lapidarium.fundacja-hereditas.pl\/wp-content\/uploads\/2022\/09\/Przasnysz_3_Maja_20_widok_ogolny_Zbigniew_Michalczyk_a.jpg\"><img loading=\"lazy\" decoding=\"async\" width=\"431\" height=\"1471\" data-id=\"10155\" src=\"http:\/\/lapidarium.fundacja-hereditas.pl\/wp-content\/uploads\/2022\/09\/Przasnysz_3_Maja_20_widok_ogolny_Zbigniew_Michalczyk_a.jpg\" alt=\"Elewacja po\u0142udniowa. Pilaster. Fot. Zbigniew Michalczyk 2022 r., \u017ar\u00f3d\u0142o: Res in Ornamento II.\" class=\"wp-image-10155\" srcset=\"http:\/\/lapidarium.fundacja-hereditas.pl\/wp-content\/uploads\/2022\/09\/Przasnysz_3_Maja_20_widok_ogolny_Zbigniew_Michalczyk_a.jpg 431w, http:\/\/lapidarium.fundacja-hereditas.pl\/wp-content\/uploads\/2022\/09\/Przasnysz_3_Maja_20_widok_ogolny_Zbigniew_Michalczyk_a-88x300.jpg 88w, http:\/\/lapidarium.fundacja-hereditas.pl\/wp-content\/uploads\/2022\/09\/Przasnysz_3_Maja_20_widok_ogolny_Zbigniew_Michalczyk_a-300x1024.jpg 300w, http:\/\/lapidarium.fundacja-hereditas.pl\/wp-content\/uploads\/2022\/09\/Przasnysz_3_Maja_20_widok_ogolny_Zbigniew_Michalczyk_a-150x512.jpg 150w\" sizes=\"auto, (max-width: 431px) 100vw, 431px\" \/><\/a><figcaption>Elewacja po\u0142udniowa. Pilaster. Fot. Zbigniew Michalczyk 2022 r., \u017ar\u00f3d\u0142o: Res in Ornamento II.<\/figcaption><\/figure>\n<\/figure>\n","protected":false},"excerpt":{"rendered":"<p>ul. 3-go Maja 20 &#8211; Parterowa kamienica z czerwonej nietynkowanej ceg\u0142y klinkierowej. Budynki tego typu zwyk\u0142o okre\u015bla\u0107 si\u0119 mianem architektury koszarowej. Dodatkowe zdj\u0119cia obiekt\u00f3w udost\u0119pniamy na \u017cyczenie. Osoby zainteresowane prosimy o kontakt z Fundacj\u0105 Hereditas.<\/p>\n","protected":false},"author":6,"featured_media":10154,"comment_status":"open","ping_status":"open","sticky":false,"template":"","format":"standard","meta":{"footnotes":""},"categories":[154,152],"tags":[],"class_list":{"0":"post-10196","1":"post","2":"type-post","3":"status-publish","4":"format-standard","5":"has-post-thumbnail","7":"category-3-maja-przasnysz","8":"category-przasnysz"},"_links":{"self":[{"href":"http:\/\/lapidarium.fundacja-hereditas.pl\/index.php\/wp-json\/wp\/v2\/posts\/10196","targetHints":{"allow":["GET"]}}],"collection":[{"href":"http:\/\/lapidarium.fundacja-hereditas.pl\/index.php\/wp-json\/wp\/v2\/posts"}],"about":[{"href":"http:\/\/lapidarium.fundacja-hereditas.pl\/index.php\/wp-json\/wp\/v2\/types\/post"}],"author":[{"embeddable":true,"href":"http:\/\/lapidarium.fundacja-hereditas.pl\/index.php\/wp-json\/wp\/v2\/users\/6"}],"replies":[{"embeddable":true,"href":"http:\/\/lapidarium.fundacja-hereditas.pl\/index.php\/wp-json\/wp\/v2\/comments?post=10196"}],"version-history":[{"count":5,"href":"http:\/\/lapidarium.fundacja-hereditas.pl\/index.php\/wp-json\/wp\/v2\/posts\/10196\/revisions"}],"predecessor-version":[{"id":10202,"href":"http:\/\/lapidarium.fundacja-hereditas.pl\/index.php\/wp-json\/wp\/v2\/posts\/10196\/revisions\/10202"}],"wp:featuredmedia":[{"embeddable":true,"href":"http:\/\/lapidarium.fundacja-hereditas.pl\/index.php\/wp-json\/wp\/v2\/media\/10154"}],"wp:attachment":[{"href":"http:\/\/lapidarium.fundacja-hereditas.pl\/index.php\/wp-json\/wp\/v2\/media?parent=10196"}],"wp:term":[{"taxonomy":"category","embeddable":true,"href":"http:\/\/lapidarium.fundacja-hereditas.pl\/index.php\/wp-json\/wp\/v2\/categories?post=10196"},{"taxonomy":"post_tag","embeddable":true,"href":"http:\/\/lapidarium.fundacja-hereditas.pl\/index.php\/wp-json\/wp\/v2\/tags?post=10196"}],"curies":[{"name":"wp","href":"https:\/\/api.w.org\/{rel}","templated":true}]}}